{"id":9997,"date":"2020-11-10T15:50:18","date_gmt":"2020-11-10T14:50:18","guid":{"rendered":"https:\/\/www.naturparkmagazin.de\/stechlin\/?p=9997"},"modified":"2020-11-20T16:39:13","modified_gmt":"2020-11-20T15:39:13","slug":"pflanzaktion-mit-gemeinsam-e-v-in-grosswoltersdorf","status":"publish","type":"post","link":"https:\/\/www.naturparkmagazin.de\/stechlin\/pflanzaktion-mit-gemeinsam-e-v-in-grosswoltersdorf\/","title":{"rendered":"Pflanzaktion mit Gemeinsam e.V. in Gro\u00dfwoltersdorf"},"content":{"rendered":"<p>Unter strenger Einhaltung der Corona-Regeln pflanzten am\u00a08. November\u00a020 Mitglieder des Vereins Gemeinsam e.V. am Dollgower Damm in Gro\u00dfwoltersdorf 15 Apfelhochst\u00e4mme. Die B\u00e4ume wurden aus dem Genressourcenprojekt des Naturparks Stechlin-Ruppiner Land zum Erhalt alter Sorten im Rahmen der landesweiten \u201eAktion Einheitsbuddeln\u201c bereit gestellt.<\/p>\n<p>Die fachliche Anleitung und Materialbereitstellung erfolgte durch den Landschaftspflegeverein Norduckerm\u00e4rkische Seenlandschaft e.V.<\/p>\n<div id=\"attachment_10015\" style=\"width: 310px\" class=\"wp-caption aligncenter\"><a href=\"https:\/\/www.naturparkmagazin.de\/stechlin\/wp-content\/uploads\/sites\/38\/fachliche-anleitung.jpg\"><img aria-describedby=\"caption-attachment-10015\" decoding=\"async\" loading=\"lazy\" class=\"size-thumbnail wp-image-10015\" src=\"https:\/\/www.naturparkmagazin.de\/stechlin\/wp-content\/uploads\/sites\/38\/fachliche-anleitung-300x180.jpg\" alt=\"Die Kollegen vom Landschaftspflegeverband unterst\u00fctzten die Aktion mit Material und fachlicher Anleitung.\" width=\"300\" height=\"180\" srcset=\"https:\/\/www.naturparkmagazin.de\/stechlin\/wp-content\/uploads\/sites\/38\/fachliche-anleitung-300x180.jpg 300w, https:\/\/www.naturparkmagazin.de\/stechlin\/wp-content\/uploads\/sites\/38\/fachliche-anleitung.jpg 500w, https:\/\/www.naturparkmagazin.de\/stechlin\/wp-content\/uploads\/sites\/38\/fachliche-anleitung-200x120.jpg 200w\" sizes=\"(max-width: 300px) 100vw, 300px\" \/><\/a><p id=\"caption-attachment-10015\" class=\"wp-caption-text\">Die Kollegen vom Landschaftspflegeverband unterst\u00fctzten die Aktion mit Material und fachlicher Anleitung.<\/p><\/div>\n<p>Urspr\u00fcnglich wollte der Verein Gemeinsam e.V. die Pflanzaktion mit dem Feiern des j\u00fcdischen Neujahrsfestes der B\u00e4ume \u201cTu Bischwat\u201c verbinden. Doch corona-bedingt durfte nur die Pflanzaktion unter freiem Himmel stattfinden.<\/p>\n<div id=\"attachment_10013\" style=\"width: 310px\" class=\"wp-caption aligncenter\"><a href=\"https:\/\/www.naturparkmagazin.de\/stechlin\/wp-content\/uploads\/sites\/38\/kurt.jpg\"><img aria-describedby=\"caption-attachment-10013\" decoding=\"async\" loading=\"lazy\" class=\"size-thumbnail wp-image-10013\" src=\"https:\/\/www.naturparkmagazin.de\/stechlin\/wp-content\/uploads\/sites\/38\/kurt-300x500.jpg\" alt=\"Kurt Lehmann vom Landschaftspflegeverband demonstriert das Anbinden der B\u00e4ume.\" width=\"300\" height=\"500\" srcset=\"https:\/\/www.naturparkmagazin.de\/stechlin\/wp-content\/uploads\/sites\/38\/kurt.jpg 300w, https:\/\/www.naturparkmagazin.de\/stechlin\/wp-content\/uploads\/sites\/38\/kurt-200x333.jpg 200w\" sizes=\"(max-width: 300px) 100vw, 300px\" \/><\/a><p id=\"caption-attachment-10013\" class=\"wp-caption-text\">Kurt Lehmann vom Landschaftspflegeverband demonstriert das Anbinden der B\u00e4ume.<\/p><\/div>\n<p>Bereits im Sommer war Herbert Brauer auf den Naturpark zugegangen mit der Idee zum 30. Jahrestag der Deutschen Einheit mit einer Pflanzaktion etwas Bleibendes zu schaffen. Gemeinsam wurde der Standort gesucht, die Zustimmung der Gemeinde eingeholt und die Aktion vorbereitet.<\/p>\n<div id=\"attachment_10014\" style=\"width: 310px\" class=\"wp-caption aligncenter\"><a href=\"https:\/\/www.naturparkmagazin.de\/stechlin\/wp-content\/uploads\/sites\/38\/drei-eichenpf\u00e4hle.jpg\"><img aria-describedby=\"caption-attachment-10014\" decoding=\"async\" loading=\"lazy\" class=\"size-thumbnail wp-image-10014\" src=\"https:\/\/www.naturparkmagazin.de\/stechlin\/wp-content\/uploads\/sites\/38\/drei-eichenpf\u00e4hle-300x180.jpg\" alt=\"Drei Eichenpf\u00e4hle sorgen f\u00fcr den n\u00f6tigen Halt der jungen B\u00e4ume.\" width=\"300\" height=\"180\" srcset=\"https:\/\/www.naturparkmagazin.de\/stechlin\/wp-content\/uploads\/sites\/38\/drei-eichenpf\u00e4hle-300x180.jpg 300w, https:\/\/www.naturparkmagazin.de\/stechlin\/wp-content\/uploads\/sites\/38\/drei-eichenpf\u00e4hle.jpg 500w, https:\/\/www.naturparkmagazin.de\/stechlin\/wp-content\/uploads\/sites\/38\/drei-eichenpf\u00e4hle-200x120.jpg 200w\" sizes=\"(max-width: 300px) 100vw, 300px\" \/><\/a><p id=\"caption-attachment-10014\" class=\"wp-caption-text\">Drei Eichenpf\u00e4hle sorgen f\u00fcr den n\u00f6tigen Halt der jungen B\u00e4ume.<\/p><\/div>\n<p>Der Verein Gemeinsam e.V. wird in den n\u00e4chsten drei Jahren die Anwachspflege \u00fcbernehmen und sich zuk\u00fcnftig um die B\u00e4ume k\u00fcmmern.<\/p>\n<p>&nbsp;<\/p>\n<p><u>J\u00fcdische Allgemeine vom 11. November 2020:<\/u><\/p>\n<p>\u201e<em>Tu Bischwat ist der 15. Schewat und bezeichnet das \u00bbNeujahrsfest der B\u00e4ume\u00ab. Der nichtbiblische Feiertag markiert das Ende der Regenzeit und den Beginn der idealen Pflanzperiode in Israel. Er ist ma\u00dfgeblich f\u00fcr die Altersbestimmung eines Baumes und gr\u00fcndet auf der Vorschrift, dessen Fr\u00fcchte nicht zu fr\u00fch zu verzehren. Mit dem Tag verbinden sich unterschiedliche Br\u00e4uche. Zu den Mahlzeiten serviert man Fr\u00fcchte, die bis zu diesem Fest w\u00e4hrend des Jahres noch nicht gegessen wurden, vorzugsweise die \u00bbsieben Arten\u00ab, mit denen das Land gesegnet ist: Rosinen (Weintrauben), N\u00fcsse, Feigen, Datteln, Oliven, Granat\u00e4pfel und Getreide. Inzwischen ist Tu Bischwat vor allem ein nationaler Feiertag, an dem die Verbindung mit dem j\u00fcdischen Staat gefeiert wird und der der Besch\u00e4ftigung mit Umweltschutz und nachhaltigem Wirtschaften gewidmet sein soll. In Israel pflanzen Schulkinder, Jugendliche und Erwachsene Setzlinge im ganzen Land. Ebenso wird zu Spenden f\u00fcr Aufforstungsprojekte aufgerufen<\/em>.\u201c<\/p>\n","protected":false},"excerpt":{"rendered":"<p>Unter strenger Einhaltung der Corona-Regeln pflanzten am 8. November 20 Mitglieder des Vereins Gemeinsam e.V. am Dollgower Damm in Gro\u00dfwoltersdorf 15 Apfelhochst\u00e4mme. <\/p>\n","protected":false},"author":39,"featured_media":10016,"comment_status":"open","ping_status":"open","sticky":false,"template":"","format":"standard","meta":[],"categories":[7],"tags":[],"yoast_head":"<!-- This site is optimized with the Yoast SEO plugin v19.10 - https:\/\/yoast.com\/wordpress\/plugins\/seo\/ -->\n<title>Pflanzaktion mit Gemeinsam e.V. in Gro\u00dfwoltersdorf - Naturpark Stechlin-Ruppiner Land<\/title>\n<meta name=\"robots\" content=\"index, follow, max-snippet:-1, max-image-preview:large, max-video-preview:-1\" \/>\n<link rel=\"canonical\" href=\"https:\/\/www.naturparkmagazin.de\/stechlin\/pflanzaktion-mit-gemeinsam-e-v-in-grosswoltersdorf\/\" \/>\n<meta property=\"og:locale\" content=\"de_DE\" \/>\n<meta property=\"og:type\" content=\"article\" \/>\n<meta property=\"og:title\" content=\"Pflanzaktion mit Gemeinsam e.V. in Gro\u00dfwoltersdorf - Naturpark Stechlin-Ruppiner Land\" \/>\n<meta property=\"og:description\" content=\"Unter strenger Einhaltung der Corona-Regeln pflanzten am 8. November 20 Mitglieder des Vereins Gemeinsam e.V. am Dollgower Damm in Gro\u00dfwoltersdorf 15 Apfelhochst\u00e4mme.\" \/>\n<meta property=\"og:url\" content=\"https:\/\/www.naturparkmagazin.de\/stechlin\/pflanzaktion-mit-gemeinsam-e-v-in-grosswoltersdorf\/\" \/>\n<meta property=\"og:site_name\" content=\"Naturpark Stechlin-Ruppiner Land\" \/>\n<meta property=\"article:published_time\" content=\"2020-11-10T14:50:18+00:00\" \/>\n<meta property=\"article:modified_time\" content=\"2020-11-20T15:39:13+00:00\" \/>\n<meta property=\"og:image\" content=\"https:\/\/www.naturparkmagazin.de\/stechlin\/wp-content\/uploads\/sites\/38\/aufmacher3.jpg\" \/>\n\t<meta property=\"og:image:width\" content=\"200\" \/>\n\t<meta property=\"og:image:height\" content=\"200\" \/>\n\t<meta property=\"og:image:type\" content=\"image\/jpeg\" \/>\n<meta name=\"author\" content=\"marioschrumpf\" \/>\n<meta name=\"twitter:label1\" content=\"Verfasst von\" \/>\n\t<meta name=\"twitter:data1\" content=\"marioschrumpf\" \/>\n\t<meta name=\"twitter:label2\" content=\"Gesch\u00e4tzte Lesezeit\" \/>\n\t<meta name=\"twitter:data2\" content=\"2\u00a0Minuten\" \/>\n<script type=\"application\/ld+json\" class=\"yoast-schema-graph\">{\"@context\":\"https:\/\/schema.org\",\"@graph\":[{\"@type\":\"WebPage\",\"@id\":\"https:\/\/www.naturparkmagazin.de\/stechlin\/pflanzaktion-mit-gemeinsam-e-v-in-grosswoltersdorf\/\",\"url\":\"https:\/\/www.naturparkmagazin.de\/stechlin\/pflanzaktion-mit-gemeinsam-e-v-in-grosswoltersdorf\/\",\"name\":\"Pflanzaktion mit Gemeinsam e.V. in Gro\u00dfwoltersdorf - Naturpark Stechlin-Ruppiner Land\",\"isPartOf\":{\"@id\":\"https:\/\/www.naturparkmagazin.de\/stechlin\/#website\"},\"datePublished\":\"2020-11-10T14:50:18+00:00\",\"dateModified\":\"2020-11-20T15:39:13+00:00\",\"author\":{\"@id\":\"https:\/\/www.naturparkmagazin.de\/stechlin\/#\/schema\/person\/3f0d93203df21c806dd63c76d9bb28bc\"},\"breadcrumb\":{\"@id\":\"https:\/\/www.naturparkmagazin.de\/stechlin\/pflanzaktion-mit-gemeinsam-e-v-in-grosswoltersdorf\/#breadcrumb\"},\"inLanguage\":\"de\",\"potentialAction\":[{\"@type\":\"ReadAction\",\"target\":[\"https:\/\/www.naturparkmagazin.de\/stechlin\/pflanzaktion-mit-gemeinsam-e-v-in-grosswoltersdorf\/\"]}]},{\"@type\":\"BreadcrumbList\",\"@id\":\"https:\/\/www.naturparkmagazin.de\/stechlin\/pflanzaktion-mit-gemeinsam-e-v-in-grosswoltersdorf\/#breadcrumb\",\"itemListElement\":[{\"@type\":\"ListItem\",\"position\":1,\"name\":\"Home\",\"item\":\"https:\/\/www.naturparkmagazin.de\/stechlin\/\"},{\"@type\":\"ListItem\",\"position\":2,\"name\":\"Pflanzaktion mit Gemeinsam e.V. in Gro\u00dfwoltersdorf\"}]},{\"@type\":\"WebSite\",\"@id\":\"https:\/\/www.naturparkmagazin.de\/stechlin\/#website\",\"url\":\"https:\/\/www.naturparkmagazin.de\/stechlin\/\",\"name\":\"Naturpark Stechlin-Ruppiner Land\",\"description\":\"\",\"potentialAction\":[{\"@type\":\"SearchAction\",\"target\":{\"@type\":\"EntryPoint\",\"urlTemplate\":\"https:\/\/www.naturparkmagazin.de\/stechlin\/?s={search_term_string}\"},\"query-input\":\"required name=search_term_string\"}],\"inLanguage\":\"de\"},{\"@type\":\"Person\",\"@id\":\"https:\/\/www.naturparkmagazin.de\/stechlin\/#\/schema\/person\/3f0d93203df21c806dd63c76d9bb28bc\",\"name\":\"marioschrumpf\",\"url\":\"https:\/\/www.naturparkmagazin.de\/stechlin\/author\/marioschrumpf\/\"}]}<\/script>\n<!-- \/ Yoast SEO plugin. -->","yoast_head_json":{"title":"Pflanzaktion mit Gemeinsam e.V. in Gro\u00dfwoltersdorf - Naturpark Stechlin-Ruppiner Land","robots":{"index":"index","follow":"follow","max-snippet":"max-snippet:-1","max-image-preview":"max-image-preview:large","max-video-preview":"max-video-preview:-1"},"canonical":"https:\/\/www.naturparkmagazin.de\/stechlin\/pflanzaktion-mit-gemeinsam-e-v-in-grosswoltersdorf\/","og_locale":"de_DE","og_type":"article","og_title":"Pflanzaktion mit Gemeinsam e.V. in Gro\u00dfwoltersdorf - Naturpark Stechlin-Ruppiner Land","og_description":"Unter strenger Einhaltung der Corona-Regeln pflanzten am 8. November 20 Mitglieder des Vereins Gemeinsam e.V. am Dollgower Damm in Gro\u00dfwoltersdorf 15 Apfelhochst\u00e4mme.","og_url":"https:\/\/www.naturparkmagazin.de\/stechlin\/pflanzaktion-mit-gemeinsam-e-v-in-grosswoltersdorf\/","og_site_name":"Naturpark Stechlin-Ruppiner Land","article_published_time":"2020-11-10T14:50:18+00:00","article_modified_time":"2020-11-20T15:39:13+00:00","og_image":[{"width":200,"height":200,"url":"https:\/\/www.naturparkmagazin.de\/stechlin\/wp-content\/uploads\/sites\/38\/aufmacher3.jpg","type":"image\/jpeg"}],"author":"marioschrumpf","twitter_misc":{"Verfasst von":"marioschrumpf","Gesch\u00e4tzte Lesezeit":"2\u00a0Minuten"},"schema":{"@context":"https:\/\/schema.org","@graph":[{"@type":"WebPage","@id":"https:\/\/www.naturparkmagazin.de\/stechlin\/pflanzaktion-mit-gemeinsam-e-v-in-grosswoltersdorf\/","url":"https:\/\/www.naturparkmagazin.de\/stechlin\/pflanzaktion-mit-gemeinsam-e-v-in-grosswoltersdorf\/","name":"Pflanzaktion mit Gemeinsam e.V. in Gro\u00dfwoltersdorf - Naturpark Stechlin-Ruppiner Land","isPartOf":{"@id":"https:\/\/www.naturparkmagazin.de\/stechlin\/#website"},"datePublished":"2020-11-10T14:50:18+00:00","dateModified":"2020-11-20T15:39:13+00:00","author":{"@id":"https:\/\/www.naturparkmagazin.de\/stechlin\/#\/schema\/person\/3f0d93203df21c806dd63c76d9bb28bc"},"breadcrumb":{"@id":"https:\/\/www.naturparkmagazin.de\/stechlin\/pflanzaktion-mit-gemeinsam-e-v-in-grosswoltersdorf\/#breadcrumb"},"inLanguage":"de","potentialAction":[{"@type":"ReadAction","target":["https:\/\/www.naturparkmagazin.de\/stechlin\/pflanzaktion-mit-gemeinsam-e-v-in-grosswoltersdorf\/"]}]},{"@type":"BreadcrumbList","@id":"https:\/\/www.naturparkmagazin.de\/stechlin\/pflanzaktion-mit-gemeinsam-e-v-in-grosswoltersdorf\/#breadcrumb","itemListElement":[{"@type":"ListItem","position":1,"name":"Home","item":"https:\/\/www.naturparkmagazin.de\/stechlin\/"},{"@type":"ListItem","position":2,"name":"Pflanzaktion mit Gemeinsam e.V. in Gro\u00dfwoltersdorf"}]},{"@type":"WebSite","@id":"https:\/\/www.naturparkmagazin.de\/stechlin\/#website","url":"https:\/\/www.naturparkmagazin.de\/stechlin\/","name":"Naturpark Stechlin-Ruppiner Land","description":"","potentialAction":[{"@type":"SearchAction","target":{"@type":"EntryPoint","urlTemplate":"https:\/\/www.naturparkmagazin.de\/stechlin\/?s={search_term_string}"},"query-input":"required name=search_term_string"}],"inLanguage":"de"},{"@type":"Person","@id":"https:\/\/www.naturparkmagazin.de\/stechlin\/#\/schema\/person\/3f0d93203df21c806dd63c76d9bb28bc","name":"marioschrumpf","url":"https:\/\/www.naturparkmagazin.de\/stechlin\/author\/marioschrumpf\/"}]}},"_links":{"self":[{"href":"https:\/\/www.naturparkmagazin.de\/stechlin\/wp-json\/wp\/v2\/posts\/9997"}],"collection":[{"href":"https:\/\/www.naturparkmagazin.de\/stechlin\/wp-json\/wp\/v2\/posts"}],"about":[{"href":"https:\/\/www.naturparkmagazin.de\/stechlin\/wp-json\/wp\/v2\/types\/post"}],"author":[{"embeddable":true,"href":"https:\/\/www.naturparkmagazin.de\/stechlin\/wp-json\/wp\/v2\/users\/39"}],"replies":[{"embeddable":true,"href":"https:\/\/www.naturparkmagazin.de\/stechlin\/wp-json\/wp\/v2\/comments?post=9997"}],"version-history":[{"count":2,"href":"https:\/\/www.naturparkmagazin.de\/stechlin\/wp-json\/wp\/v2\/posts\/9997\/revisions"}],"predecessor-version":[{"id":10018,"href":"https:\/\/www.naturparkmagazin.de\/stechlin\/wp-json\/wp\/v2\/posts\/9997\/revisions\/10018"}],"wp:featuredmedia":[{"embeddable":true,"href":"https:\/\/www.naturparkmagazin.de\/stechlin\/wp-json\/wp\/v2\/media\/10016"}],"wp:attachment":[{"href":"https:\/\/www.naturparkmagazin.de\/stechlin\/wp-json\/wp\/v2\/media?parent=9997"}],"wp:term":[{"taxonomy":"category","embeddable":true,"href":"https:\/\/www.naturparkmagazin.de\/stechlin\/wp-json\/wp\/v2\/categories?post=9997"},{"taxonomy":"post_tag","embeddable":true,"href":"https:\/\/www.naturparkmagazin.de\/stechlin\/wp-json\/wp\/v2\/tags?post=9997"}],"curies":[{"name":"wp","href":"https:\/\/api.w.org\/{rel}","templated":true}]}}