{"id":1002,"date":"2015-12-14T13:15:58","date_gmt":"2015-12-14T12:15:58","guid":{"rendered":"http:\/\/www.naturparkmagazin.de\/sternberger-seenland\/?p=1002"},"modified":"2015-12-21T11:17:35","modified_gmt":"2015-12-21T10:17:35","slug":"im-januar-beratungen-zur-umsetzung-der-bienenstrasse","status":"publish","type":"post","link":"https:\/\/www.naturparkmagazin.de\/sternberger-seenland\/im-januar-beratungen-zur-umsetzung-der-bienenstrasse\/","title":{"rendered":"Im Januar Beratungen zur Umsetzung der &#8222;Bienenstra\u00dfe&#8220;"},"content":{"rendered":"<p>Bereits 2014 wurde vom Institut &#8222;biota&#8220; eine Konzeption f\u00fcr eine Naturpark\u00fcbergreifende Radroute mit dem Titel &#8222;Bienenstra\u00dfe&#8220; entwickelt und Anfang 2015 der \u00d6ffentlichkeit vorgestellt. Inzwischen sind bereits einige Schritte getan und nun sollen im Januar 2016 Beratungen mit den Akteuren aus Tourismus, Wirtschaft und Kommunalpolitik stattfinden um die weitere Umsetzung zu erm\u00f6glichen. Ziel ist es, \u00fcber verschiedene F\u00f6rderm\u00f6glichkeiten Geld in die Region zu holen und das Konzept St\u00fcck f\u00fcr St\u00fcck umzusetzen. Das Projekt wurde bereits bei LEADER eingereicht und f\u00fcr diese F\u00f6rderperiode als ein Leitprojekt ausgewiesen. Dadurch er\u00f6ffnen sich viele M\u00f6glichkeiten mit allen Partnern aus der Region zusammen zu arbeiten und die &#8222;Bienenstra\u00dfe&#8220; zu etablieren.<\/p>\n<p>Die Termine f\u00fcr die Beratungen stehen noch nicht konkret fest, die Teilnehmer werden dazu per mail eingeladen.<\/p>\n<div id=\"attachment_715\" style=\"width: 310px\" class=\"wp-caption alignnone\"><a href=\"https:\/\/www.naturparkmagazin.de\/sternberger-seenland\/wp-content\/uploads\/sites\/30\/Honigbiene-9.jpg\"><img aria-describedby=\"caption-attachment-715\" decoding=\"async\" loading=\"lazy\" class=\"size-full wp-image-715\" src=\"https:\/\/www.naturparkmagazin.de\/sternberger-seenland\/wp-content\/uploads\/sites\/30\/Honigbiene-9.jpg\" alt=\"Honigbiene im Anflug auf Bl\u00fcte\" width=\"300\" height=\"500\" srcset=\"https:\/\/www.naturparkmagazin.de\/sternberger-seenland\/wp-content\/uploads\/sites\/30\/Honigbiene-9.jpg 300w, https:\/\/www.naturparkmagazin.de\/sternberger-seenland\/wp-content\/uploads\/sites\/30\/Honigbiene-9-200x333.jpg 200w\" sizes=\"(max-width: 300px) 100vw, 300px\" \/><\/a><p id=\"caption-attachment-715\" class=\"wp-caption-text\">Honigbiene im Anflug auf Bl\u00fcte<\/p><\/div>\n","protected":false},"excerpt":{"rendered":"<p>Bereits 2014 wurde vom Institut &#8222;biota&#8220; eine Konzeption f\u00fcr eine Naturpark\u00fcbergreifende Radroute mit dem Titel &#8222;Bienenstra\u00dfe&#8220; entwickelt und Anfang 2015 der \u00d6ffentlichkeit vorgestellt. <\/p>\n","protected":false},"author":27,"featured_media":1009,"comment_status":"open","ping_status":"open","sticky":false,"template":"","format":"standard","meta":[],"categories":[7],"tags":[],"yoast_head":"<!-- This site is optimized with the Yoast SEO plugin v19.10 - https:\/\/yoast.com\/wordpress\/plugins\/seo\/ -->\n<title>Im Januar Beratungen zur Umsetzung der &quot;Bienenstra\u00dfe&quot; - Naturpark Sternberger Seenland<\/title>\n<meta name=\"robots\" content=\"index, follow, max-snippet:-1, max-image-preview:large, max-video-preview:-1\" \/>\n<link rel=\"canonical\" href=\"https:\/\/www.naturparkmagazin.de\/sternberger-seenland\/im-januar-beratungen-zur-umsetzung-der-bienenstrasse\/\" \/>\n<meta property=\"og:locale\" content=\"de_DE\" \/>\n<meta property=\"og:type\" content=\"article\" \/>\n<meta property=\"og:title\" content=\"Im Januar Beratungen zur Umsetzung der &quot;Bienenstra\u00dfe&quot; - Naturpark Sternberger Seenland\" \/>\n<meta property=\"og:description\" content=\"Bereits 2014 wurde vom Institut &quot;biota&quot; eine Konzeption f\u00fcr eine Naturpark\u00fcbergreifende Radroute mit dem Titel &quot;Bienenstra\u00dfe&quot; entwickelt und Anfang 2015 der \u00d6ffentlichkeit vorgestellt.\" \/>\n<meta property=\"og:url\" content=\"https:\/\/www.naturparkmagazin.de\/sternberger-seenland\/im-januar-beratungen-zur-umsetzung-der-bienenstrasse\/\" \/>\n<meta property=\"og:site_name\" content=\"Naturpark Sternberger Seenland\" \/>\n<meta property=\"article:published_time\" content=\"2015-12-14T12:15:58+00:00\" \/>\n<meta property=\"article:modified_time\" content=\"2015-12-21T10:17:35+00:00\" \/>\n<meta property=\"og:image\" content=\"https:\/\/www.naturparkmagazin.de\/sternberger-seenland\/wp-content\/uploads\/sites\/30\/admin-ajax.php_.jpg\" \/>\n\t<meta property=\"og:image:width\" content=\"200\" \/>\n\t<meta property=\"og:image:height\" content=\"200\" \/>\n\t<meta property=\"og:image:type\" content=\"image\/jpeg\" \/>\n<meta name=\"author\" content=\"janlippke\" \/>\n<meta name=\"twitter:label1\" content=\"Verfasst von\" \/>\n\t<meta name=\"twitter:data1\" content=\"janlippke\" \/>\n\t<meta name=\"twitter:label2\" content=\"Gesch\u00e4tzte Lesezeit\" \/>\n\t<meta name=\"twitter:data2\" content=\"1\u00a0Minute\" \/>\n<script type=\"application\/ld+json\" class=\"yoast-schema-graph\">{\"@context\":\"https:\/\/schema.org\",\"@graph\":[{\"@type\":\"WebPage\",\"@id\":\"https:\/\/www.naturparkmagazin.de\/sternberger-seenland\/im-januar-beratungen-zur-umsetzung-der-bienenstrasse\/\",\"url\":\"https:\/\/www.naturparkmagazin.de\/sternberger-seenland\/im-januar-beratungen-zur-umsetzung-der-bienenstrasse\/\",\"name\":\"Im Januar Beratungen zur Umsetzung der \\\"Bienenstra\u00dfe\\\" - Naturpark Sternberger Seenland\",\"isPartOf\":{\"@id\":\"https:\/\/www.naturparkmagazin.de\/sternberger-seenland\/#website\"},\"datePublished\":\"2015-12-14T12:15:58+00:00\",\"dateModified\":\"2015-12-21T10:17:35+00:00\",\"author\":{\"@id\":\"https:\/\/www.naturparkmagazin.de\/sternberger-seenland\/#\/schema\/person\/712a5f470a8c286777fddf77babba74a\"},\"breadcrumb\":{\"@id\":\"https:\/\/www.naturparkmagazin.de\/sternberger-seenland\/im-januar-beratungen-zur-umsetzung-der-bienenstrasse\/#breadcrumb\"},\"inLanguage\":\"de\",\"potentialAction\":[{\"@type\":\"ReadAction\",\"target\":[\"https:\/\/www.naturparkmagazin.de\/sternberger-seenland\/im-januar-beratungen-zur-umsetzung-der-bienenstrasse\/\"]}]},{\"@type\":\"BreadcrumbList\",\"@id\":\"https:\/\/www.naturparkmagazin.de\/sternberger-seenland\/im-januar-beratungen-zur-umsetzung-der-bienenstrasse\/#breadcrumb\",\"itemListElement\":[{\"@type\":\"ListItem\",\"position\":1,\"name\":\"Home\",\"item\":\"https:\/\/www.naturparkmagazin.de\/sternberger-seenland\/\"},{\"@type\":\"ListItem\",\"position\":2,\"name\":\"Im Januar Beratungen zur Umsetzung der &#8222;Bienenstra\u00dfe&#8220;\"}]},{\"@type\":\"WebSite\",\"@id\":\"https:\/\/www.naturparkmagazin.de\/sternberger-seenland\/#website\",\"url\":\"https:\/\/www.naturparkmagazin.de\/sternberger-seenland\/\",\"name\":\"Naturpark Sternberger Seenland\",\"description\":\"\",\"potentialAction\":[{\"@type\":\"SearchAction\",\"target\":{\"@type\":\"EntryPoint\",\"urlTemplate\":\"https:\/\/www.naturparkmagazin.de\/sternberger-seenland\/?s={search_term_string}\"},\"query-input\":\"required name=search_term_string\"}],\"inLanguage\":\"de\"},{\"@type\":\"Person\",\"@id\":\"https:\/\/www.naturparkmagazin.de\/sternberger-seenland\/#\/schema\/person\/712a5f470a8c286777fddf77babba74a\",\"name\":\"janlippke\",\"sameAs\":[\"http:\/\/www.naturpark-sternberger-seenland.de\"],\"url\":\"https:\/\/www.naturparkmagazin.de\/sternberger-seenland\/author\/janlippke\/\"}]}<\/script>\n<!-- \/ Yoast SEO plugin. -->","yoast_head_json":{"title":"Im Januar Beratungen zur Umsetzung der \"Bienenstra\u00dfe\" - Naturpark Sternberger Seenland","robots":{"index":"index","follow":"follow","max-snippet":"max-snippet:-1","max-image-preview":"max-image-preview:large","max-video-preview":"max-video-preview:-1"},"canonical":"https:\/\/www.naturparkmagazin.de\/sternberger-seenland\/im-januar-beratungen-zur-umsetzung-der-bienenstrasse\/","og_locale":"de_DE","og_type":"article","og_title":"Im Januar Beratungen zur Umsetzung der \"Bienenstra\u00dfe\" - Naturpark Sternberger Seenland","og_description":"Bereits 2014 wurde vom Institut \"biota\" eine Konzeption f\u00fcr eine Naturpark\u00fcbergreifende Radroute mit dem Titel \"Bienenstra\u00dfe\" entwickelt und Anfang 2015 der \u00d6ffentlichkeit vorgestellt.","og_url":"https:\/\/www.naturparkmagazin.de\/sternberger-seenland\/im-januar-beratungen-zur-umsetzung-der-bienenstrasse\/","og_site_name":"Naturpark Sternberger Seenland","article_published_time":"2015-12-14T12:15:58+00:00","article_modified_time":"2015-12-21T10:17:35+00:00","og_image":[{"width":200,"height":200,"url":"https:\/\/www.naturparkmagazin.de\/sternberger-seenland\/wp-content\/uploads\/sites\/30\/admin-ajax.php_.jpg","type":"image\/jpeg"}],"author":"janlippke","twitter_misc":{"Verfasst von":"janlippke","Gesch\u00e4tzte Lesezeit":"1\u00a0Minute"},"schema":{"@context":"https:\/\/schema.org","@graph":[{"@type":"WebPage","@id":"https:\/\/www.naturparkmagazin.de\/sternberger-seenland\/im-januar-beratungen-zur-umsetzung-der-bienenstrasse\/","url":"https:\/\/www.naturparkmagazin.de\/sternberger-seenland\/im-januar-beratungen-zur-umsetzung-der-bienenstrasse\/","name":"Im Januar Beratungen zur Umsetzung der \"Bienenstra\u00dfe\" - Naturpark Sternberger Seenland","isPartOf":{"@id":"https:\/\/www.naturparkmagazin.de\/sternberger-seenland\/#website"},"datePublished":"2015-12-14T12:15:58+00:00","dateModified":"2015-12-21T10:17:35+00:00","author":{"@id":"https:\/\/www.naturparkmagazin.de\/sternberger-seenland\/#\/schema\/person\/712a5f470a8c286777fddf77babba74a"},"breadcrumb":{"@id":"https:\/\/www.naturparkmagazin.de\/sternberger-seenland\/im-januar-beratungen-zur-umsetzung-der-bienenstrasse\/#breadcrumb"},"inLanguage":"de","potentialAction":[{"@type":"ReadAction","target":["https:\/\/www.naturparkmagazin.de\/sternberger-seenland\/im-januar-beratungen-zur-umsetzung-der-bienenstrasse\/"]}]},{"@type":"BreadcrumbList","@id":"https:\/\/www.naturparkmagazin.de\/sternberger-seenland\/im-januar-beratungen-zur-umsetzung-der-bienenstrasse\/#breadcrumb","itemListElement":[{"@type":"ListItem","position":1,"name":"Home","item":"https:\/\/www.naturparkmagazin.de\/sternberger-seenland\/"},{"@type":"ListItem","position":2,"name":"Im Januar Beratungen zur Umsetzung der &#8222;Bienenstra\u00dfe&#8220;"}]},{"@type":"WebSite","@id":"https:\/\/www.naturparkmagazin.de\/sternberger-seenland\/#website","url":"https:\/\/www.naturparkmagazin.de\/sternberger-seenland\/","name":"Naturpark Sternberger Seenland","description":"","potentialAction":[{"@type":"SearchAction","target":{"@type":"EntryPoint","urlTemplate":"https:\/\/www.naturparkmagazin.de\/sternberger-seenland\/?s={search_term_string}"},"query-input":"required name=search_term_string"}],"inLanguage":"de"},{"@type":"Person","@id":"https:\/\/www.naturparkmagazin.de\/sternberger-seenland\/#\/schema\/person\/712a5f470a8c286777fddf77babba74a","name":"janlippke","sameAs":["http:\/\/www.naturpark-sternberger-seenland.de"],"url":"https:\/\/www.naturparkmagazin.de\/sternberger-seenland\/author\/janlippke\/"}]}},"_links":{"self":[{"href":"https:\/\/www.naturparkmagazin.de\/sternberger-seenland\/wp-json\/wp\/v2\/posts\/1002"}],"collection":[{"href":"https:\/\/www.naturparkmagazin.de\/sternberger-seenland\/wp-json\/wp\/v2\/posts"}],"about":[{"href":"https:\/\/www.naturparkmagazin.de\/sternberger-seenland\/wp-json\/wp\/v2\/types\/post"}],"author":[{"embeddable":true,"href":"https:\/\/www.naturparkmagazin.de\/sternberger-seenland\/wp-json\/wp\/v2\/users\/27"}],"replies":[{"embeddable":true,"href":"https:\/\/www.naturparkmagazin.de\/sternberger-seenland\/wp-json\/wp\/v2\/comments?post=1002"}],"version-history":[{"count":3,"href":"https:\/\/www.naturparkmagazin.de\/sternberger-seenland\/wp-json\/wp\/v2\/posts\/1002\/revisions"}],"predecessor-version":[{"id":1010,"href":"https:\/\/www.naturparkmagazin.de\/sternberger-seenland\/wp-json\/wp\/v2\/posts\/1002\/revisions\/1010"}],"wp:featuredmedia":[{"embeddable":true,"href":"https:\/\/www.naturparkmagazin.de\/sternberger-seenland\/wp-json\/wp\/v2\/media\/1009"}],"wp:attachment":[{"href":"https:\/\/www.naturparkmagazin.de\/sternberger-seenland\/wp-json\/wp\/v2\/media?parent=1002"}],"wp:term":[{"taxonomy":"category","embeddable":true,"href":"https:\/\/www.naturparkmagazin.de\/sternberger-seenland\/wp-json\/wp\/v2\/categories?post=1002"},{"taxonomy":"post_tag","embeddable":true,"href":"https:\/\/www.naturparkmagazin.de\/sternberger-seenland\/wp-json\/wp\/v2\/tags?post=1002"}],"curies":[{"name":"wp","href":"https:\/\/api.w.org\/{rel}","templated":true}]}}