{"id":1052,"date":"2016-02-15T15:48:49","date_gmt":"2016-02-15T14:48:49","guid":{"rendered":"http:\/\/www.naturparkmagazin.de\/sternberger-seenland\/?p=1052"},"modified":"2016-02-24T12:14:57","modified_gmt":"2016-02-24T11:14:57","slug":"obstschnittseminar-im-naturpark","status":"publish","type":"post","link":"https:\/\/www.naturparkmagazin.de\/sternberger-seenland\/obstschnittseminar-im-naturpark\/","title":{"rendered":"Obstschnittseminar im Naturpark"},"content":{"rendered":"<p>Am 05. M\u00e4rz bieten wir wieder ein Obstschnittseminar an. Der G\u00e4rtnermeister Thomas Franiel aus Crivitz wird das Seminar leiten und in gewohnter Art und Weise die Grundlagen des Obstbaumschnittes vermitteln. Es wird zun\u00e4chst einen Therorieteil geben, anschlie\u00dfend wird es\u00a0am Objekt praktische Vorf\u00fchrungen geben. In der Mittagspause wird bei Bedarf noch etwas zu Baumkrankheiten vermittelt und im Anschluss k\u00f6nnen die Teilnehmer dann das Gelernte unter fachkundiger Anleitung selbst ausprobieren.<\/p>\n<div id=\"attachment_1064\" style=\"width: 510px\" class=\"wp-caption alignnone\"><a href=\"https:\/\/www.naturparkmagazin.de\/sternberger-seenland\/wp-content\/uploads\/sites\/30\/Obstschnitt_2015_1.jpg\"><img aria-describedby=\"caption-attachment-1064\" decoding=\"async\" loading=\"lazy\" class=\"size-full wp-image-1064\" src=\"https:\/\/www.naturparkmagazin.de\/sternberger-seenland\/wp-content\/uploads\/sites\/30\/Obstschnitt_2015_1.jpg\" alt=\"Obstschnitt-Seminar 2015\" width=\"500\" height=\"300\" srcset=\"https:\/\/www.naturparkmagazin.de\/sternberger-seenland\/wp-content\/uploads\/sites\/30\/Obstschnitt_2015_1.jpg 500w, https:\/\/www.naturparkmagazin.de\/sternberger-seenland\/wp-content\/uploads\/sites\/30\/Obstschnitt_2015_1-300x180.jpg 300w, https:\/\/www.naturparkmagazin.de\/sternberger-seenland\/wp-content\/uploads\/sites\/30\/Obstschnitt_2015_1-200x120.jpg 200w\" sizes=\"(max-width: 500px) 100vw, 500px\" \/><\/a><p id=\"caption-attachment-1064\" class=\"wp-caption-text\">Obstschnitt-Seminar 2015<\/p><\/div>\n<p>F\u00fcr die Teilnahme wird eine Geb\u00fchr von 25,00 Euro erhoben, die vor Ort direkt an Herrn Franiel zu zahlen ist. Die Teilnehmerzahl ist auf 25 Personen begrenzt, Anmeldungen richten Sie bitte bis zum 02.03.2016 an die Naturparkverwaltung unter der Telefonnummer 038482 \/ 23527-0 oder per mail an: \u00a0info-ssl@lung.mv-regierung.de<\/p>\n<p>Als Ort haben wir in diesem Jahr das Gel\u00e4nde von L\u00fctt Acker in Sternberg ausgew\u00e4hlt, Am Berge 2 in 19406 Sternberg.<\/p>\n","protected":false},"excerpt":{"rendered":"<p>Am 05. M\u00e4rz bieten wir wieder ein Obstschnittseminar an. Der G\u00e4rtnermeister Thomas Franiel aus Crivitz wird das Seminar leiten und in gewohnter Art und Weise die Grundlagen des Obstbaumschnittes vermitteln. Es wird zun\u00e4chst einen Therorieteil geben, anschlie\u00dfend wird es\u00a0am Objekt praktische Vorf\u00fchrungen geben. In der Mittagspause wird bei Bedarf noch etwas zu Baumkrankheiten vermittelt und<\/p>\n","protected":false},"author":27,"featured_media":1062,"comment_status":"open","ping_status":"open","sticky":false,"template":"","format":"standard","meta":[],"categories":[11],"tags":[],"yoast_head":"<!-- This site is optimized with the Yoast SEO plugin v19.10 - https:\/\/yoast.com\/wordpress\/plugins\/seo\/ -->\n<title>Obstschnittseminar im Naturpark - Naturpark Sternberger Seenland<\/title>\n<meta name=\"robots\" content=\"index, follow, max-snippet:-1, max-image-preview:large, max-video-preview:-1\" \/>\n<link rel=\"canonical\" href=\"https:\/\/www.naturparkmagazin.de\/sternberger-seenland\/obstschnittseminar-im-naturpark\/\" \/>\n<meta property=\"og:locale\" content=\"de_DE\" \/>\n<meta property=\"og:type\" content=\"article\" \/>\n<meta property=\"og:title\" content=\"Obstschnittseminar im Naturpark - Naturpark Sternberger Seenland\" \/>\n<meta property=\"og:description\" content=\"Am 05. M\u00e4rz bieten wir wieder ein Obstschnittseminar an. Der G\u00e4rtnermeister Thomas Franiel aus Crivitz wird das Seminar leiten und in gewohnter Art und Weise die Grundlagen des Obstbaumschnittes vermitteln. Es wird zun\u00e4chst einen Therorieteil geben, anschlie\u00dfend wird es\u00a0am Objekt praktische Vorf\u00fchrungen geben. In der Mittagspause wird bei Bedarf noch etwas zu Baumkrankheiten vermittelt und\" \/>\n<meta property=\"og:url\" content=\"https:\/\/www.naturparkmagazin.de\/sternberger-seenland\/obstschnittseminar-im-naturpark\/\" \/>\n<meta property=\"og:site_name\" content=\"Naturpark Sternberger Seenland\" \/>\n<meta property=\"article:published_time\" content=\"2016-02-15T14:48:49+00:00\" \/>\n<meta property=\"article:modified_time\" content=\"2016-02-24T11:14:57+00:00\" \/>\n<meta property=\"og:image\" content=\"https:\/\/www.naturparkmagazin.de\/sternberger-seenland\/wp-content\/uploads\/sites\/30\/Obstschnitt_2015_2.jpg\" \/>\n\t<meta property=\"og:image:width\" content=\"300\" \/>\n\t<meta property=\"og:image:height\" content=\"500\" \/>\n\t<meta property=\"og:image:type\" content=\"image\/jpeg\" \/>\n<meta name=\"author\" content=\"janlippke\" \/>\n<meta name=\"twitter:label1\" content=\"Verfasst von\" \/>\n\t<meta name=\"twitter:data1\" content=\"janlippke\" \/>\n\t<meta name=\"twitter:label2\" content=\"Gesch\u00e4tzte Lesezeit\" \/>\n\t<meta name=\"twitter:data2\" content=\"1\u00a0Minute\" \/>\n<script type=\"application\/ld+json\" class=\"yoast-schema-graph\">{\"@context\":\"https:\/\/schema.org\",\"@graph\":[{\"@type\":\"WebPage\",\"@id\":\"https:\/\/www.naturparkmagazin.de\/sternberger-seenland\/obstschnittseminar-im-naturpark\/\",\"url\":\"https:\/\/www.naturparkmagazin.de\/sternberger-seenland\/obstschnittseminar-im-naturpark\/\",\"name\":\"Obstschnittseminar im Naturpark - Naturpark Sternberger Seenland\",\"isPartOf\":{\"@id\":\"https:\/\/www.naturparkmagazin.de\/sternberger-seenland\/#website\"},\"datePublished\":\"2016-02-15T14:48:49+00:00\",\"dateModified\":\"2016-02-24T11:14:57+00:00\",\"author\":{\"@id\":\"https:\/\/www.naturparkmagazin.de\/sternberger-seenland\/#\/schema\/person\/712a5f470a8c286777fddf77babba74a\"},\"breadcrumb\":{\"@id\":\"https:\/\/www.naturparkmagazin.de\/sternberger-seenland\/obstschnittseminar-im-naturpark\/#breadcrumb\"},\"inLanguage\":\"de\",\"potentialAction\":[{\"@type\":\"ReadAction\",\"target\":[\"https:\/\/www.naturparkmagazin.de\/sternberger-seenland\/obstschnittseminar-im-naturpark\/\"]}]},{\"@type\":\"BreadcrumbList\",\"@id\":\"https:\/\/www.naturparkmagazin.de\/sternberger-seenland\/obstschnittseminar-im-naturpark\/#breadcrumb\",\"itemListElement\":[{\"@type\":\"ListItem\",\"position\":1,\"name\":\"Home\",\"item\":\"https:\/\/www.naturparkmagazin.de\/sternberger-seenland\/\"},{\"@type\":\"ListItem\",\"position\":2,\"name\":\"Obstschnittseminar im Naturpark\"}]},{\"@type\":\"WebSite\",\"@id\":\"https:\/\/www.naturparkmagazin.de\/sternberger-seenland\/#website\",\"url\":\"https:\/\/www.naturparkmagazin.de\/sternberger-seenland\/\",\"name\":\"Naturpark Sternberger Seenland\",\"description\":\"\",\"potentialAction\":[{\"@type\":\"SearchAction\",\"target\":{\"@type\":\"EntryPoint\",\"urlTemplate\":\"https:\/\/www.naturparkmagazin.de\/sternberger-seenland\/?s={search_term_string}\"},\"query-input\":\"required name=search_term_string\"}],\"inLanguage\":\"de\"},{\"@type\":\"Person\",\"@id\":\"https:\/\/www.naturparkmagazin.de\/sternberger-seenland\/#\/schema\/person\/712a5f470a8c286777fddf77babba74a\",\"name\":\"janlippke\",\"sameAs\":[\"http:\/\/www.naturpark-sternberger-seenland.de\"],\"url\":\"https:\/\/www.naturparkmagazin.de\/sternberger-seenland\/author\/janlippke\/\"}]}<\/script>\n<!-- \/ Yoast SEO plugin. -->","yoast_head_json":{"title":"Obstschnittseminar im Naturpark - Naturpark Sternberger Seenland","robots":{"index":"index","follow":"follow","max-snippet":"max-snippet:-1","max-image-preview":"max-image-preview:large","max-video-preview":"max-video-preview:-1"},"canonical":"https:\/\/www.naturparkmagazin.de\/sternberger-seenland\/obstschnittseminar-im-naturpark\/","og_locale":"de_DE","og_type":"article","og_title":"Obstschnittseminar im Naturpark - Naturpark Sternberger Seenland","og_description":"Am 05. M\u00e4rz bieten wir wieder ein Obstschnittseminar an. Der G\u00e4rtnermeister Thomas Franiel aus Crivitz wird das Seminar leiten und in gewohnter Art und Weise die Grundlagen des Obstbaumschnittes vermitteln. Es wird zun\u00e4chst einen Therorieteil geben, anschlie\u00dfend wird es\u00a0am Objekt praktische Vorf\u00fchrungen geben. In der Mittagspause wird bei Bedarf noch etwas zu Baumkrankheiten vermittelt und","og_url":"https:\/\/www.naturparkmagazin.de\/sternberger-seenland\/obstschnittseminar-im-naturpark\/","og_site_name":"Naturpark Sternberger Seenland","article_published_time":"2016-02-15T14:48:49+00:00","article_modified_time":"2016-02-24T11:14:57+00:00","og_image":[{"width":300,"height":500,"url":"https:\/\/www.naturparkmagazin.de\/sternberger-seenland\/wp-content\/uploads\/sites\/30\/Obstschnitt_2015_2.jpg","type":"image\/jpeg"}],"author":"janlippke","twitter_misc":{"Verfasst von":"janlippke","Gesch\u00e4tzte Lesezeit":"1\u00a0Minute"},"schema":{"@context":"https:\/\/schema.org","@graph":[{"@type":"WebPage","@id":"https:\/\/www.naturparkmagazin.de\/sternberger-seenland\/obstschnittseminar-im-naturpark\/","url":"https:\/\/www.naturparkmagazin.de\/sternberger-seenland\/obstschnittseminar-im-naturpark\/","name":"Obstschnittseminar im Naturpark - Naturpark Sternberger Seenland","isPartOf":{"@id":"https:\/\/www.naturparkmagazin.de\/sternberger-seenland\/#website"},"datePublished":"2016-02-15T14:48:49+00:00","dateModified":"2016-02-24T11:14:57+00:00","author":{"@id":"https:\/\/www.naturparkmagazin.de\/sternberger-seenland\/#\/schema\/person\/712a5f470a8c286777fddf77babba74a"},"breadcrumb":{"@id":"https:\/\/www.naturparkmagazin.de\/sternberger-seenland\/obstschnittseminar-im-naturpark\/#breadcrumb"},"inLanguage":"de","potentialAction":[{"@type":"ReadAction","target":["https:\/\/www.naturparkmagazin.de\/sternberger-seenland\/obstschnittseminar-im-naturpark\/"]}]},{"@type":"BreadcrumbList","@id":"https:\/\/www.naturparkmagazin.de\/sternberger-seenland\/obstschnittseminar-im-naturpark\/#breadcrumb","itemListElement":[{"@type":"ListItem","position":1,"name":"Home","item":"https:\/\/www.naturparkmagazin.de\/sternberger-seenland\/"},{"@type":"ListItem","position":2,"name":"Obstschnittseminar im Naturpark"}]},{"@type":"WebSite","@id":"https:\/\/www.naturparkmagazin.de\/sternberger-seenland\/#website","url":"https:\/\/www.naturparkmagazin.de\/sternberger-seenland\/","name":"Naturpark Sternberger Seenland","description":"","potentialAction":[{"@type":"SearchAction","target":{"@type":"EntryPoint","urlTemplate":"https:\/\/www.naturparkmagazin.de\/sternberger-seenland\/?s={search_term_string}"},"query-input":"required name=search_term_string"}],"inLanguage":"de"},{"@type":"Person","@id":"https:\/\/www.naturparkmagazin.de\/sternberger-seenland\/#\/schema\/person\/712a5f470a8c286777fddf77babba74a","name":"janlippke","sameAs":["http:\/\/www.naturpark-sternberger-seenland.de"],"url":"https:\/\/www.naturparkmagazin.de\/sternberger-seenland\/author\/janlippke\/"}]}},"_links":{"self":[{"href":"https:\/\/www.naturparkmagazin.de\/sternberger-seenland\/wp-json\/wp\/v2\/posts\/1052"}],"collection":[{"href":"https:\/\/www.naturparkmagazin.de\/sternberger-seenland\/wp-json\/wp\/v2\/posts"}],"about":[{"href":"https:\/\/www.naturparkmagazin.de\/sternberger-seenland\/wp-json\/wp\/v2\/types\/post"}],"author":[{"embeddable":true,"href":"https:\/\/www.naturparkmagazin.de\/sternberger-seenland\/wp-json\/wp\/v2\/users\/27"}],"replies":[{"embeddable":true,"href":"https:\/\/www.naturparkmagazin.de\/sternberger-seenland\/wp-json\/wp\/v2\/comments?post=1052"}],"version-history":[{"count":3,"href":"https:\/\/www.naturparkmagazin.de\/sternberger-seenland\/wp-json\/wp\/v2\/posts\/1052\/revisions"}],"predecessor-version":[{"id":1065,"href":"https:\/\/www.naturparkmagazin.de\/sternberger-seenland\/wp-json\/wp\/v2\/posts\/1052\/revisions\/1065"}],"wp:featuredmedia":[{"embeddable":true,"href":"https:\/\/www.naturparkmagazin.de\/sternberger-seenland\/wp-json\/wp\/v2\/media\/1062"}],"wp:attachment":[{"href":"https:\/\/www.naturparkmagazin.de\/sternberger-seenland\/wp-json\/wp\/v2\/media?parent=1052"}],"wp:term":[{"taxonomy":"category","embeddable":true,"href":"https:\/\/www.naturparkmagazin.de\/sternberger-seenland\/wp-json\/wp\/v2\/categories?post=1052"},{"taxonomy":"post_tag","embeddable":true,"href":"https:\/\/www.naturparkmagazin.de\/sternberger-seenland\/wp-json\/wp\/v2\/tags?post=1052"}],"curies":[{"name":"wp","href":"https:\/\/api.w.org\/{rel}","templated":true}]}}