{"id":1093,"date":"2016-03-11T10:21:59","date_gmt":"2016-03-11T09:21:59","guid":{"rendered":"http:\/\/www.naturparkmagazin.de\/sternberger-seenland\/?p=1093"},"modified":"2016-03-22T14:05:09","modified_gmt":"2016-03-22T13:05:09","slug":"wanderung-mit-dem-ranger-lenzen-droeger-kraug-lenzen","status":"publish","type":"post","link":"https:\/\/www.naturparkmagazin.de\/sternberger-seenland\/wanderung-mit-dem-ranger-lenzen-droeger-kraug-lenzen\/","title":{"rendered":"Wanderung mit dem Ranger: Lenzen-Dr\u00f6ger Kraug-Lenzen"},"content":{"rendered":"<p>Am 26. April startet eine Wanderung mit dem Naturparkranger von Lenzen \u00fcber Dr\u00f6ger Kraug zur\u00fcck nach Lenzen. (Lenzen bei Sternberg) Treff ist um 10 Uhr am T\u00f6pferhof in Lenzen. Die Tour geht \u00fcber eine Distanz von ca. 6 km und dauert etwa bis 13:30 Uhr. Gewandert wird auf dem Klosterhauptmannsweg, der T\u00f6pferhof kann anschlie\u00dfend besichtigt werden. Dazu ist jedoch eine Anmeldung erforderlich unter 038482 \/ 23527-0.<\/p>\n<p>Angepasste Kleidung, festes Schuhwerk und \u00a0ggf. Verpflegung aus dem Rucksack wird empfohlen. Die Teilnahme ist kostenlos, sofern es Ihnen gefallen hat, k\u00f6nnen Sie im Anschluss eine kleine Spende f\u00fcr unseren F\u00f6rderverein geben.<\/p>\n<div id=\"attachment_1097\" style=\"width: 510px\" class=\"wp-caption alignnone\"><a href=\"https:\/\/www.naturparkmagazin.de\/sternberger-seenland\/wp-content\/uploads\/sites\/30\/Lenzen.jpg\"><img aria-describedby=\"caption-attachment-1097\" decoding=\"async\" loading=\"lazy\" class=\"size-full wp-image-1097\" src=\"https:\/\/www.naturparkmagazin.de\/sternberger-seenland\/wp-content\/uploads\/sites\/30\/Lenzen.jpg\" alt=\"bei Lenzen\" width=\"500\" height=\"300\" srcset=\"https:\/\/www.naturparkmagazin.de\/sternberger-seenland\/wp-content\/uploads\/sites\/30\/Lenzen.jpg 500w, https:\/\/www.naturparkmagazin.de\/sternberger-seenland\/wp-content\/uploads\/sites\/30\/Lenzen-300x180.jpg 300w, https:\/\/www.naturparkmagazin.de\/sternberger-seenland\/wp-content\/uploads\/sites\/30\/Lenzen-200x120.jpg 200w\" sizes=\"(max-width: 500px) 100vw, 500px\" \/><\/a><p id=\"caption-attachment-1097\" class=\"wp-caption-text\">bei Lenzen<\/p><\/div>\n<p>&nbsp;<\/p>\n","protected":false},"excerpt":{"rendered":"<p>Am 26. April startet eine Wanderung mit dem Naturparkranger von Lenzen \u00fcber Dr\u00f6ger Kraug zur\u00fcck nach Lenzen. (Lenzen bei Sternberg) Treff ist um 10 Uhr am T\u00f6pferhof in Lenzen. <\/p>\n","protected":false},"author":27,"featured_media":1098,"comment_status":"open","ping_status":"open","sticky":false,"template":"","format":"standard","meta":[],"categories":[11],"tags":[],"yoast_head":"<!-- This site is optimized with the Yoast SEO plugin v19.10 - https:\/\/yoast.com\/wordpress\/plugins\/seo\/ -->\n<title>Wanderung mit dem Ranger: Lenzen-Dr\u00f6ger Kraug-Lenzen - Naturpark Sternberger Seenland<\/title>\n<meta name=\"robots\" content=\"index, follow, max-snippet:-1, max-image-preview:large, max-video-preview:-1\" \/>\n<link rel=\"canonical\" href=\"https:\/\/www.naturparkmagazin.de\/sternberger-seenland\/wanderung-mit-dem-ranger-lenzen-droeger-kraug-lenzen\/\" \/>\n<meta property=\"og:locale\" content=\"de_DE\" \/>\n<meta property=\"og:type\" content=\"article\" \/>\n<meta property=\"og:title\" content=\"Wanderung mit dem Ranger: Lenzen-Dr\u00f6ger Kraug-Lenzen - Naturpark Sternberger Seenland\" \/>\n<meta property=\"og:description\" content=\"Am 26. April startet eine Wanderung mit dem Naturparkranger von Lenzen \u00fcber Dr\u00f6ger Kraug zur\u00fcck nach Lenzen. (Lenzen bei Sternberg) Treff ist um 10 Uhr am T\u00f6pferhof in Lenzen.\" \/>\n<meta property=\"og:url\" content=\"https:\/\/www.naturparkmagazin.de\/sternberger-seenland\/wanderung-mit-dem-ranger-lenzen-droeger-kraug-lenzen\/\" \/>\n<meta property=\"og:site_name\" content=\"Naturpark Sternberger Seenland\" \/>\n<meta property=\"article:published_time\" content=\"2016-03-11T09:21:59+00:00\" \/>\n<meta property=\"article:modified_time\" content=\"2016-03-22T13:05:09+00:00\" \/>\n<meta property=\"og:image\" content=\"https:\/\/www.naturparkmagazin.de\/sternberger-seenland\/wp-content\/uploads\/sites\/30\/Dr\u00f6ger_Kraug.jpg\" \/>\n\t<meta property=\"og:image:width\" content=\"300\" \/>\n\t<meta property=\"og:image:height\" content=\"500\" \/>\n\t<meta property=\"og:image:type\" content=\"image\/jpeg\" \/>\n<meta name=\"author\" content=\"janlippke\" \/>\n<meta name=\"twitter:label1\" content=\"Verfasst von\" \/>\n\t<meta name=\"twitter:data1\" content=\"janlippke\" \/>\n\t<meta name=\"twitter:label2\" content=\"Gesch\u00e4tzte Lesezeit\" \/>\n\t<meta name=\"twitter:data2\" content=\"1\u00a0Minute\" \/>\n<script type=\"application\/ld+json\" class=\"yoast-schema-graph\">{\"@context\":\"https:\/\/schema.org\",\"@graph\":[{\"@type\":\"WebPage\",\"@id\":\"https:\/\/www.naturparkmagazin.de\/sternberger-seenland\/wanderung-mit-dem-ranger-lenzen-droeger-kraug-lenzen\/\",\"url\":\"https:\/\/www.naturparkmagazin.de\/sternberger-seenland\/wanderung-mit-dem-ranger-lenzen-droeger-kraug-lenzen\/\",\"name\":\"Wanderung mit dem Ranger: Lenzen-Dr\u00f6ger Kraug-Lenzen - Naturpark Sternberger Seenland\",\"isPartOf\":{\"@id\":\"https:\/\/www.naturparkmagazin.de\/sternberger-seenland\/#website\"},\"datePublished\":\"2016-03-11T09:21:59+00:00\",\"dateModified\":\"2016-03-22T13:05:09+00:00\",\"author\":{\"@id\":\"https:\/\/www.naturparkmagazin.de\/sternberger-seenland\/#\/schema\/person\/712a5f470a8c286777fddf77babba74a\"},\"breadcrumb\":{\"@id\":\"https:\/\/www.naturparkmagazin.de\/sternberger-seenland\/wanderung-mit-dem-ranger-lenzen-droeger-kraug-lenzen\/#breadcrumb\"},\"inLanguage\":\"de\",\"potentialAction\":[{\"@type\":\"ReadAction\",\"target\":[\"https:\/\/www.naturparkmagazin.de\/sternberger-seenland\/wanderung-mit-dem-ranger-lenzen-droeger-kraug-lenzen\/\"]}]},{\"@type\":\"BreadcrumbList\",\"@id\":\"https:\/\/www.naturparkmagazin.de\/sternberger-seenland\/wanderung-mit-dem-ranger-lenzen-droeger-kraug-lenzen\/#breadcrumb\",\"itemListElement\":[{\"@type\":\"ListItem\",\"position\":1,\"name\":\"Home\",\"item\":\"https:\/\/www.naturparkmagazin.de\/sternberger-seenland\/\"},{\"@type\":\"ListItem\",\"position\":2,\"name\":\"Wanderung mit dem Ranger: Lenzen-Dr\u00f6ger Kraug-Lenzen\"}]},{\"@type\":\"WebSite\",\"@id\":\"https:\/\/www.naturparkmagazin.de\/sternberger-seenland\/#website\",\"url\":\"https:\/\/www.naturparkmagazin.de\/sternberger-seenland\/\",\"name\":\"Naturpark Sternberger Seenland\",\"description\":\"\",\"potentialAction\":[{\"@type\":\"SearchAction\",\"target\":{\"@type\":\"EntryPoint\",\"urlTemplate\":\"https:\/\/www.naturparkmagazin.de\/sternberger-seenland\/?s={search_term_string}\"},\"query-input\":\"required name=search_term_string\"}],\"inLanguage\":\"de\"},{\"@type\":\"Person\",\"@id\":\"https:\/\/www.naturparkmagazin.de\/sternberger-seenland\/#\/schema\/person\/712a5f470a8c286777fddf77babba74a\",\"name\":\"janlippke\",\"sameAs\":[\"http:\/\/www.naturpark-sternberger-seenland.de\"],\"url\":\"https:\/\/www.naturparkmagazin.de\/sternberger-seenland\/author\/janlippke\/\"}]}<\/script>\n<!-- \/ Yoast SEO plugin. -->","yoast_head_json":{"title":"Wanderung mit dem Ranger: Lenzen-Dr\u00f6ger Kraug-Lenzen - Naturpark Sternberger Seenland","robots":{"index":"index","follow":"follow","max-snippet":"max-snippet:-1","max-image-preview":"max-image-preview:large","max-video-preview":"max-video-preview:-1"},"canonical":"https:\/\/www.naturparkmagazin.de\/sternberger-seenland\/wanderung-mit-dem-ranger-lenzen-droeger-kraug-lenzen\/","og_locale":"de_DE","og_type":"article","og_title":"Wanderung mit dem Ranger: Lenzen-Dr\u00f6ger Kraug-Lenzen - Naturpark Sternberger Seenland","og_description":"Am 26. April startet eine Wanderung mit dem Naturparkranger von Lenzen \u00fcber Dr\u00f6ger Kraug zur\u00fcck nach Lenzen. (Lenzen bei Sternberg) Treff ist um 10 Uhr am T\u00f6pferhof in Lenzen.","og_url":"https:\/\/www.naturparkmagazin.de\/sternberger-seenland\/wanderung-mit-dem-ranger-lenzen-droeger-kraug-lenzen\/","og_site_name":"Naturpark Sternberger Seenland","article_published_time":"2016-03-11T09:21:59+00:00","article_modified_time":"2016-03-22T13:05:09+00:00","og_image":[{"width":300,"height":500,"url":"https:\/\/www.naturparkmagazin.de\/sternberger-seenland\/wp-content\/uploads\/sites\/30\/Dr\u00f6ger_Kraug.jpg","type":"image\/jpeg"}],"author":"janlippke","twitter_misc":{"Verfasst von":"janlippke","Gesch\u00e4tzte Lesezeit":"1\u00a0Minute"},"schema":{"@context":"https:\/\/schema.org","@graph":[{"@type":"WebPage","@id":"https:\/\/www.naturparkmagazin.de\/sternberger-seenland\/wanderung-mit-dem-ranger-lenzen-droeger-kraug-lenzen\/","url":"https:\/\/www.naturparkmagazin.de\/sternberger-seenland\/wanderung-mit-dem-ranger-lenzen-droeger-kraug-lenzen\/","name":"Wanderung mit dem Ranger: Lenzen-Dr\u00f6ger Kraug-Lenzen - Naturpark Sternberger Seenland","isPartOf":{"@id":"https:\/\/www.naturparkmagazin.de\/sternberger-seenland\/#website"},"datePublished":"2016-03-11T09:21:59+00:00","dateModified":"2016-03-22T13:05:09+00:00","author":{"@id":"https:\/\/www.naturparkmagazin.de\/sternberger-seenland\/#\/schema\/person\/712a5f470a8c286777fddf77babba74a"},"breadcrumb":{"@id":"https:\/\/www.naturparkmagazin.de\/sternberger-seenland\/wanderung-mit-dem-ranger-lenzen-droeger-kraug-lenzen\/#breadcrumb"},"inLanguage":"de","potentialAction":[{"@type":"ReadAction","target":["https:\/\/www.naturparkmagazin.de\/sternberger-seenland\/wanderung-mit-dem-ranger-lenzen-droeger-kraug-lenzen\/"]}]},{"@type":"BreadcrumbList","@id":"https:\/\/www.naturparkmagazin.de\/sternberger-seenland\/wanderung-mit-dem-ranger-lenzen-droeger-kraug-lenzen\/#breadcrumb","itemListElement":[{"@type":"ListItem","position":1,"name":"Home","item":"https:\/\/www.naturparkmagazin.de\/sternberger-seenland\/"},{"@type":"ListItem","position":2,"name":"Wanderung mit dem Ranger: Lenzen-Dr\u00f6ger Kraug-Lenzen"}]},{"@type":"WebSite","@id":"https:\/\/www.naturparkmagazin.de\/sternberger-seenland\/#website","url":"https:\/\/www.naturparkmagazin.de\/sternberger-seenland\/","name":"Naturpark Sternberger Seenland","description":"","potentialAction":[{"@type":"SearchAction","target":{"@type":"EntryPoint","urlTemplate":"https:\/\/www.naturparkmagazin.de\/sternberger-seenland\/?s={search_term_string}"},"query-input":"required name=search_term_string"}],"inLanguage":"de"},{"@type":"Person","@id":"https:\/\/www.naturparkmagazin.de\/sternberger-seenland\/#\/schema\/person\/712a5f470a8c286777fddf77babba74a","name":"janlippke","sameAs":["http:\/\/www.naturpark-sternberger-seenland.de"],"url":"https:\/\/www.naturparkmagazin.de\/sternberger-seenland\/author\/janlippke\/"}]}},"_links":{"self":[{"href":"https:\/\/www.naturparkmagazin.de\/sternberger-seenland\/wp-json\/wp\/v2\/posts\/1093"}],"collection":[{"href":"https:\/\/www.naturparkmagazin.de\/sternberger-seenland\/wp-json\/wp\/v2\/posts"}],"about":[{"href":"https:\/\/www.naturparkmagazin.de\/sternberger-seenland\/wp-json\/wp\/v2\/types\/post"}],"author":[{"embeddable":true,"href":"https:\/\/www.naturparkmagazin.de\/sternberger-seenland\/wp-json\/wp\/v2\/users\/27"}],"replies":[{"embeddable":true,"href":"https:\/\/www.naturparkmagazin.de\/sternberger-seenland\/wp-json\/wp\/v2\/comments?post=1093"}],"version-history":[{"count":4,"href":"https:\/\/www.naturparkmagazin.de\/sternberger-seenland\/wp-json\/wp\/v2\/posts\/1093\/revisions"}],"predecessor-version":[{"id":1117,"href":"https:\/\/www.naturparkmagazin.de\/sternberger-seenland\/wp-json\/wp\/v2\/posts\/1093\/revisions\/1117"}],"wp:featuredmedia":[{"embeddable":true,"href":"https:\/\/www.naturparkmagazin.de\/sternberger-seenland\/wp-json\/wp\/v2\/media\/1098"}],"wp:attachment":[{"href":"https:\/\/www.naturparkmagazin.de\/sternberger-seenland\/wp-json\/wp\/v2\/media?parent=1093"}],"wp:term":[{"taxonomy":"category","embeddable":true,"href":"https:\/\/www.naturparkmagazin.de\/sternberger-seenland\/wp-json\/wp\/v2\/categories?post=1093"},{"taxonomy":"post_tag","embeddable":true,"href":"https:\/\/www.naturparkmagazin.de\/sternberger-seenland\/wp-json\/wp\/v2\/tags?post=1093"}],"curies":[{"name":"wp","href":"https:\/\/api.w.org\/{rel}","templated":true}]}}