{"id":1101,"date":"2016-03-11T10:23:24","date_gmt":"2016-03-11T09:23:24","guid":{"rendered":"http:\/\/www.naturparkmagazin.de\/sternberger-seenland\/?p=1101"},"modified":"2016-03-17T11:16:51","modified_gmt":"2016-03-17T10:16:51","slug":"anpaddeln-und-muell-sammeln-2","status":"publish","type":"post","link":"https:\/\/www.naturparkmagazin.de\/sternberger-seenland\/anpaddeln-und-muell-sammeln-2\/","title":{"rendered":"Anpaddeln und M\u00fcll sammeln"},"content":{"rendered":"<div id=\"attachment_1109\" style=\"width: 510px\" class=\"wp-caption alignnone\"><a href=\"https:\/\/www.naturparkmagazin.de\/sternberger-seenland\/wp-content\/uploads\/sites\/30\/Anpaddeln1.jpg\"><img aria-describedby=\"caption-attachment-1109\" decoding=\"async\" loading=\"lazy\" class=\"size-full wp-image-1109\" src=\"https:\/\/www.naturparkmagazin.de\/sternberger-seenland\/wp-content\/uploads\/sites\/30\/Anpaddeln1.jpg\" alt=\"Anpaddeln und M\u00fcll sammeln\" width=\"500\" height=\"300\" srcset=\"https:\/\/www.naturparkmagazin.de\/sternberger-seenland\/wp-content\/uploads\/sites\/30\/Anpaddeln1.jpg 500w, https:\/\/www.naturparkmagazin.de\/sternberger-seenland\/wp-content\/uploads\/sites\/30\/Anpaddeln1-300x180.jpg 300w, https:\/\/www.naturparkmagazin.de\/sternberger-seenland\/wp-content\/uploads\/sites\/30\/Anpaddeln1-200x120.jpg 200w\" sizes=\"(max-width: 500px) 100vw, 500px\" \/><\/a><p id=\"caption-attachment-1109\" class=\"wp-caption-text\">Anpaddeln und M\u00fcll sammeln<\/p><\/div>\n<p>Am 15. April ab 14 Uhr organisiert der F\u00f6rderverein Naturpark Sternberger Seenland e.V. wieder eine gemeinsame Aktion zum Anpaddeln und M\u00fcll sammeln auf der Warnow und Mildenitz. <span style=\"font-family: 'Arial','sans-serif';font-size: 12pt\"><span style=\"color: #000000\">Auf verschiedenen Abschnitten der Warnow und Mildenitz wird nach Hinterlassenschaften der letzten Saison gesucht, diese werden eingesammelt und zentral entsorgt. Beteiligen k\u00f6nnen sich alle Mitglieder des F\u00f6rdervereins, aber auch interessierte B\u00fcrger sind zur Mithilfe aufgerufen. Die Kanus werden von den Verleihern, die gr\u00f6\u00dftenteils aktive Mitglieder im F\u00f6rderverein sind, kostenlos zur Verf\u00fcgung gestellt. Der M\u00fcll wird zun\u00e4chst zum Campingplatz Sternberg gebracht, dort\u00a0sortiert und sp\u00e4ter\u00a0entsorgt.<\/span><\/span><\/p>\n<p><span style=\"font-family: 'Arial','sans-serif';font-size: 12pt\"><span style=\"color: #000000\">Nach der gemeinsamen Aktion wird es f\u00fcr die Teilnehmer ab ca. 17 Uhr auf dem Campingplatz in Sternberg Gelegenheit geben, den Tag am Lagerfeuer bei guten Gespr\u00e4chen auszuwerten. Dazu spendiert der F\u00f6rderverein Naturpark Sternberger Seenland e.V. ein Getr\u00e4nk und eine Bratwurst f\u00fcr die Aktiven. <\/span><\/span><\/p>\n<div id=\"attachment_1110\" style=\"width: 510px\" class=\"wp-caption alignnone\"><a href=\"https:\/\/www.naturparkmagazin.de\/sternberger-seenland\/wp-content\/uploads\/sites\/30\/Anpaddeln3.jpg\"><img aria-describedby=\"caption-attachment-1110\" decoding=\"async\" loading=\"lazy\" class=\"size-full wp-image-1110\" src=\"https:\/\/www.naturparkmagazin.de\/sternberger-seenland\/wp-content\/uploads\/sites\/30\/Anpaddeln3.jpg\" alt=\"Gespr\u00e4che am Feuer nach Anpaddeln und M\u00fcll sammeln\" width=\"500\" height=\"300\" srcset=\"https:\/\/www.naturparkmagazin.de\/sternberger-seenland\/wp-content\/uploads\/sites\/30\/Anpaddeln3.jpg 500w, https:\/\/www.naturparkmagazin.de\/sternberger-seenland\/wp-content\/uploads\/sites\/30\/Anpaddeln3-300x180.jpg 300w, https:\/\/www.naturparkmagazin.de\/sternberger-seenland\/wp-content\/uploads\/sites\/30\/Anpaddeln3-200x120.jpg 200w\" sizes=\"(max-width: 500px) 100vw, 500px\" \/><\/a><p id=\"caption-attachment-1110\" class=\"wp-caption-text\">Gespr\u00e4che am Feuer nach Anpaddeln und M\u00fcll sammeln<\/p><\/div>\n<p><span style=\"font-family: 'Arial','sans-serif';font-size: 12pt\"><span style=\"color: #000000\">Anmeldungen der Teilnehmer bitte bis zum 12.04.2016 unter Tel. 038482 \/ 23527-0 (auch Anrufbeantworter) oder per mail an: \u00a0info-ssl@lung.mv-regierung.de. <\/span><\/span>Die angemeldeten Teilnehmer werden auf die verschiedenen Streckenabschnitte eingeteilt und bekommen den genauen Treffpunkt bei der Anmeldung mitgeteilt.<\/p>\n","protected":false},"excerpt":{"rendered":"<p>Am 15. April ab 14 Uhr organisiert der F\u00f6rderverein Naturpark Sternberger Seenland e.V. wieder eine gemeinsame Aktion zum Anpaddeln und M\u00fcll sammeln auf der Warnow und Mildenitz.<\/p>\n","protected":false},"author":27,"featured_media":399,"comment_status":"open","ping_status":"open","sticky":false,"template":"","format":"standard","meta":[],"categories":[7],"tags":[],"yoast_head":"<!-- This site is optimized with the Yoast SEO plugin v19.10 - https:\/\/yoast.com\/wordpress\/plugins\/seo\/ -->\n<title>Anpaddeln und M\u00fcll sammeln - Naturpark Sternberger Seenland<\/title>\n<meta name=\"robots\" content=\"index, follow, max-snippet:-1, max-image-preview:large, max-video-preview:-1\" \/>\n<link rel=\"canonical\" href=\"https:\/\/www.naturparkmagazin.de\/sternberger-seenland\/anpaddeln-und-muell-sammeln-2\/\" \/>\n<meta property=\"og:locale\" content=\"de_DE\" \/>\n<meta property=\"og:type\" content=\"article\" \/>\n<meta property=\"og:title\" content=\"Anpaddeln und M\u00fcll sammeln - Naturpark Sternberger Seenland\" \/>\n<meta property=\"og:description\" content=\"Am 15. April ab 14 Uhr organisiert der F\u00f6rderverein Naturpark Sternberger Seenland e.V. wieder eine gemeinsame Aktion zum Anpaddeln und M\u00fcll sammeln auf der Warnow und Mildenitz.\" \/>\n<meta property=\"og:url\" content=\"https:\/\/www.naturparkmagazin.de\/sternberger-seenland\/anpaddeln-und-muell-sammeln-2\/\" \/>\n<meta property=\"og:site_name\" content=\"Naturpark Sternberger Seenland\" \/>\n<meta property=\"article:published_time\" content=\"2016-03-11T09:23:24+00:00\" \/>\n<meta property=\"article:modified_time\" content=\"2016-03-17T10:16:51+00:00\" \/>\n<meta property=\"og:image\" content=\"https:\/\/www.naturparkmagazin.de\/sternberger-seenland\/wp-content\/uploads\/sites\/30\/Kanuten-auf-der-Warnow.jpg\" \/>\n\t<meta property=\"og:image:width\" content=\"500\" \/>\n\t<meta property=\"og:image:height\" content=\"300\" \/>\n\t<meta property=\"og:image:type\" content=\"image\/jpeg\" \/>\n<meta name=\"author\" content=\"janlippke\" \/>\n<meta name=\"twitter:label1\" content=\"Verfasst von\" \/>\n\t<meta name=\"twitter:data1\" content=\"janlippke\" \/>\n\t<meta name=\"twitter:label2\" content=\"Gesch\u00e4tzte Lesezeit\" \/>\n\t<meta name=\"twitter:data2\" content=\"1\u00a0Minute\" \/>\n<script type=\"application\/ld+json\" class=\"yoast-schema-graph\">{\"@context\":\"https:\/\/schema.org\",\"@graph\":[{\"@type\":\"WebPage\",\"@id\":\"https:\/\/www.naturparkmagazin.de\/sternberger-seenland\/anpaddeln-und-muell-sammeln-2\/\",\"url\":\"https:\/\/www.naturparkmagazin.de\/sternberger-seenland\/anpaddeln-und-muell-sammeln-2\/\",\"name\":\"Anpaddeln und M\u00fcll sammeln - Naturpark Sternberger Seenland\",\"isPartOf\":{\"@id\":\"https:\/\/www.naturparkmagazin.de\/sternberger-seenland\/#website\"},\"datePublished\":\"2016-03-11T09:23:24+00:00\",\"dateModified\":\"2016-03-17T10:16:51+00:00\",\"author\":{\"@id\":\"https:\/\/www.naturparkmagazin.de\/sternberger-seenland\/#\/schema\/person\/712a5f470a8c286777fddf77babba74a\"},\"breadcrumb\":{\"@id\":\"https:\/\/www.naturparkmagazin.de\/sternberger-seenland\/anpaddeln-und-muell-sammeln-2\/#breadcrumb\"},\"inLanguage\":\"de\",\"potentialAction\":[{\"@type\":\"ReadAction\",\"target\":[\"https:\/\/www.naturparkmagazin.de\/sternberger-seenland\/anpaddeln-und-muell-sammeln-2\/\"]}]},{\"@type\":\"BreadcrumbList\",\"@id\":\"https:\/\/www.naturparkmagazin.de\/sternberger-seenland\/anpaddeln-und-muell-sammeln-2\/#breadcrumb\",\"itemListElement\":[{\"@type\":\"ListItem\",\"position\":1,\"name\":\"Home\",\"item\":\"https:\/\/www.naturparkmagazin.de\/sternberger-seenland\/\"},{\"@type\":\"ListItem\",\"position\":2,\"name\":\"Anpaddeln und M\u00fcll sammeln\"}]},{\"@type\":\"WebSite\",\"@id\":\"https:\/\/www.naturparkmagazin.de\/sternberger-seenland\/#website\",\"url\":\"https:\/\/www.naturparkmagazin.de\/sternberger-seenland\/\",\"name\":\"Naturpark Sternberger Seenland\",\"description\":\"\",\"potentialAction\":[{\"@type\":\"SearchAction\",\"target\":{\"@type\":\"EntryPoint\",\"urlTemplate\":\"https:\/\/www.naturparkmagazin.de\/sternberger-seenland\/?s={search_term_string}\"},\"query-input\":\"required name=search_term_string\"}],\"inLanguage\":\"de\"},{\"@type\":\"Person\",\"@id\":\"https:\/\/www.naturparkmagazin.de\/sternberger-seenland\/#\/schema\/person\/712a5f470a8c286777fddf77babba74a\",\"name\":\"janlippke\",\"sameAs\":[\"http:\/\/www.naturpark-sternberger-seenland.de\"],\"url\":\"https:\/\/www.naturparkmagazin.de\/sternberger-seenland\/author\/janlippke\/\"}]}<\/script>\n<!-- \/ Yoast SEO plugin. -->","yoast_head_json":{"title":"Anpaddeln und M\u00fcll sammeln - Naturpark Sternberger Seenland","robots":{"index":"index","follow":"follow","max-snippet":"max-snippet:-1","max-image-preview":"max-image-preview:large","max-video-preview":"max-video-preview:-1"},"canonical":"https:\/\/www.naturparkmagazin.de\/sternberger-seenland\/anpaddeln-und-muell-sammeln-2\/","og_locale":"de_DE","og_type":"article","og_title":"Anpaddeln und M\u00fcll sammeln - Naturpark Sternberger Seenland","og_description":"Am 15. April ab 14 Uhr organisiert der F\u00f6rderverein Naturpark Sternberger Seenland e.V. wieder eine gemeinsame Aktion zum Anpaddeln und M\u00fcll sammeln auf der Warnow und Mildenitz.","og_url":"https:\/\/www.naturparkmagazin.de\/sternberger-seenland\/anpaddeln-und-muell-sammeln-2\/","og_site_name":"Naturpark Sternberger Seenland","article_published_time":"2016-03-11T09:23:24+00:00","article_modified_time":"2016-03-17T10:16:51+00:00","og_image":[{"width":500,"height":300,"url":"https:\/\/www.naturparkmagazin.de\/sternberger-seenland\/wp-content\/uploads\/sites\/30\/Kanuten-auf-der-Warnow.jpg","type":"image\/jpeg"}],"author":"janlippke","twitter_misc":{"Verfasst von":"janlippke","Gesch\u00e4tzte Lesezeit":"1\u00a0Minute"},"schema":{"@context":"https:\/\/schema.org","@graph":[{"@type":"WebPage","@id":"https:\/\/www.naturparkmagazin.de\/sternberger-seenland\/anpaddeln-und-muell-sammeln-2\/","url":"https:\/\/www.naturparkmagazin.de\/sternberger-seenland\/anpaddeln-und-muell-sammeln-2\/","name":"Anpaddeln und M\u00fcll sammeln - Naturpark Sternberger Seenland","isPartOf":{"@id":"https:\/\/www.naturparkmagazin.de\/sternberger-seenland\/#website"},"datePublished":"2016-03-11T09:23:24+00:00","dateModified":"2016-03-17T10:16:51+00:00","author":{"@id":"https:\/\/www.naturparkmagazin.de\/sternberger-seenland\/#\/schema\/person\/712a5f470a8c286777fddf77babba74a"},"breadcrumb":{"@id":"https:\/\/www.naturparkmagazin.de\/sternberger-seenland\/anpaddeln-und-muell-sammeln-2\/#breadcrumb"},"inLanguage":"de","potentialAction":[{"@type":"ReadAction","target":["https:\/\/www.naturparkmagazin.de\/sternberger-seenland\/anpaddeln-und-muell-sammeln-2\/"]}]},{"@type":"BreadcrumbList","@id":"https:\/\/www.naturparkmagazin.de\/sternberger-seenland\/anpaddeln-und-muell-sammeln-2\/#breadcrumb","itemListElement":[{"@type":"ListItem","position":1,"name":"Home","item":"https:\/\/www.naturparkmagazin.de\/sternberger-seenland\/"},{"@type":"ListItem","position":2,"name":"Anpaddeln und M\u00fcll sammeln"}]},{"@type":"WebSite","@id":"https:\/\/www.naturparkmagazin.de\/sternberger-seenland\/#website","url":"https:\/\/www.naturparkmagazin.de\/sternberger-seenland\/","name":"Naturpark Sternberger Seenland","description":"","potentialAction":[{"@type":"SearchAction","target":{"@type":"EntryPoint","urlTemplate":"https:\/\/www.naturparkmagazin.de\/sternberger-seenland\/?s={search_term_string}"},"query-input":"required name=search_term_string"}],"inLanguage":"de"},{"@type":"Person","@id":"https:\/\/www.naturparkmagazin.de\/sternberger-seenland\/#\/schema\/person\/712a5f470a8c286777fddf77babba74a","name":"janlippke","sameAs":["http:\/\/www.naturpark-sternberger-seenland.de"],"url":"https:\/\/www.naturparkmagazin.de\/sternberger-seenland\/author\/janlippke\/"}]}},"_links":{"self":[{"href":"https:\/\/www.naturparkmagazin.de\/sternberger-seenland\/wp-json\/wp\/v2\/posts\/1101"}],"collection":[{"href":"https:\/\/www.naturparkmagazin.de\/sternberger-seenland\/wp-json\/wp\/v2\/posts"}],"about":[{"href":"https:\/\/www.naturparkmagazin.de\/sternberger-seenland\/wp-json\/wp\/v2\/types\/post"}],"author":[{"embeddable":true,"href":"https:\/\/www.naturparkmagazin.de\/sternberger-seenland\/wp-json\/wp\/v2\/users\/27"}],"replies":[{"embeddable":true,"href":"https:\/\/www.naturparkmagazin.de\/sternberger-seenland\/wp-json\/wp\/v2\/comments?post=1101"}],"version-history":[{"count":3,"href":"https:\/\/www.naturparkmagazin.de\/sternberger-seenland\/wp-json\/wp\/v2\/posts\/1101\/revisions"}],"predecessor-version":[{"id":1114,"href":"https:\/\/www.naturparkmagazin.de\/sternberger-seenland\/wp-json\/wp\/v2\/posts\/1101\/revisions\/1114"}],"wp:featuredmedia":[{"embeddable":true,"href":"https:\/\/www.naturparkmagazin.de\/sternberger-seenland\/wp-json\/wp\/v2\/media\/399"}],"wp:attachment":[{"href":"https:\/\/www.naturparkmagazin.de\/sternberger-seenland\/wp-json\/wp\/v2\/media?parent=1101"}],"wp:term":[{"taxonomy":"category","embeddable":true,"href":"https:\/\/www.naturparkmagazin.de\/sternberger-seenland\/wp-json\/wp\/v2\/categories?post=1101"},{"taxonomy":"post_tag","embeddable":true,"href":"https:\/\/www.naturparkmagazin.de\/sternberger-seenland\/wp-json\/wp\/v2\/tags?post=1101"}],"curies":[{"name":"wp","href":"https:\/\/api.w.org\/{rel}","templated":true}]}}