{"id":1218,"date":"2016-06-14T15:44:38","date_gmt":"2016-06-14T13:44:38","guid":{"rendered":"http:\/\/www.naturparkmagazin.de\/sternberger-seenland\/?p=1218"},"modified":"2016-06-24T15:05:10","modified_gmt":"2016-06-24T13:05:10","slug":"neue-ausstellung-im-naturparkzentrum-wegesteine","status":"publish","type":"post","link":"https:\/\/www.naturparkmagazin.de\/sternberger-seenland\/neue-ausstellung-im-naturparkzentrum-wegesteine\/","title":{"rendered":"Neue Ausstellung im Naturparkzentrum: Wegesteine"},"content":{"rendered":"<p>Ab sofort ist im Veranstaltungsraum des Naturparkzentrums in Warin (Am Markt 1) die neue Fotoausstellung \u00fcber Wegesteine im Naturpark von Gudrun und Dr. Ernst Sch\u00fctzler zu sehen.<\/p>\n<p>Wegesteine sind alte Stra\u00dfenmarkierungen &#8211;\u00a0 behauene und gravierte Natursteine, die den damaligen jeweiligen Unterhalter eines Verkehrsweges auswiesen. Heute findet man die Kleindenkm\u00e4ler h\u00e4ufig neben Landstra\u00dfen oder auch unvermutet mitten im Wald. Den gesamten Juli k\u00f6nnen Sie die Ausstellung an den Wochentagen und Sonnabends von 10 bis 17 Uhr\u00a0 im Veranstaltungsraum des Naturparkzentrums in Warin (Am Markt 1) im Naturpark von Gudrun und Dr. Ernst Sch\u00fctzler besichtigen.<\/p>\n<div id=\"attachment_1219\" style=\"width: 310px\" class=\"wp-caption alignnone\"><a href=\"https:\/\/www.naturparkmagazin.de\/sternberger-seenland\/wp-content\/uploads\/sites\/30\/Wegstein_Pennewitt.jpg\"><img aria-describedby=\"caption-attachment-1219\" decoding=\"async\" loading=\"lazy\" class=\"size-full wp-image-1219\" src=\"https:\/\/www.naturparkmagazin.de\/sternberger-seenland\/wp-content\/uploads\/sites\/30\/Wegstein_Pennewitt.jpg\" alt=\"Wegstein Pennewitt\" width=\"300\" height=\"500\" srcset=\"https:\/\/www.naturparkmagazin.de\/sternberger-seenland\/wp-content\/uploads\/sites\/30\/Wegstein_Pennewitt.jpg 300w, https:\/\/www.naturparkmagazin.de\/sternberger-seenland\/wp-content\/uploads\/sites\/30\/Wegstein_Pennewitt-200x333.jpg 200w\" sizes=\"(max-width: 300px) 100vw, 300px\" \/><\/a><p id=\"caption-attachment-1219\" class=\"wp-caption-text\">Wegstein Pennewitt<\/p><\/div>\n","protected":false},"excerpt":{"rendered":"<p>Die Ausstellung \u00fcber Wegesteine von Gudrun und Dr. Ernst Sch\u00fctzler ist ab jetzt im Naturparkzentrum er\u00f6ffnet.<\/p>\n","protected":false},"author":27,"featured_media":1220,"comment_status":"open","ping_status":"open","sticky":false,"template":"","format":"standard","meta":[],"categories":[7],"tags":[],"yoast_head":"<!-- This site is optimized with the Yoast SEO plugin v19.10 - https:\/\/yoast.com\/wordpress\/plugins\/seo\/ -->\n<title>Neue Ausstellung im Naturparkzentrum: Wegesteine - Naturpark Sternberger Seenland<\/title>\n<meta name=\"robots\" content=\"index, follow, max-snippet:-1, max-image-preview:large, max-video-preview:-1\" \/>\n<link rel=\"canonical\" href=\"https:\/\/www.naturparkmagazin.de\/sternberger-seenland\/neue-ausstellung-im-naturparkzentrum-wegesteine\/\" \/>\n<meta property=\"og:locale\" content=\"de_DE\" \/>\n<meta property=\"og:type\" content=\"article\" \/>\n<meta property=\"og:title\" content=\"Neue Ausstellung im Naturparkzentrum: Wegesteine - Naturpark Sternberger Seenland\" \/>\n<meta property=\"og:description\" content=\"Die Ausstellung \u00fcber Wegesteine von Gudrun und Dr. Ernst Sch\u00fctzler ist ab jetzt im Naturparkzentrum er\u00f6ffnet.\" \/>\n<meta property=\"og:url\" content=\"https:\/\/www.naturparkmagazin.de\/sternberger-seenland\/neue-ausstellung-im-naturparkzentrum-wegesteine\/\" \/>\n<meta property=\"og:site_name\" content=\"Naturpark Sternberger Seenland\" \/>\n<meta property=\"article:published_time\" content=\"2016-06-14T13:44:38+00:00\" \/>\n<meta property=\"article:modified_time\" content=\"2016-06-24T13:05:10+00:00\" \/>\n<meta property=\"og:image\" content=\"https:\/\/www.naturparkmagazin.de\/sternberger-seenland\/wp-content\/uploads\/sites\/30\/WegmarkeGardenerM\u00fchle.jpg\" \/>\n\t<meta property=\"og:image:width\" content=\"300\" \/>\n\t<meta property=\"og:image:height\" content=\"500\" \/>\n\t<meta property=\"og:image:type\" content=\"image\/jpeg\" \/>\n<meta name=\"author\" content=\"janlippke\" \/>\n<meta name=\"twitter:label1\" content=\"Verfasst von\" \/>\n\t<meta name=\"twitter:data1\" content=\"janlippke\" \/>\n\t<meta name=\"twitter:label2\" content=\"Gesch\u00e4tzte Lesezeit\" \/>\n\t<meta name=\"twitter:data2\" content=\"1\u00a0Minute\" \/>\n<script type=\"application\/ld+json\" class=\"yoast-schema-graph\">{\"@context\":\"https:\/\/schema.org\",\"@graph\":[{\"@type\":\"WebPage\",\"@id\":\"https:\/\/www.naturparkmagazin.de\/sternberger-seenland\/neue-ausstellung-im-naturparkzentrum-wegesteine\/\",\"url\":\"https:\/\/www.naturparkmagazin.de\/sternberger-seenland\/neue-ausstellung-im-naturparkzentrum-wegesteine\/\",\"name\":\"Neue Ausstellung im Naturparkzentrum: Wegesteine - Naturpark Sternberger Seenland\",\"isPartOf\":{\"@id\":\"https:\/\/www.naturparkmagazin.de\/sternberger-seenland\/#website\"},\"datePublished\":\"2016-06-14T13:44:38+00:00\",\"dateModified\":\"2016-06-24T13:05:10+00:00\",\"author\":{\"@id\":\"https:\/\/www.naturparkmagazin.de\/sternberger-seenland\/#\/schema\/person\/712a5f470a8c286777fddf77babba74a\"},\"breadcrumb\":{\"@id\":\"https:\/\/www.naturparkmagazin.de\/sternberger-seenland\/neue-ausstellung-im-naturparkzentrum-wegesteine\/#breadcrumb\"},\"inLanguage\":\"de\",\"potentialAction\":[{\"@type\":\"ReadAction\",\"target\":[\"https:\/\/www.naturparkmagazin.de\/sternberger-seenland\/neue-ausstellung-im-naturparkzentrum-wegesteine\/\"]}]},{\"@type\":\"BreadcrumbList\",\"@id\":\"https:\/\/www.naturparkmagazin.de\/sternberger-seenland\/neue-ausstellung-im-naturparkzentrum-wegesteine\/#breadcrumb\",\"itemListElement\":[{\"@type\":\"ListItem\",\"position\":1,\"name\":\"Home\",\"item\":\"https:\/\/www.naturparkmagazin.de\/sternberger-seenland\/\"},{\"@type\":\"ListItem\",\"position\":2,\"name\":\"Neue Ausstellung im Naturparkzentrum: Wegesteine\"}]},{\"@type\":\"WebSite\",\"@id\":\"https:\/\/www.naturparkmagazin.de\/sternberger-seenland\/#website\",\"url\":\"https:\/\/www.naturparkmagazin.de\/sternberger-seenland\/\",\"name\":\"Naturpark Sternberger Seenland\",\"description\":\"\",\"potentialAction\":[{\"@type\":\"SearchAction\",\"target\":{\"@type\":\"EntryPoint\",\"urlTemplate\":\"https:\/\/www.naturparkmagazin.de\/sternberger-seenland\/?s={search_term_string}\"},\"query-input\":\"required name=search_term_string\"}],\"inLanguage\":\"de\"},{\"@type\":\"Person\",\"@id\":\"https:\/\/www.naturparkmagazin.de\/sternberger-seenland\/#\/schema\/person\/712a5f470a8c286777fddf77babba74a\",\"name\":\"janlippke\",\"sameAs\":[\"http:\/\/www.naturpark-sternberger-seenland.de\"],\"url\":\"https:\/\/www.naturparkmagazin.de\/sternberger-seenland\/author\/janlippke\/\"}]}<\/script>\n<!-- \/ Yoast SEO plugin. -->","yoast_head_json":{"title":"Neue Ausstellung im Naturparkzentrum: Wegesteine - Naturpark Sternberger Seenland","robots":{"index":"index","follow":"follow","max-snippet":"max-snippet:-1","max-image-preview":"max-image-preview:large","max-video-preview":"max-video-preview:-1"},"canonical":"https:\/\/www.naturparkmagazin.de\/sternberger-seenland\/neue-ausstellung-im-naturparkzentrum-wegesteine\/","og_locale":"de_DE","og_type":"article","og_title":"Neue Ausstellung im Naturparkzentrum: Wegesteine - Naturpark Sternberger Seenland","og_description":"Die Ausstellung \u00fcber Wegesteine von Gudrun und Dr. Ernst Sch\u00fctzler ist ab jetzt im Naturparkzentrum er\u00f6ffnet.","og_url":"https:\/\/www.naturparkmagazin.de\/sternberger-seenland\/neue-ausstellung-im-naturparkzentrum-wegesteine\/","og_site_name":"Naturpark Sternberger Seenland","article_published_time":"2016-06-14T13:44:38+00:00","article_modified_time":"2016-06-24T13:05:10+00:00","og_image":[{"width":300,"height":500,"url":"https:\/\/www.naturparkmagazin.de\/sternberger-seenland\/wp-content\/uploads\/sites\/30\/WegmarkeGardenerM\u00fchle.jpg","type":"image\/jpeg"}],"author":"janlippke","twitter_misc":{"Verfasst von":"janlippke","Gesch\u00e4tzte Lesezeit":"1\u00a0Minute"},"schema":{"@context":"https:\/\/schema.org","@graph":[{"@type":"WebPage","@id":"https:\/\/www.naturparkmagazin.de\/sternberger-seenland\/neue-ausstellung-im-naturparkzentrum-wegesteine\/","url":"https:\/\/www.naturparkmagazin.de\/sternberger-seenland\/neue-ausstellung-im-naturparkzentrum-wegesteine\/","name":"Neue Ausstellung im Naturparkzentrum: Wegesteine - Naturpark Sternberger Seenland","isPartOf":{"@id":"https:\/\/www.naturparkmagazin.de\/sternberger-seenland\/#website"},"datePublished":"2016-06-14T13:44:38+00:00","dateModified":"2016-06-24T13:05:10+00:00","author":{"@id":"https:\/\/www.naturparkmagazin.de\/sternberger-seenland\/#\/schema\/person\/712a5f470a8c286777fddf77babba74a"},"breadcrumb":{"@id":"https:\/\/www.naturparkmagazin.de\/sternberger-seenland\/neue-ausstellung-im-naturparkzentrum-wegesteine\/#breadcrumb"},"inLanguage":"de","potentialAction":[{"@type":"ReadAction","target":["https:\/\/www.naturparkmagazin.de\/sternberger-seenland\/neue-ausstellung-im-naturparkzentrum-wegesteine\/"]}]},{"@type":"BreadcrumbList","@id":"https:\/\/www.naturparkmagazin.de\/sternberger-seenland\/neue-ausstellung-im-naturparkzentrum-wegesteine\/#breadcrumb","itemListElement":[{"@type":"ListItem","position":1,"name":"Home","item":"https:\/\/www.naturparkmagazin.de\/sternberger-seenland\/"},{"@type":"ListItem","position":2,"name":"Neue Ausstellung im Naturparkzentrum: Wegesteine"}]},{"@type":"WebSite","@id":"https:\/\/www.naturparkmagazin.de\/sternberger-seenland\/#website","url":"https:\/\/www.naturparkmagazin.de\/sternberger-seenland\/","name":"Naturpark Sternberger Seenland","description":"","potentialAction":[{"@type":"SearchAction","target":{"@type":"EntryPoint","urlTemplate":"https:\/\/www.naturparkmagazin.de\/sternberger-seenland\/?s={search_term_string}"},"query-input":"required name=search_term_string"}],"inLanguage":"de"},{"@type":"Person","@id":"https:\/\/www.naturparkmagazin.de\/sternberger-seenland\/#\/schema\/person\/712a5f470a8c286777fddf77babba74a","name":"janlippke","sameAs":["http:\/\/www.naturpark-sternberger-seenland.de"],"url":"https:\/\/www.naturparkmagazin.de\/sternberger-seenland\/author\/janlippke\/"}]}},"_links":{"self":[{"href":"https:\/\/www.naturparkmagazin.de\/sternberger-seenland\/wp-json\/wp\/v2\/posts\/1218"}],"collection":[{"href":"https:\/\/www.naturparkmagazin.de\/sternberger-seenland\/wp-json\/wp\/v2\/posts"}],"about":[{"href":"https:\/\/www.naturparkmagazin.de\/sternberger-seenland\/wp-json\/wp\/v2\/types\/post"}],"author":[{"embeddable":true,"href":"https:\/\/www.naturparkmagazin.de\/sternberger-seenland\/wp-json\/wp\/v2\/users\/27"}],"replies":[{"embeddable":true,"href":"https:\/\/www.naturparkmagazin.de\/sternberger-seenland\/wp-json\/wp\/v2\/comments?post=1218"}],"version-history":[{"count":5,"href":"https:\/\/www.naturparkmagazin.de\/sternberger-seenland\/wp-json\/wp\/v2\/posts\/1218\/revisions"}],"predecessor-version":[{"id":1236,"href":"https:\/\/www.naturparkmagazin.de\/sternberger-seenland\/wp-json\/wp\/v2\/posts\/1218\/revisions\/1236"}],"wp:featuredmedia":[{"embeddable":true,"href":"https:\/\/www.naturparkmagazin.de\/sternberger-seenland\/wp-json\/wp\/v2\/media\/1220"}],"wp:attachment":[{"href":"https:\/\/www.naturparkmagazin.de\/sternberger-seenland\/wp-json\/wp\/v2\/media?parent=1218"}],"wp:term":[{"taxonomy":"category","embeddable":true,"href":"https:\/\/www.naturparkmagazin.de\/sternberger-seenland\/wp-json\/wp\/v2\/categories?post=1218"},{"taxonomy":"post_tag","embeddable":true,"href":"https:\/\/www.naturparkmagazin.de\/sternberger-seenland\/wp-json\/wp\/v2\/tags?post=1218"}],"curies":[{"name":"wp","href":"https:\/\/api.w.org\/{rel}","templated":true}]}}