{"id":1251,"date":"2016-07-18T09:04:01","date_gmt":"2016-07-18T07:04:01","guid":{"rendered":"http:\/\/www.naturparkmagazin.de\/sternberger-seenland\/?p=1251"},"modified":"2016-07-19T13:41:44","modified_gmt":"2016-07-19T11:41:44","slug":"neue-fotoausstellung-im-naturparkzentrum-heimische-schmetterlinge","status":"publish","type":"post","link":"https:\/\/www.naturparkmagazin.de\/sternberger-seenland\/neue-fotoausstellung-im-naturparkzentrum-heimische-schmetterlinge\/","title":{"rendered":"Neue Fotoausstellung im Naturparkzentrum: Heimische Schmetterlinge"},"content":{"rendered":"<p>Vom 18.07.2016 bis 10.09.2016 zeigt Udo Steinh\u00e4user aus Plau am See im Naturparkzentrum in Warin Fotografien einheimischer Schmetterlinge. Gezeigt werden ausschlie\u00dflich Fotos heimischer Falter, die in der Natur von Mecklenburg-Vorpommern, meist in der Umgebung von Plau, entstanden sind. Den Besucher erwarten nicht nur Fotos von Tagfaltern, sondern auch von Nachtfaltern. Entgegen landl\u00e4ufiger Vorurteile sind Nachtfalter alles andere als &#8222;nur&#8220; grau. Davon kann man sich bei der Ausstellung \u00fcberzeugen. Die Fotografie ist heutzutage ein probates Mittel, um Falter auf ganz andere Art zu sammeln als fr\u00fcher. Damals wurden unz\u00e4hlige Falter gefangen, get\u00f6tet und pr\u00e4pariert. Das ist heute kaum noch n\u00f6tig und bleibt in geringstem Ma\u00dfe wissenschaftlich arbeitenden Fachleuten vorbehalten.<\/p>\n<p>&nbsp;<\/p>\n<p>Schmetterlingsfreunde haben es da viel einfacher: Ein Druck auf den Ausl\u00f6ser der Kamera und das eben entdeckte Tier kann weiter fliegen. Und noch ein Vorteil: Fr\u00fcher war es nahezu unm\u00f6glich die Raupen der Falter zu pr\u00e4parieren und zu zeigen. Heute kann man die vielfach skurrilen Falterraupen &#8222;einfach ablichten&#8220; und hat so beste Naturdokumente der interessantesten Arten. \u00dcberhaupt wird bei der Besch\u00e4ftigung mit den heimischen Schmetterlingen deutlich, wie viele sch\u00f6ne und nur wenig bekannte Arten es bei uns vor der Haust\u00fcr noch gibt und was einige f\u00fcr interessante Lebensweisen haben. Dennoch ist Schmetterlingsfotografie alles andere als einfach. Man muss die Biologie der Tiere kennen, wann fliegt wo welcher Falter, an welchen Bl\u00fcmchen nippt er, an welcher Pflanze lebt die Raupe usw. usw. Dann muss das Wetter stimmen, man selbst muss Zeit zur richtigen Schmetterlingszeit haben, es gilt sich anzupirschen, den besten Kamerawinkel und die beste Perspektive zu suchen und zu finden, und dann, ja dann hat man das Bild noch immer nicht &#8222;im Kasten&#8220;, da viele Falter ziemlich scheu sind und bei geringster St\u00f6rung einfach davon fliegen. Die beste Zeit Schmetterlinge zu fotografieren liegt daher in den k\u00fchlen fr\u00fchen Morgen- bzw. sp\u00e4ten Abendstunden, wenn die Falter in der Vegetation ruhen. Dann muss man sie &#8222;nur&#8220; noch finden. Eine spezielle Kamera ben\u00f6tigt man nicht zwingend, eine Nahlinse bzw. ein Makroobjektiv sind dagegen sehr hilfreich. Jeder kann sich am Blumenbeet im eigenen Garten gern mal in der Schmetterlingsfotografie versuchen. Inspiration kann er sich ja vielleicht bei der Ausstellung im Naturparkzentrum in Warin holen &#8230;<\/p>\n<p>&nbsp;<\/p>\n<p>Das Falterreich ist auch in unseren Breiten noch erstaunlich vielf\u00e4ltig, auch wenn viele Falter aufgrund intensiver Landnutzung immer seltener werden. Der Fotograf w\u00fcrde sich freuen, wenn er mit seiner kleinen Ausstellung das Interesse f\u00fcr die bunten Schuppenfl\u00fcgler bei dem einen oder anderen Besucher wecken k\u00f6nnte.<\/p>\n<p>Zu sehen ist die Ausstellung Montag bis Samstag immer von 10 bis 17 Uhr zu den regul\u00e4ren \u00d6ffnungszeiten des Naturparkzentrums.<\/p>\n<div id=\"attachment_1252\" style=\"width: 510px\" class=\"wp-caption alignnone\"><a href=\"https:\/\/www.naturparkmagazin.de\/sternberger-seenland\/wp-content\/uploads\/sites\/30\/Taugpfau_klein.jpg\"><img aria-describedby=\"caption-attachment-1252\" decoding=\"async\" loading=\"lazy\" class=\"size-full wp-image-1252\" src=\"https:\/\/www.naturparkmagazin.de\/sternberger-seenland\/wp-content\/uploads\/sites\/30\/Taugpfau_klein.jpg\" alt=\"Tagpfauenauge   Copyright: Udo Steinh\u00e4user\" width=\"500\" height=\"300\" srcset=\"https:\/\/www.naturparkmagazin.de\/sternberger-seenland\/wp-content\/uploads\/sites\/30\/Taugpfau_klein.jpg 500w, https:\/\/www.naturparkmagazin.de\/sternberger-seenland\/wp-content\/uploads\/sites\/30\/Taugpfau_klein-300x180.jpg 300w, https:\/\/www.naturparkmagazin.de\/sternberger-seenland\/wp-content\/uploads\/sites\/30\/Taugpfau_klein-200x120.jpg 200w\" sizes=\"(max-width: 500px) 100vw, 500px\" \/><\/a><p id=\"caption-attachment-1252\" class=\"wp-caption-text\">Tagpfauenauge \u00a0 \u00a0 \u00a0 \u00a0 \u00a0 \u00a0 \u00a0 \u00a0 \u00a0 \u00a0 \u00a0 \u00a0 \u00a0 \u00a0 \u00a0 \u00a0 \u00a0 \u00a0 \u00a0 \u00a0 \u00a0 \u00a0 \u00a0 \u00a0 \u00a0 \u00a0 \u00a0 \u00a0 \u00a0 \u00a0 \u00a0 \u00a0 \u00a0 \u00a0 \u00a0 \u00a0 \u00a0 \u00a0 \u00a0 \u00a0 \u00a0 Copyright: Udo Steinh\u00e4user<\/p><\/div>\n","protected":false},"excerpt":{"rendered":"<p>Vom 18.07.2016 bis 10.09.2016 zeigt Udo Steinh\u00e4user aus Plau am See im Naturparkzentrum in Warin Fotografien einheimischer Schmetterlinge. Gezeigt werden ausschlie\u00dflich Fotos heimischer Falter, die in der Natur von Mecklenburg-Vorpommern, meist in der Umgebung von Plau, entstanden sind. Den Besucher erwarten nicht nur Fotos von Tagfaltern, sondern auch von Nachtfaltern. Entgegen landl\u00e4ufiger Vorurteile sind Nachtfalter<\/p>\n","protected":false},"author":27,"featured_media":1253,"comment_status":"open","ping_status":"open","sticky":false,"template":"","format":"standard","meta":[],"categories":[7],"tags":[],"yoast_head":"<!-- This site is optimized with the Yoast SEO plugin v19.10 - https:\/\/yoast.com\/wordpress\/plugins\/seo\/ -->\n<title>Neue Fotoausstellung im Naturparkzentrum: Heimische Schmetterlinge - Naturpark Sternberger Seenland<\/title>\n<meta name=\"robots\" content=\"index, follow, max-snippet:-1, max-image-preview:large, max-video-preview:-1\" \/>\n<link rel=\"canonical\" href=\"https:\/\/www.naturparkmagazin.de\/sternberger-seenland\/neue-fotoausstellung-im-naturparkzentrum-heimische-schmetterlinge\/\" \/>\n<meta property=\"og:locale\" content=\"de_DE\" \/>\n<meta property=\"og:type\" content=\"article\" \/>\n<meta property=\"og:title\" content=\"Neue Fotoausstellung im Naturparkzentrum: Heimische Schmetterlinge - Naturpark Sternberger Seenland\" \/>\n<meta property=\"og:description\" content=\"Vom 18.07.2016 bis 10.09.2016 zeigt Udo Steinh\u00e4user aus Plau am See im Naturparkzentrum in Warin Fotografien einheimischer Schmetterlinge. Gezeigt werden ausschlie\u00dflich Fotos heimischer Falter, die in der Natur von Mecklenburg-Vorpommern, meist in der Umgebung von Plau, entstanden sind. Den Besucher erwarten nicht nur Fotos von Tagfaltern, sondern auch von Nachtfaltern. Entgegen landl\u00e4ufiger Vorurteile sind Nachtfalter\" \/>\n<meta property=\"og:url\" content=\"https:\/\/www.naturparkmagazin.de\/sternberger-seenland\/neue-fotoausstellung-im-naturparkzentrum-heimische-schmetterlinge\/\" \/>\n<meta property=\"og:site_name\" content=\"Naturpark Sternberger Seenland\" \/>\n<meta property=\"article:published_time\" content=\"2016-07-18T07:04:01+00:00\" \/>\n<meta property=\"article:modified_time\" content=\"2016-07-19T11:41:44+00:00\" \/>\n<meta property=\"og:image\" content=\"https:\/\/www.naturparkmagazin.de\/sternberger-seenland\/wp-content\/uploads\/sites\/30\/Kaisermantel_klein.jpg\" \/>\n\t<meta property=\"og:image:width\" content=\"500\" \/>\n\t<meta property=\"og:image:height\" content=\"300\" \/>\n\t<meta property=\"og:image:type\" content=\"image\/jpeg\" \/>\n<meta name=\"author\" content=\"janlippke\" \/>\n<meta name=\"twitter:label1\" content=\"Verfasst von\" \/>\n\t<meta name=\"twitter:data1\" content=\"janlippke\" \/>\n\t<meta name=\"twitter:label2\" content=\"Gesch\u00e4tzte Lesezeit\" \/>\n\t<meta name=\"twitter:data2\" content=\"2\u00a0Minuten\" \/>\n<script type=\"application\/ld+json\" class=\"yoast-schema-graph\">{\"@context\":\"https:\/\/schema.org\",\"@graph\":[{\"@type\":\"WebPage\",\"@id\":\"https:\/\/www.naturparkmagazin.de\/sternberger-seenland\/neue-fotoausstellung-im-naturparkzentrum-heimische-schmetterlinge\/\",\"url\":\"https:\/\/www.naturparkmagazin.de\/sternberger-seenland\/neue-fotoausstellung-im-naturparkzentrum-heimische-schmetterlinge\/\",\"name\":\"Neue Fotoausstellung im Naturparkzentrum: Heimische Schmetterlinge - Naturpark Sternberger Seenland\",\"isPartOf\":{\"@id\":\"https:\/\/www.naturparkmagazin.de\/sternberger-seenland\/#website\"},\"datePublished\":\"2016-07-18T07:04:01+00:00\",\"dateModified\":\"2016-07-19T11:41:44+00:00\",\"author\":{\"@id\":\"https:\/\/www.naturparkmagazin.de\/sternberger-seenland\/#\/schema\/person\/712a5f470a8c286777fddf77babba74a\"},\"breadcrumb\":{\"@id\":\"https:\/\/www.naturparkmagazin.de\/sternberger-seenland\/neue-fotoausstellung-im-naturparkzentrum-heimische-schmetterlinge\/#breadcrumb\"},\"inLanguage\":\"de\",\"potentialAction\":[{\"@type\":\"ReadAction\",\"target\":[\"https:\/\/www.naturparkmagazin.de\/sternberger-seenland\/neue-fotoausstellung-im-naturparkzentrum-heimische-schmetterlinge\/\"]}]},{\"@type\":\"BreadcrumbList\",\"@id\":\"https:\/\/www.naturparkmagazin.de\/sternberger-seenland\/neue-fotoausstellung-im-naturparkzentrum-heimische-schmetterlinge\/#breadcrumb\",\"itemListElement\":[{\"@type\":\"ListItem\",\"position\":1,\"name\":\"Home\",\"item\":\"https:\/\/www.naturparkmagazin.de\/sternberger-seenland\/\"},{\"@type\":\"ListItem\",\"position\":2,\"name\":\"Neue Fotoausstellung im Naturparkzentrum: Heimische Schmetterlinge\"}]},{\"@type\":\"WebSite\",\"@id\":\"https:\/\/www.naturparkmagazin.de\/sternberger-seenland\/#website\",\"url\":\"https:\/\/www.naturparkmagazin.de\/sternberger-seenland\/\",\"name\":\"Naturpark Sternberger Seenland\",\"description\":\"\",\"potentialAction\":[{\"@type\":\"SearchAction\",\"target\":{\"@type\":\"EntryPoint\",\"urlTemplate\":\"https:\/\/www.naturparkmagazin.de\/sternberger-seenland\/?s={search_term_string}\"},\"query-input\":\"required name=search_term_string\"}],\"inLanguage\":\"de\"},{\"@type\":\"Person\",\"@id\":\"https:\/\/www.naturparkmagazin.de\/sternberger-seenland\/#\/schema\/person\/712a5f470a8c286777fddf77babba74a\",\"name\":\"janlippke\",\"sameAs\":[\"http:\/\/www.naturpark-sternberger-seenland.de\"],\"url\":\"https:\/\/www.naturparkmagazin.de\/sternberger-seenland\/author\/janlippke\/\"}]}<\/script>\n<!-- \/ Yoast SEO plugin. -->","yoast_head_json":{"title":"Neue Fotoausstellung im Naturparkzentrum: Heimische Schmetterlinge - Naturpark Sternberger Seenland","robots":{"index":"index","follow":"follow","max-snippet":"max-snippet:-1","max-image-preview":"max-image-preview:large","max-video-preview":"max-video-preview:-1"},"canonical":"https:\/\/www.naturparkmagazin.de\/sternberger-seenland\/neue-fotoausstellung-im-naturparkzentrum-heimische-schmetterlinge\/","og_locale":"de_DE","og_type":"article","og_title":"Neue Fotoausstellung im Naturparkzentrum: Heimische Schmetterlinge - Naturpark Sternberger Seenland","og_description":"Vom 18.07.2016 bis 10.09.2016 zeigt Udo Steinh\u00e4user aus Plau am See im Naturparkzentrum in Warin Fotografien einheimischer Schmetterlinge. Gezeigt werden ausschlie\u00dflich Fotos heimischer Falter, die in der Natur von Mecklenburg-Vorpommern, meist in der Umgebung von Plau, entstanden sind. Den Besucher erwarten nicht nur Fotos von Tagfaltern, sondern auch von Nachtfaltern. Entgegen landl\u00e4ufiger Vorurteile sind Nachtfalter","og_url":"https:\/\/www.naturparkmagazin.de\/sternberger-seenland\/neue-fotoausstellung-im-naturparkzentrum-heimische-schmetterlinge\/","og_site_name":"Naturpark Sternberger Seenland","article_published_time":"2016-07-18T07:04:01+00:00","article_modified_time":"2016-07-19T11:41:44+00:00","og_image":[{"width":500,"height":300,"url":"https:\/\/www.naturparkmagazin.de\/sternberger-seenland\/wp-content\/uploads\/sites\/30\/Kaisermantel_klein.jpg","type":"image\/jpeg"}],"author":"janlippke","twitter_misc":{"Verfasst von":"janlippke","Gesch\u00e4tzte Lesezeit":"2\u00a0Minuten"},"schema":{"@context":"https:\/\/schema.org","@graph":[{"@type":"WebPage","@id":"https:\/\/www.naturparkmagazin.de\/sternberger-seenland\/neue-fotoausstellung-im-naturparkzentrum-heimische-schmetterlinge\/","url":"https:\/\/www.naturparkmagazin.de\/sternberger-seenland\/neue-fotoausstellung-im-naturparkzentrum-heimische-schmetterlinge\/","name":"Neue Fotoausstellung im Naturparkzentrum: Heimische Schmetterlinge - Naturpark Sternberger Seenland","isPartOf":{"@id":"https:\/\/www.naturparkmagazin.de\/sternberger-seenland\/#website"},"datePublished":"2016-07-18T07:04:01+00:00","dateModified":"2016-07-19T11:41:44+00:00","author":{"@id":"https:\/\/www.naturparkmagazin.de\/sternberger-seenland\/#\/schema\/person\/712a5f470a8c286777fddf77babba74a"},"breadcrumb":{"@id":"https:\/\/www.naturparkmagazin.de\/sternberger-seenland\/neue-fotoausstellung-im-naturparkzentrum-heimische-schmetterlinge\/#breadcrumb"},"inLanguage":"de","potentialAction":[{"@type":"ReadAction","target":["https:\/\/www.naturparkmagazin.de\/sternberger-seenland\/neue-fotoausstellung-im-naturparkzentrum-heimische-schmetterlinge\/"]}]},{"@type":"BreadcrumbList","@id":"https:\/\/www.naturparkmagazin.de\/sternberger-seenland\/neue-fotoausstellung-im-naturparkzentrum-heimische-schmetterlinge\/#breadcrumb","itemListElement":[{"@type":"ListItem","position":1,"name":"Home","item":"https:\/\/www.naturparkmagazin.de\/sternberger-seenland\/"},{"@type":"ListItem","position":2,"name":"Neue Fotoausstellung im Naturparkzentrum: Heimische Schmetterlinge"}]},{"@type":"WebSite","@id":"https:\/\/www.naturparkmagazin.de\/sternberger-seenland\/#website","url":"https:\/\/www.naturparkmagazin.de\/sternberger-seenland\/","name":"Naturpark Sternberger Seenland","description":"","potentialAction":[{"@type":"SearchAction","target":{"@type":"EntryPoint","urlTemplate":"https:\/\/www.naturparkmagazin.de\/sternberger-seenland\/?s={search_term_string}"},"query-input":"required name=search_term_string"}],"inLanguage":"de"},{"@type":"Person","@id":"https:\/\/www.naturparkmagazin.de\/sternberger-seenland\/#\/schema\/person\/712a5f470a8c286777fddf77babba74a","name":"janlippke","sameAs":["http:\/\/www.naturpark-sternberger-seenland.de"],"url":"https:\/\/www.naturparkmagazin.de\/sternberger-seenland\/author\/janlippke\/"}]}},"_links":{"self":[{"href":"https:\/\/www.naturparkmagazin.de\/sternberger-seenland\/wp-json\/wp\/v2\/posts\/1251"}],"collection":[{"href":"https:\/\/www.naturparkmagazin.de\/sternberger-seenland\/wp-json\/wp\/v2\/posts"}],"about":[{"href":"https:\/\/www.naturparkmagazin.de\/sternberger-seenland\/wp-json\/wp\/v2\/types\/post"}],"author":[{"embeddable":true,"href":"https:\/\/www.naturparkmagazin.de\/sternberger-seenland\/wp-json\/wp\/v2\/users\/27"}],"replies":[{"embeddable":true,"href":"https:\/\/www.naturparkmagazin.de\/sternberger-seenland\/wp-json\/wp\/v2\/comments?post=1251"}],"version-history":[{"count":2,"href":"https:\/\/www.naturparkmagazin.de\/sternberger-seenland\/wp-json\/wp\/v2\/posts\/1251\/revisions"}],"predecessor-version":[{"id":1257,"href":"https:\/\/www.naturparkmagazin.de\/sternberger-seenland\/wp-json\/wp\/v2\/posts\/1251\/revisions\/1257"}],"wp:featuredmedia":[{"embeddable":true,"href":"https:\/\/www.naturparkmagazin.de\/sternberger-seenland\/wp-json\/wp\/v2\/media\/1253"}],"wp:attachment":[{"href":"https:\/\/www.naturparkmagazin.de\/sternberger-seenland\/wp-json\/wp\/v2\/media?parent=1251"}],"wp:term":[{"taxonomy":"category","embeddable":true,"href":"https:\/\/www.naturparkmagazin.de\/sternberger-seenland\/wp-json\/wp\/v2\/categories?post=1251"},{"taxonomy":"post_tag","embeddable":true,"href":"https:\/\/www.naturparkmagazin.de\/sternberger-seenland\/wp-json\/wp\/v2\/tags?post=1251"}],"curies":[{"name":"wp","href":"https:\/\/api.w.org\/{rel}","templated":true}]}}