{"id":1272,"date":"2016-08-16T16:30:37","date_gmt":"2016-08-16T14:30:37","guid":{"rendered":"http:\/\/www.naturparkmagazin.de\/sternberger-seenland\/?p=1272"},"modified":"2016-08-29T12:00:28","modified_gmt":"2016-08-29T10:00:28","slug":"wanderung-mit-dem-ranger-wald-biber-oder-biber-wald","status":"publish","type":"post","link":"https:\/\/www.naturparkmagazin.de\/sternberger-seenland\/wanderung-mit-dem-ranger-wald-biber-oder-biber-wald\/","title":{"rendered":"Wanderung mit dem Ranger &#8222;Wald-Biber oder Biber-Wald?&#8220;"},"content":{"rendered":"<p>Am 15. September findet eine gef\u00fchrte Wanderung mit einem Naturparkranger\u00a0 durch das Radebachtal unter dem Motto &#8222;Wald-Biber oder Biber-Wald&#8220; statt. Treffpunkt ist um 10 Uhr am Bahnhof in Blankenberg. Von dort geht es in das landschaftlich wundersch\u00f6ne Radebachtal, wo unter anderem auch Biber zu Hause sind. Deren Spuren findet man an vielen der alten B\u00e4ume, was den F\u00f6rster nicht immer freut. Allerdings haben die Biber auch einen ziemlich langen Damm errichtet, der den Radebach zu einem kleinen See anstaut und so vielen anderen Tieren einen Lebensraum bietet. Dar\u00fcber wird Sie der Ranger informieren und auch auf die eiszeitliche Entstehung der Landschaft eingehen. Gegen 13:30 Uhr sind Sie dann mit vielen neuen Eindr\u00fccken wieder am Ausgangspunkt Bahnhof Blankenberg.<\/p>\n<div id=\"attachment_71\" style=\"width: 630px\" class=\"wp-caption alignnone\"><a href=\"https:\/\/www.naturparkmagazin.de\/sternberger-seenland\/wp-content\/uploads\/sites\/30\/Biber-August.jpg\"><img aria-describedby=\"caption-attachment-71\" decoding=\"async\" loading=\"lazy\" class=\"size-medium wp-image-71\" src=\"https:\/\/www.naturparkmagazin.de\/sternberger-seenland\/wp-content\/uploads\/sites\/30\/Biber-August-620x412.jpg\" alt=\"Biber &quot;August&quot;\" width=\"620\" height=\"412\" srcset=\"https:\/\/www.naturparkmagazin.de\/sternberger-seenland\/wp-content\/uploads\/sites\/30\/Biber-August-620x412.jpg 620w, https:\/\/www.naturparkmagazin.de\/sternberger-seenland\/wp-content\/uploads\/sites\/30\/Biber-August-300x199.jpg 300w, https:\/\/www.naturparkmagazin.de\/sternberger-seenland\/wp-content\/uploads\/sites\/30\/Biber-August-670x445.jpg 670w, https:\/\/www.naturparkmagazin.de\/sternberger-seenland\/wp-content\/uploads\/sites\/30\/Biber-August-200x133.jpg 200w, https:\/\/www.naturparkmagazin.de\/sternberger-seenland\/wp-content\/uploads\/sites\/30\/Biber-August.jpg 886w\" sizes=\"(max-width: 620px) 100vw, 620px\" \/><\/a><p id=\"caption-attachment-71\" class=\"wp-caption-text\">Biber &#8222;August&#8220;<\/p><\/div>\n<p>&nbsp;<\/p>\n","protected":false},"excerpt":{"rendered":"<p>Eine gef\u00fchrte Wanderung mit einem Naturparkranger  durch das Radebachtal unter dem Motto &#8222;Wald-Biber oder Biber-Wald&#8220; findet am 15. September statt.<\/p>\n","protected":false},"author":27,"featured_media":1273,"comment_status":"open","ping_status":"open","sticky":false,"template":"","format":"standard","meta":[],"categories":[11],"tags":[],"yoast_head":"<!-- This site is optimized with the Yoast SEO plugin v19.10 - https:\/\/yoast.com\/wordpress\/plugins\/seo\/ -->\n<title>Wanderung mit dem Ranger &quot;Wald-Biber oder Biber-Wald?&quot; - Naturpark Sternberger Seenland<\/title>\n<meta name=\"robots\" content=\"index, follow, max-snippet:-1, max-image-preview:large, max-video-preview:-1\" \/>\n<link rel=\"canonical\" href=\"https:\/\/www.naturparkmagazin.de\/sternberger-seenland\/wanderung-mit-dem-ranger-wald-biber-oder-biber-wald\/\" \/>\n<meta property=\"og:locale\" content=\"de_DE\" \/>\n<meta property=\"og:type\" content=\"article\" \/>\n<meta property=\"og:title\" content=\"Wanderung mit dem Ranger &quot;Wald-Biber oder Biber-Wald?&quot; - Naturpark Sternberger Seenland\" \/>\n<meta property=\"og:description\" content=\"Eine gef\u00fchrte Wanderung mit einem Naturparkranger durch das Radebachtal unter dem Motto &quot;Wald-Biber oder Biber-Wald&quot; findet am 15. September statt.\" \/>\n<meta property=\"og:url\" content=\"https:\/\/www.naturparkmagazin.de\/sternberger-seenland\/wanderung-mit-dem-ranger-wald-biber-oder-biber-wald\/\" \/>\n<meta property=\"og:site_name\" content=\"Naturpark Sternberger Seenland\" \/>\n<meta property=\"article:published_time\" content=\"2016-08-16T14:30:37+00:00\" \/>\n<meta property=\"article:modified_time\" content=\"2016-08-29T10:00:28+00:00\" \/>\n<meta property=\"og:image\" content=\"https:\/\/www.naturparkmagazin.de\/sternberger-seenland\/wp-content\/uploads\/sites\/30\/Biberdamm-am-Radebach11.jpg\" \/>\n\t<meta property=\"og:image:width\" content=\"500\" \/>\n\t<meta property=\"og:image:height\" content=\"300\" \/>\n\t<meta property=\"og:image:type\" content=\"image\/jpeg\" \/>\n<meta name=\"author\" content=\"janlippke\" \/>\n<meta name=\"twitter:label1\" content=\"Verfasst von\" \/>\n\t<meta name=\"twitter:data1\" content=\"janlippke\" \/>\n\t<meta name=\"twitter:label2\" content=\"Gesch\u00e4tzte Lesezeit\" \/>\n\t<meta name=\"twitter:data2\" content=\"1\u00a0Minute\" \/>\n<script type=\"application\/ld+json\" class=\"yoast-schema-graph\">{\"@context\":\"https:\/\/schema.org\",\"@graph\":[{\"@type\":\"WebPage\",\"@id\":\"https:\/\/www.naturparkmagazin.de\/sternberger-seenland\/wanderung-mit-dem-ranger-wald-biber-oder-biber-wald\/\",\"url\":\"https:\/\/www.naturparkmagazin.de\/sternberger-seenland\/wanderung-mit-dem-ranger-wald-biber-oder-biber-wald\/\",\"name\":\"Wanderung mit dem Ranger \\\"Wald-Biber oder Biber-Wald?\\\" - Naturpark Sternberger Seenland\",\"isPartOf\":{\"@id\":\"https:\/\/www.naturparkmagazin.de\/sternberger-seenland\/#website\"},\"datePublished\":\"2016-08-16T14:30:37+00:00\",\"dateModified\":\"2016-08-29T10:00:28+00:00\",\"author\":{\"@id\":\"https:\/\/www.naturparkmagazin.de\/sternberger-seenland\/#\/schema\/person\/712a5f470a8c286777fddf77babba74a\"},\"breadcrumb\":{\"@id\":\"https:\/\/www.naturparkmagazin.de\/sternberger-seenland\/wanderung-mit-dem-ranger-wald-biber-oder-biber-wald\/#breadcrumb\"},\"inLanguage\":\"de\",\"potentialAction\":[{\"@type\":\"ReadAction\",\"target\":[\"https:\/\/www.naturparkmagazin.de\/sternberger-seenland\/wanderung-mit-dem-ranger-wald-biber-oder-biber-wald\/\"]}]},{\"@type\":\"BreadcrumbList\",\"@id\":\"https:\/\/www.naturparkmagazin.de\/sternberger-seenland\/wanderung-mit-dem-ranger-wald-biber-oder-biber-wald\/#breadcrumb\",\"itemListElement\":[{\"@type\":\"ListItem\",\"position\":1,\"name\":\"Home\",\"item\":\"https:\/\/www.naturparkmagazin.de\/sternberger-seenland\/\"},{\"@type\":\"ListItem\",\"position\":2,\"name\":\"Wanderung mit dem Ranger &#8222;Wald-Biber oder Biber-Wald?&#8220;\"}]},{\"@type\":\"WebSite\",\"@id\":\"https:\/\/www.naturparkmagazin.de\/sternberger-seenland\/#website\",\"url\":\"https:\/\/www.naturparkmagazin.de\/sternberger-seenland\/\",\"name\":\"Naturpark Sternberger Seenland\",\"description\":\"\",\"potentialAction\":[{\"@type\":\"SearchAction\",\"target\":{\"@type\":\"EntryPoint\",\"urlTemplate\":\"https:\/\/www.naturparkmagazin.de\/sternberger-seenland\/?s={search_term_string}\"},\"query-input\":\"required name=search_term_string\"}],\"inLanguage\":\"de\"},{\"@type\":\"Person\",\"@id\":\"https:\/\/www.naturparkmagazin.de\/sternberger-seenland\/#\/schema\/person\/712a5f470a8c286777fddf77babba74a\",\"name\":\"janlippke\",\"sameAs\":[\"http:\/\/www.naturpark-sternberger-seenland.de\"],\"url\":\"https:\/\/www.naturparkmagazin.de\/sternberger-seenland\/author\/janlippke\/\"}]}<\/script>\n<!-- \/ Yoast SEO plugin. -->","yoast_head_json":{"title":"Wanderung mit dem Ranger \"Wald-Biber oder Biber-Wald?\" - Naturpark Sternberger Seenland","robots":{"index":"index","follow":"follow","max-snippet":"max-snippet:-1","max-image-preview":"max-image-preview:large","max-video-preview":"max-video-preview:-1"},"canonical":"https:\/\/www.naturparkmagazin.de\/sternberger-seenland\/wanderung-mit-dem-ranger-wald-biber-oder-biber-wald\/","og_locale":"de_DE","og_type":"article","og_title":"Wanderung mit dem Ranger \"Wald-Biber oder Biber-Wald?\" - Naturpark Sternberger Seenland","og_description":"Eine gef\u00fchrte Wanderung mit einem Naturparkranger durch das Radebachtal unter dem Motto \"Wald-Biber oder Biber-Wald\" findet am 15. September statt.","og_url":"https:\/\/www.naturparkmagazin.de\/sternberger-seenland\/wanderung-mit-dem-ranger-wald-biber-oder-biber-wald\/","og_site_name":"Naturpark Sternberger Seenland","article_published_time":"2016-08-16T14:30:37+00:00","article_modified_time":"2016-08-29T10:00:28+00:00","og_image":[{"width":500,"height":300,"url":"https:\/\/www.naturparkmagazin.de\/sternberger-seenland\/wp-content\/uploads\/sites\/30\/Biberdamm-am-Radebach11.jpg","type":"image\/jpeg"}],"author":"janlippke","twitter_misc":{"Verfasst von":"janlippke","Gesch\u00e4tzte Lesezeit":"1\u00a0Minute"},"schema":{"@context":"https:\/\/schema.org","@graph":[{"@type":"WebPage","@id":"https:\/\/www.naturparkmagazin.de\/sternberger-seenland\/wanderung-mit-dem-ranger-wald-biber-oder-biber-wald\/","url":"https:\/\/www.naturparkmagazin.de\/sternberger-seenland\/wanderung-mit-dem-ranger-wald-biber-oder-biber-wald\/","name":"Wanderung mit dem Ranger \"Wald-Biber oder Biber-Wald?\" - Naturpark Sternberger Seenland","isPartOf":{"@id":"https:\/\/www.naturparkmagazin.de\/sternberger-seenland\/#website"},"datePublished":"2016-08-16T14:30:37+00:00","dateModified":"2016-08-29T10:00:28+00:00","author":{"@id":"https:\/\/www.naturparkmagazin.de\/sternberger-seenland\/#\/schema\/person\/712a5f470a8c286777fddf77babba74a"},"breadcrumb":{"@id":"https:\/\/www.naturparkmagazin.de\/sternberger-seenland\/wanderung-mit-dem-ranger-wald-biber-oder-biber-wald\/#breadcrumb"},"inLanguage":"de","potentialAction":[{"@type":"ReadAction","target":["https:\/\/www.naturparkmagazin.de\/sternberger-seenland\/wanderung-mit-dem-ranger-wald-biber-oder-biber-wald\/"]}]},{"@type":"BreadcrumbList","@id":"https:\/\/www.naturparkmagazin.de\/sternberger-seenland\/wanderung-mit-dem-ranger-wald-biber-oder-biber-wald\/#breadcrumb","itemListElement":[{"@type":"ListItem","position":1,"name":"Home","item":"https:\/\/www.naturparkmagazin.de\/sternberger-seenland\/"},{"@type":"ListItem","position":2,"name":"Wanderung mit dem Ranger &#8222;Wald-Biber oder Biber-Wald?&#8220;"}]},{"@type":"WebSite","@id":"https:\/\/www.naturparkmagazin.de\/sternberger-seenland\/#website","url":"https:\/\/www.naturparkmagazin.de\/sternberger-seenland\/","name":"Naturpark Sternberger Seenland","description":"","potentialAction":[{"@type":"SearchAction","target":{"@type":"EntryPoint","urlTemplate":"https:\/\/www.naturparkmagazin.de\/sternberger-seenland\/?s={search_term_string}"},"query-input":"required name=search_term_string"}],"inLanguage":"de"},{"@type":"Person","@id":"https:\/\/www.naturparkmagazin.de\/sternberger-seenland\/#\/schema\/person\/712a5f470a8c286777fddf77babba74a","name":"janlippke","sameAs":["http:\/\/www.naturpark-sternberger-seenland.de"],"url":"https:\/\/www.naturparkmagazin.de\/sternberger-seenland\/author\/janlippke\/"}]}},"_links":{"self":[{"href":"https:\/\/www.naturparkmagazin.de\/sternberger-seenland\/wp-json\/wp\/v2\/posts\/1272"}],"collection":[{"href":"https:\/\/www.naturparkmagazin.de\/sternberger-seenland\/wp-json\/wp\/v2\/posts"}],"about":[{"href":"https:\/\/www.naturparkmagazin.de\/sternberger-seenland\/wp-json\/wp\/v2\/types\/post"}],"author":[{"embeddable":true,"href":"https:\/\/www.naturparkmagazin.de\/sternberger-seenland\/wp-json\/wp\/v2\/users\/27"}],"replies":[{"embeddable":true,"href":"https:\/\/www.naturparkmagazin.de\/sternberger-seenland\/wp-json\/wp\/v2\/comments?post=1272"}],"version-history":[{"count":4,"href":"https:\/\/www.naturparkmagazin.de\/sternberger-seenland\/wp-json\/wp\/v2\/posts\/1272\/revisions"}],"predecessor-version":[{"id":1293,"href":"https:\/\/www.naturparkmagazin.de\/sternberger-seenland\/wp-json\/wp\/v2\/posts\/1272\/revisions\/1293"}],"wp:featuredmedia":[{"embeddable":true,"href":"https:\/\/www.naturparkmagazin.de\/sternberger-seenland\/wp-json\/wp\/v2\/media\/1273"}],"wp:attachment":[{"href":"https:\/\/www.naturparkmagazin.de\/sternberger-seenland\/wp-json\/wp\/v2\/media?parent=1272"}],"wp:term":[{"taxonomy":"category","embeddable":true,"href":"https:\/\/www.naturparkmagazin.de\/sternberger-seenland\/wp-json\/wp\/v2\/categories?post=1272"},{"taxonomy":"post_tag","embeddable":true,"href":"https:\/\/www.naturparkmagazin.de\/sternberger-seenland\/wp-json\/wp\/v2\/tags?post=1272"}],"curies":[{"name":"wp","href":"https:\/\/api.w.org\/{rel}","templated":true}]}}