{"id":1314,"date":"2016-09-14T13:21:15","date_gmt":"2016-09-14T11:21:15","guid":{"rendered":"http:\/\/www.naturparkmagazin.de\/sternberger-seenland\/?p=1314"},"modified":"2016-09-14T13:21:15","modified_gmt":"2016-09-14T11:21:15","slug":"unser-neuer-foejler-stellt-sich-vor","status":"publish","type":"post","link":"https:\/\/www.naturparkmagazin.de\/sternberger-seenland\/unser-neuer-foejler-stellt-sich-vor\/","title":{"rendered":"Unser neuer F\u00d6Jler stellt sich vor"},"content":{"rendered":"<p>Ich hei\u00dfe Hannes Plaumann und bin f\u00fcr das Jahr 2016\/2017 der neue F\u00d6Jler im Naturpark Sternberger Seenland. Seit meiner Abiturzeit war mir klar, dass ich in der Natur und f\u00fcr die Natur arbeiten m\u00f6chte. Nach 12 Jahren Schule wollte ich raus, mich f\u00fcr den Naturschutz engagieren und mit anpacken. Der Naturpark ist daf\u00fcr die beste M\u00f6glichkeit. Zum Beispiel werde ich mit den Rangern Infotafeln und Schilder aufbauen, F\u00fchrungen begleiten und beim Monitoring helfen. Ich m\u00f6chte lernen wie ein Naturpark arbeitet und mein Wissen \u00fcber die Pflanzen- und Tierwelt erweitern. Das F\u00d6J wird mir helfen, mich beruflich zu orientieren und mich eventuell best\u00e4rken in die Forstwirtschaft zu gehen. Das Sternberger Seenland hat sehr viel zu bieten und ich freue mich deshalb auf das Freiwillige \u00d6kologische Jahr hier im Naturpark.<\/p>\n<div id=\"attachment_1315\" style=\"width: 310px\" class=\"wp-caption alignnone\"><a href=\"https:\/\/www.naturparkmagazin.de\/sternberger-seenland\/wp-content\/uploads\/sites\/30\/F\u00d6J_Hannes.jpg\"><img aria-describedby=\"caption-attachment-1315\" decoding=\"async\" loading=\"lazy\" class=\"size-full wp-image-1315\" src=\"https:\/\/www.naturparkmagazin.de\/sternberger-seenland\/wp-content\/uploads\/sites\/30\/F\u00d6J_Hannes.jpg\" alt=\"Hannes Plaumann, F\u00d6Jler im Naturpark Sternberger Seenland\" width=\"300\" height=\"500\" srcset=\"https:\/\/www.naturparkmagazin.de\/sternberger-seenland\/wp-content\/uploads\/sites\/30\/F\u00d6J_Hannes.jpg 300w, https:\/\/www.naturparkmagazin.de\/sternberger-seenland\/wp-content\/uploads\/sites\/30\/F\u00d6J_Hannes-200x333.jpg 200w\" sizes=\"(max-width: 300px) 100vw, 300px\" \/><\/a><p id=\"caption-attachment-1315\" class=\"wp-caption-text\">Hannes Plaumann, F\u00d6Jler im Naturpark Sternberger Seenland<\/p><\/div>\n","protected":false},"excerpt":{"rendered":"<p>Ich hei\u00dfe Hannes Plaumann und bin f\u00fcr das Jahr 2016\/2017 der neue F\u00d6Jler im Naturpark Sternberger Seenland. Seit meiner Abiturzeit war mir klar, dass ich in der Natur und f\u00fcr die Natur arbeiten m\u00f6chte. Nach 12 Jahren Schule wollte ich raus, mich f\u00fcr den Naturschutz engagieren und mit anpacken. Der Naturpark ist daf\u00fcr die beste<\/p>\n","protected":false},"author":27,"featured_media":1315,"comment_status":"open","ping_status":"open","sticky":false,"template":"","format":"standard","meta":[],"categories":[7],"tags":[],"yoast_head":"<!-- This site is optimized with the Yoast SEO plugin v19.10 - https:\/\/yoast.com\/wordpress\/plugins\/seo\/ -->\n<title>Unser neuer F\u00d6Jler stellt sich vor - Naturpark Sternberger Seenland<\/title>\n<meta name=\"robots\" content=\"index, follow, max-snippet:-1, max-image-preview:large, max-video-preview:-1\" \/>\n<link rel=\"canonical\" href=\"https:\/\/www.naturparkmagazin.de\/sternberger-seenland\/unser-neuer-foejler-stellt-sich-vor\/\" \/>\n<meta property=\"og:locale\" content=\"de_DE\" \/>\n<meta property=\"og:type\" content=\"article\" \/>\n<meta property=\"og:title\" content=\"Unser neuer F\u00d6Jler stellt sich vor - Naturpark Sternberger Seenland\" \/>\n<meta property=\"og:description\" content=\"Ich hei\u00dfe Hannes Plaumann und bin f\u00fcr das Jahr 2016\/2017 der neue F\u00d6Jler im Naturpark Sternberger Seenland. Seit meiner Abiturzeit war mir klar, dass ich in der Natur und f\u00fcr die Natur arbeiten m\u00f6chte. Nach 12 Jahren Schule wollte ich raus, mich f\u00fcr den Naturschutz engagieren und mit anpacken. Der Naturpark ist daf\u00fcr die beste\" \/>\n<meta property=\"og:url\" content=\"https:\/\/www.naturparkmagazin.de\/sternberger-seenland\/unser-neuer-foejler-stellt-sich-vor\/\" \/>\n<meta property=\"og:site_name\" content=\"Naturpark Sternberger Seenland\" \/>\n<meta property=\"article:published_time\" content=\"2016-09-14T11:21:15+00:00\" \/>\n<meta property=\"og:image\" content=\"https:\/\/www.naturparkmagazin.de\/sternberger-seenland\/wp-content\/uploads\/sites\/30\/F\u00d6J_Hannes.jpg\" \/>\n\t<meta property=\"og:image:width\" content=\"300\" \/>\n\t<meta property=\"og:image:height\" content=\"500\" \/>\n\t<meta property=\"og:image:type\" content=\"image\/jpeg\" \/>\n<meta name=\"author\" content=\"janlippke\" \/>\n<meta name=\"twitter:label1\" content=\"Verfasst von\" \/>\n\t<meta name=\"twitter:data1\" content=\"janlippke\" \/>\n\t<meta name=\"twitter:label2\" content=\"Gesch\u00e4tzte Lesezeit\" \/>\n\t<meta name=\"twitter:data2\" content=\"1\u00a0Minute\" \/>\n<script type=\"application\/ld+json\" class=\"yoast-schema-graph\">{\"@context\":\"https:\/\/schema.org\",\"@graph\":[{\"@type\":\"WebPage\",\"@id\":\"https:\/\/www.naturparkmagazin.de\/sternberger-seenland\/unser-neuer-foejler-stellt-sich-vor\/\",\"url\":\"https:\/\/www.naturparkmagazin.de\/sternberger-seenland\/unser-neuer-foejler-stellt-sich-vor\/\",\"name\":\"Unser neuer F\u00d6Jler stellt sich vor - Naturpark Sternberger Seenland\",\"isPartOf\":{\"@id\":\"https:\/\/www.naturparkmagazin.de\/sternberger-seenland\/#website\"},\"datePublished\":\"2016-09-14T11:21:15+00:00\",\"dateModified\":\"2016-09-14T11:21:15+00:00\",\"author\":{\"@id\":\"https:\/\/www.naturparkmagazin.de\/sternberger-seenland\/#\/schema\/person\/712a5f470a8c286777fddf77babba74a\"},\"breadcrumb\":{\"@id\":\"https:\/\/www.naturparkmagazin.de\/sternberger-seenland\/unser-neuer-foejler-stellt-sich-vor\/#breadcrumb\"},\"inLanguage\":\"de\",\"potentialAction\":[{\"@type\":\"ReadAction\",\"target\":[\"https:\/\/www.naturparkmagazin.de\/sternberger-seenland\/unser-neuer-foejler-stellt-sich-vor\/\"]}]},{\"@type\":\"BreadcrumbList\",\"@id\":\"https:\/\/www.naturparkmagazin.de\/sternberger-seenland\/unser-neuer-foejler-stellt-sich-vor\/#breadcrumb\",\"itemListElement\":[{\"@type\":\"ListItem\",\"position\":1,\"name\":\"Home\",\"item\":\"https:\/\/www.naturparkmagazin.de\/sternberger-seenland\/\"},{\"@type\":\"ListItem\",\"position\":2,\"name\":\"Unser neuer F\u00d6Jler stellt sich vor\"}]},{\"@type\":\"WebSite\",\"@id\":\"https:\/\/www.naturparkmagazin.de\/sternberger-seenland\/#website\",\"url\":\"https:\/\/www.naturparkmagazin.de\/sternberger-seenland\/\",\"name\":\"Naturpark Sternberger Seenland\",\"description\":\"\",\"potentialAction\":[{\"@type\":\"SearchAction\",\"target\":{\"@type\":\"EntryPoint\",\"urlTemplate\":\"https:\/\/www.naturparkmagazin.de\/sternberger-seenland\/?s={search_term_string}\"},\"query-input\":\"required name=search_term_string\"}],\"inLanguage\":\"de\"},{\"@type\":\"Person\",\"@id\":\"https:\/\/www.naturparkmagazin.de\/sternberger-seenland\/#\/schema\/person\/712a5f470a8c286777fddf77babba74a\",\"name\":\"janlippke\",\"sameAs\":[\"http:\/\/www.naturpark-sternberger-seenland.de\"],\"url\":\"https:\/\/www.naturparkmagazin.de\/sternberger-seenland\/author\/janlippke\/\"}]}<\/script>\n<!-- \/ Yoast SEO plugin. -->","yoast_head_json":{"title":"Unser neuer F\u00d6Jler stellt sich vor - Naturpark Sternberger Seenland","robots":{"index":"index","follow":"follow","max-snippet":"max-snippet:-1","max-image-preview":"max-image-preview:large","max-video-preview":"max-video-preview:-1"},"canonical":"https:\/\/www.naturparkmagazin.de\/sternberger-seenland\/unser-neuer-foejler-stellt-sich-vor\/","og_locale":"de_DE","og_type":"article","og_title":"Unser neuer F\u00d6Jler stellt sich vor - Naturpark Sternberger Seenland","og_description":"Ich hei\u00dfe Hannes Plaumann und bin f\u00fcr das Jahr 2016\/2017 der neue F\u00d6Jler im Naturpark Sternberger Seenland. Seit meiner Abiturzeit war mir klar, dass ich in der Natur und f\u00fcr die Natur arbeiten m\u00f6chte. Nach 12 Jahren Schule wollte ich raus, mich f\u00fcr den Naturschutz engagieren und mit anpacken. Der Naturpark ist daf\u00fcr die beste","og_url":"https:\/\/www.naturparkmagazin.de\/sternberger-seenland\/unser-neuer-foejler-stellt-sich-vor\/","og_site_name":"Naturpark Sternberger Seenland","article_published_time":"2016-09-14T11:21:15+00:00","og_image":[{"width":300,"height":500,"url":"https:\/\/www.naturparkmagazin.de\/sternberger-seenland\/wp-content\/uploads\/sites\/30\/F\u00d6J_Hannes.jpg","type":"image\/jpeg"}],"author":"janlippke","twitter_misc":{"Verfasst von":"janlippke","Gesch\u00e4tzte Lesezeit":"1\u00a0Minute"},"schema":{"@context":"https:\/\/schema.org","@graph":[{"@type":"WebPage","@id":"https:\/\/www.naturparkmagazin.de\/sternberger-seenland\/unser-neuer-foejler-stellt-sich-vor\/","url":"https:\/\/www.naturparkmagazin.de\/sternberger-seenland\/unser-neuer-foejler-stellt-sich-vor\/","name":"Unser neuer F\u00d6Jler stellt sich vor - Naturpark Sternberger Seenland","isPartOf":{"@id":"https:\/\/www.naturparkmagazin.de\/sternberger-seenland\/#website"},"datePublished":"2016-09-14T11:21:15+00:00","dateModified":"2016-09-14T11:21:15+00:00","author":{"@id":"https:\/\/www.naturparkmagazin.de\/sternberger-seenland\/#\/schema\/person\/712a5f470a8c286777fddf77babba74a"},"breadcrumb":{"@id":"https:\/\/www.naturparkmagazin.de\/sternberger-seenland\/unser-neuer-foejler-stellt-sich-vor\/#breadcrumb"},"inLanguage":"de","potentialAction":[{"@type":"ReadAction","target":["https:\/\/www.naturparkmagazin.de\/sternberger-seenland\/unser-neuer-foejler-stellt-sich-vor\/"]}]},{"@type":"BreadcrumbList","@id":"https:\/\/www.naturparkmagazin.de\/sternberger-seenland\/unser-neuer-foejler-stellt-sich-vor\/#breadcrumb","itemListElement":[{"@type":"ListItem","position":1,"name":"Home","item":"https:\/\/www.naturparkmagazin.de\/sternberger-seenland\/"},{"@type":"ListItem","position":2,"name":"Unser neuer F\u00d6Jler stellt sich vor"}]},{"@type":"WebSite","@id":"https:\/\/www.naturparkmagazin.de\/sternberger-seenland\/#website","url":"https:\/\/www.naturparkmagazin.de\/sternberger-seenland\/","name":"Naturpark Sternberger Seenland","description":"","potentialAction":[{"@type":"SearchAction","target":{"@type":"EntryPoint","urlTemplate":"https:\/\/www.naturparkmagazin.de\/sternberger-seenland\/?s={search_term_string}"},"query-input":"required name=search_term_string"}],"inLanguage":"de"},{"@type":"Person","@id":"https:\/\/www.naturparkmagazin.de\/sternberger-seenland\/#\/schema\/person\/712a5f470a8c286777fddf77babba74a","name":"janlippke","sameAs":["http:\/\/www.naturpark-sternberger-seenland.de"],"url":"https:\/\/www.naturparkmagazin.de\/sternberger-seenland\/author\/janlippke\/"}]}},"_links":{"self":[{"href":"https:\/\/www.naturparkmagazin.de\/sternberger-seenland\/wp-json\/wp\/v2\/posts\/1314"}],"collection":[{"href":"https:\/\/www.naturparkmagazin.de\/sternberger-seenland\/wp-json\/wp\/v2\/posts"}],"about":[{"href":"https:\/\/www.naturparkmagazin.de\/sternberger-seenland\/wp-json\/wp\/v2\/types\/post"}],"author":[{"embeddable":true,"href":"https:\/\/www.naturparkmagazin.de\/sternberger-seenland\/wp-json\/wp\/v2\/users\/27"}],"replies":[{"embeddable":true,"href":"https:\/\/www.naturparkmagazin.de\/sternberger-seenland\/wp-json\/wp\/v2\/comments?post=1314"}],"version-history":[{"count":2,"href":"https:\/\/www.naturparkmagazin.de\/sternberger-seenland\/wp-json\/wp\/v2\/posts\/1314\/revisions"}],"predecessor-version":[{"id":1321,"href":"https:\/\/www.naturparkmagazin.de\/sternberger-seenland\/wp-json\/wp\/v2\/posts\/1314\/revisions\/1321"}],"wp:featuredmedia":[{"embeddable":true,"href":"https:\/\/www.naturparkmagazin.de\/sternberger-seenland\/wp-json\/wp\/v2\/media\/1315"}],"wp:attachment":[{"href":"https:\/\/www.naturparkmagazin.de\/sternberger-seenland\/wp-json\/wp\/v2\/media?parent=1314"}],"wp:term":[{"taxonomy":"category","embeddable":true,"href":"https:\/\/www.naturparkmagazin.de\/sternberger-seenland\/wp-json\/wp\/v2\/categories?post=1314"},{"taxonomy":"post_tag","embeddable":true,"href":"https:\/\/www.naturparkmagazin.de\/sternberger-seenland\/wp-json\/wp\/v2\/tags?post=1314"}],"curies":[{"name":"wp","href":"https:\/\/api.w.org\/{rel}","templated":true}]}}