{"id":1369,"date":"2017-01-13T10:22:47","date_gmt":"2017-01-13T09:22:47","guid":{"rendered":"http:\/\/www.naturparkmagazin.de\/sternberger-seenland\/?p=1369"},"modified":"2017-01-13T10:22:47","modified_gmt":"2017-01-13T09:22:47","slug":"ankuendigung-obstschnittseminar","status":"publish","type":"post","link":"https:\/\/www.naturparkmagazin.de\/sternberger-seenland\/ankuendigung-obstschnittseminar\/","title":{"rendered":"Ank\u00fcndigung: Obstschnittseminar"},"content":{"rendered":"<p>Am 04. M\u00e4rz bieten wir in Zusammenarbeit mit dem G\u00e4rtnermeister Thomas Franiel aus Crivitz wieder ein Obstschnittseminar an. Es findet ab 9 Uhr im Rathaus in Br\u00fcel statt. Anmeldungen bitte bis sp\u00e4testens 02.03.2017 an die Naturparkverwaltung unter Tel. 038482 \/ 23527-0 oder per mail an info-ssl(\u00e4t)lung.mv-regierung.de. Die Teilnehmerzahl ist auf 25 bis maximal 30 Personen begrenzt. Der Unkostenbeitrag in H\u00f6he von 25,00 \u20ac pro Teilnehmer ist direkt vor Ort an Herrn Franiel zu entrichten.<\/p>\n<p>Herr Franiel wird den Teilnehmern das fachgerechte Schneiden von Obstgeh\u00f6lzen erl\u00e4utern, auf Baumkrnakheiten eingehen und am praktischen Beispiel vorf\u00fchren, wie sowohl junge als auch \u00e4ltere B\u00e4ume am besten geschnitten werden k\u00f6nnen. Anschlie\u00dfend k\u00f6nnen die Teilnehmer unter Anleitung selbst Hand anlegen und das Gelernte ausprobieren. Ende ist gegen 15 Uhr geplant.<\/p>\n<div id=\"attachment_1064\" style=\"width: 510px\" class=\"wp-caption alignnone\"><a href=\"https:\/\/www.naturparkmagazin.de\/sternberger-seenland\/wp-content\/uploads\/sites\/30\/Obstschnitt_2015_1.jpg\"><img aria-describedby=\"caption-attachment-1064\" decoding=\"async\" loading=\"lazy\" class=\"size-full wp-image-1064\" src=\"https:\/\/www.naturparkmagazin.de\/sternberger-seenland\/wp-content\/uploads\/sites\/30\/Obstschnitt_2015_1.jpg\" alt=\"Obstschnitt-Seminar 2015\" width=\"500\" height=\"300\" srcset=\"https:\/\/www.naturparkmagazin.de\/sternberger-seenland\/wp-content\/uploads\/sites\/30\/Obstschnitt_2015_1.jpg 500w, https:\/\/www.naturparkmagazin.de\/sternberger-seenland\/wp-content\/uploads\/sites\/30\/Obstschnitt_2015_1-300x180.jpg 300w, https:\/\/www.naturparkmagazin.de\/sternberger-seenland\/wp-content\/uploads\/sites\/30\/Obstschnitt_2015_1-200x120.jpg 200w\" sizes=\"(max-width: 500px) 100vw, 500px\" \/><\/a><p id=\"caption-attachment-1064\" class=\"wp-caption-text\">Obstschnitt-Seminar 2015<\/p><\/div>\n","protected":false},"excerpt":{"rendered":"<p>Am 04. M\u00e4rz bieten wir in Zusammenarbeit mit dem G\u00e4rtnermeister Thomas Franiel aus Crivitz wieder ein Obstschnittseminar an. Es findet ab 9 Uhr im Rathaus in Br\u00fcel statt. Anmeldungen bitte bis sp\u00e4testens 02.03.2017 an die Naturparkverwaltung unter Tel. 038482 \/ 23527-0 oder per mail an info-ssl(\u00e4t)lung.mv-regierung.de. Die Teilnehmerzahl ist auf 25 bis maximal 30 Personen<\/p>\n","protected":false},"author":27,"featured_media":1062,"comment_status":"open","ping_status":"open","sticky":false,"template":"","format":"standard","meta":[],"categories":[11],"tags":[],"yoast_head":"<!-- This site is optimized with the Yoast SEO plugin v19.10 - https:\/\/yoast.com\/wordpress\/plugins\/seo\/ -->\n<title>Ank\u00fcndigung: Obstschnittseminar - Naturpark Sternberger Seenland<\/title>\n<meta name=\"robots\" content=\"index, follow, max-snippet:-1, max-image-preview:large, max-video-preview:-1\" \/>\n<link rel=\"canonical\" href=\"https:\/\/www.naturparkmagazin.de\/sternberger-seenland\/ankuendigung-obstschnittseminar\/\" \/>\n<meta property=\"og:locale\" content=\"de_DE\" \/>\n<meta property=\"og:type\" content=\"article\" \/>\n<meta property=\"og:title\" content=\"Ank\u00fcndigung: Obstschnittseminar - Naturpark Sternberger Seenland\" \/>\n<meta property=\"og:description\" content=\"Am 04. M\u00e4rz bieten wir in Zusammenarbeit mit dem G\u00e4rtnermeister Thomas Franiel aus Crivitz wieder ein Obstschnittseminar an. Es findet ab 9 Uhr im Rathaus in Br\u00fcel statt. Anmeldungen bitte bis sp\u00e4testens 02.03.2017 an die Naturparkverwaltung unter Tel. 038482 \/ 23527-0 oder per mail an info-ssl(\u00e4t)lung.mv-regierung.de. Die Teilnehmerzahl ist auf 25 bis maximal 30 Personen\" \/>\n<meta property=\"og:url\" content=\"https:\/\/www.naturparkmagazin.de\/sternberger-seenland\/ankuendigung-obstschnittseminar\/\" \/>\n<meta property=\"og:site_name\" content=\"Naturpark Sternberger Seenland\" \/>\n<meta property=\"article:published_time\" content=\"2017-01-13T09:22:47+00:00\" \/>\n<meta property=\"og:image\" content=\"https:\/\/www.naturparkmagazin.de\/sternberger-seenland\/wp-content\/uploads\/sites\/30\/Obstschnitt_2015_2.jpg\" \/>\n\t<meta property=\"og:image:width\" content=\"300\" \/>\n\t<meta property=\"og:image:height\" content=\"500\" \/>\n\t<meta property=\"og:image:type\" content=\"image\/jpeg\" \/>\n<meta name=\"author\" content=\"janlippke\" \/>\n<meta name=\"twitter:label1\" content=\"Verfasst von\" \/>\n\t<meta name=\"twitter:data1\" content=\"janlippke\" \/>\n\t<meta name=\"twitter:label2\" content=\"Gesch\u00e4tzte Lesezeit\" \/>\n\t<meta name=\"twitter:data2\" content=\"1\u00a0Minute\" \/>\n<script type=\"application\/ld+json\" class=\"yoast-schema-graph\">{\"@context\":\"https:\/\/schema.org\",\"@graph\":[{\"@type\":\"WebPage\",\"@id\":\"https:\/\/www.naturparkmagazin.de\/sternberger-seenland\/ankuendigung-obstschnittseminar\/\",\"url\":\"https:\/\/www.naturparkmagazin.de\/sternberger-seenland\/ankuendigung-obstschnittseminar\/\",\"name\":\"Ank\u00fcndigung: Obstschnittseminar - Naturpark Sternberger Seenland\",\"isPartOf\":{\"@id\":\"https:\/\/www.naturparkmagazin.de\/sternberger-seenland\/#website\"},\"datePublished\":\"2017-01-13T09:22:47+00:00\",\"dateModified\":\"2017-01-13T09:22:47+00:00\",\"author\":{\"@id\":\"https:\/\/www.naturparkmagazin.de\/sternberger-seenland\/#\/schema\/person\/712a5f470a8c286777fddf77babba74a\"},\"breadcrumb\":{\"@id\":\"https:\/\/www.naturparkmagazin.de\/sternberger-seenland\/ankuendigung-obstschnittseminar\/#breadcrumb\"},\"inLanguage\":\"de\",\"potentialAction\":[{\"@type\":\"ReadAction\",\"target\":[\"https:\/\/www.naturparkmagazin.de\/sternberger-seenland\/ankuendigung-obstschnittseminar\/\"]}]},{\"@type\":\"BreadcrumbList\",\"@id\":\"https:\/\/www.naturparkmagazin.de\/sternberger-seenland\/ankuendigung-obstschnittseminar\/#breadcrumb\",\"itemListElement\":[{\"@type\":\"ListItem\",\"position\":1,\"name\":\"Home\",\"item\":\"https:\/\/www.naturparkmagazin.de\/sternberger-seenland\/\"},{\"@type\":\"ListItem\",\"position\":2,\"name\":\"Ank\u00fcndigung: Obstschnittseminar\"}]},{\"@type\":\"WebSite\",\"@id\":\"https:\/\/www.naturparkmagazin.de\/sternberger-seenland\/#website\",\"url\":\"https:\/\/www.naturparkmagazin.de\/sternberger-seenland\/\",\"name\":\"Naturpark Sternberger Seenland\",\"description\":\"\",\"potentialAction\":[{\"@type\":\"SearchAction\",\"target\":{\"@type\":\"EntryPoint\",\"urlTemplate\":\"https:\/\/www.naturparkmagazin.de\/sternberger-seenland\/?s={search_term_string}\"},\"query-input\":\"required name=search_term_string\"}],\"inLanguage\":\"de\"},{\"@type\":\"Person\",\"@id\":\"https:\/\/www.naturparkmagazin.de\/sternberger-seenland\/#\/schema\/person\/712a5f470a8c286777fddf77babba74a\",\"name\":\"janlippke\",\"sameAs\":[\"http:\/\/www.naturpark-sternberger-seenland.de\"],\"url\":\"https:\/\/www.naturparkmagazin.de\/sternberger-seenland\/author\/janlippke\/\"}]}<\/script>\n<!-- \/ Yoast SEO plugin. -->","yoast_head_json":{"title":"Ank\u00fcndigung: Obstschnittseminar - Naturpark Sternberger Seenland","robots":{"index":"index","follow":"follow","max-snippet":"max-snippet:-1","max-image-preview":"max-image-preview:large","max-video-preview":"max-video-preview:-1"},"canonical":"https:\/\/www.naturparkmagazin.de\/sternberger-seenland\/ankuendigung-obstschnittseminar\/","og_locale":"de_DE","og_type":"article","og_title":"Ank\u00fcndigung: Obstschnittseminar - Naturpark Sternberger Seenland","og_description":"Am 04. M\u00e4rz bieten wir in Zusammenarbeit mit dem G\u00e4rtnermeister Thomas Franiel aus Crivitz wieder ein Obstschnittseminar an. Es findet ab 9 Uhr im Rathaus in Br\u00fcel statt. Anmeldungen bitte bis sp\u00e4testens 02.03.2017 an die Naturparkverwaltung unter Tel. 038482 \/ 23527-0 oder per mail an info-ssl(\u00e4t)lung.mv-regierung.de. Die Teilnehmerzahl ist auf 25 bis maximal 30 Personen","og_url":"https:\/\/www.naturparkmagazin.de\/sternberger-seenland\/ankuendigung-obstschnittseminar\/","og_site_name":"Naturpark Sternberger Seenland","article_published_time":"2017-01-13T09:22:47+00:00","og_image":[{"width":300,"height":500,"url":"https:\/\/www.naturparkmagazin.de\/sternberger-seenland\/wp-content\/uploads\/sites\/30\/Obstschnitt_2015_2.jpg","type":"image\/jpeg"}],"author":"janlippke","twitter_misc":{"Verfasst von":"janlippke","Gesch\u00e4tzte Lesezeit":"1\u00a0Minute"},"schema":{"@context":"https:\/\/schema.org","@graph":[{"@type":"WebPage","@id":"https:\/\/www.naturparkmagazin.de\/sternberger-seenland\/ankuendigung-obstschnittseminar\/","url":"https:\/\/www.naturparkmagazin.de\/sternberger-seenland\/ankuendigung-obstschnittseminar\/","name":"Ank\u00fcndigung: Obstschnittseminar - Naturpark Sternberger Seenland","isPartOf":{"@id":"https:\/\/www.naturparkmagazin.de\/sternberger-seenland\/#website"},"datePublished":"2017-01-13T09:22:47+00:00","dateModified":"2017-01-13T09:22:47+00:00","author":{"@id":"https:\/\/www.naturparkmagazin.de\/sternberger-seenland\/#\/schema\/person\/712a5f470a8c286777fddf77babba74a"},"breadcrumb":{"@id":"https:\/\/www.naturparkmagazin.de\/sternberger-seenland\/ankuendigung-obstschnittseminar\/#breadcrumb"},"inLanguage":"de","potentialAction":[{"@type":"ReadAction","target":["https:\/\/www.naturparkmagazin.de\/sternberger-seenland\/ankuendigung-obstschnittseminar\/"]}]},{"@type":"BreadcrumbList","@id":"https:\/\/www.naturparkmagazin.de\/sternberger-seenland\/ankuendigung-obstschnittseminar\/#breadcrumb","itemListElement":[{"@type":"ListItem","position":1,"name":"Home","item":"https:\/\/www.naturparkmagazin.de\/sternberger-seenland\/"},{"@type":"ListItem","position":2,"name":"Ank\u00fcndigung: Obstschnittseminar"}]},{"@type":"WebSite","@id":"https:\/\/www.naturparkmagazin.de\/sternberger-seenland\/#website","url":"https:\/\/www.naturparkmagazin.de\/sternberger-seenland\/","name":"Naturpark Sternberger Seenland","description":"","potentialAction":[{"@type":"SearchAction","target":{"@type":"EntryPoint","urlTemplate":"https:\/\/www.naturparkmagazin.de\/sternberger-seenland\/?s={search_term_string}"},"query-input":"required name=search_term_string"}],"inLanguage":"de"},{"@type":"Person","@id":"https:\/\/www.naturparkmagazin.de\/sternberger-seenland\/#\/schema\/person\/712a5f470a8c286777fddf77babba74a","name":"janlippke","sameAs":["http:\/\/www.naturpark-sternberger-seenland.de"],"url":"https:\/\/www.naturparkmagazin.de\/sternberger-seenland\/author\/janlippke\/"}]}},"_links":{"self":[{"href":"https:\/\/www.naturparkmagazin.de\/sternberger-seenland\/wp-json\/wp\/v2\/posts\/1369"}],"collection":[{"href":"https:\/\/www.naturparkmagazin.de\/sternberger-seenland\/wp-json\/wp\/v2\/posts"}],"about":[{"href":"https:\/\/www.naturparkmagazin.de\/sternberger-seenland\/wp-json\/wp\/v2\/types\/post"}],"author":[{"embeddable":true,"href":"https:\/\/www.naturparkmagazin.de\/sternberger-seenland\/wp-json\/wp\/v2\/users\/27"}],"replies":[{"embeddable":true,"href":"https:\/\/www.naturparkmagazin.de\/sternberger-seenland\/wp-json\/wp\/v2\/comments?post=1369"}],"version-history":[{"count":3,"href":"https:\/\/www.naturparkmagazin.de\/sternberger-seenland\/wp-json\/wp\/v2\/posts\/1369\/revisions"}],"predecessor-version":[{"id":1376,"href":"https:\/\/www.naturparkmagazin.de\/sternberger-seenland\/wp-json\/wp\/v2\/posts\/1369\/revisions\/1376"}],"wp:featuredmedia":[{"embeddable":true,"href":"https:\/\/www.naturparkmagazin.de\/sternberger-seenland\/wp-json\/wp\/v2\/media\/1062"}],"wp:attachment":[{"href":"https:\/\/www.naturparkmagazin.de\/sternberger-seenland\/wp-json\/wp\/v2\/media?parent=1369"}],"wp:term":[{"taxonomy":"category","embeddable":true,"href":"https:\/\/www.naturparkmagazin.de\/sternberger-seenland\/wp-json\/wp\/v2\/categories?post=1369"},{"taxonomy":"post_tag","embeddable":true,"href":"https:\/\/www.naturparkmagazin.de\/sternberger-seenland\/wp-json\/wp\/v2\/tags?post=1369"}],"curies":[{"name":"wp","href":"https:\/\/api.w.org\/{rel}","templated":true}]}}