{"id":1381,"date":"2017-02-12T12:58:42","date_gmt":"2017-02-12T11:58:42","guid":{"rendered":"http:\/\/www.naturparkmagazin.de\/sternberger-seenland\/?p=1381"},"modified":"2017-02-21T14:10:04","modified_gmt":"2017-02-21T13:10:04","slug":"vortrag-im-naturparkzentrum-wolf-und-mensch","status":"publish","type":"post","link":"https:\/\/www.naturparkmagazin.de\/sternberger-seenland\/vortrag-im-naturparkzentrum-wolf-und-mensch\/","title":{"rendered":"Vortrag im Naturparkzentrum: Wolf und Mensch"},"content":{"rendered":"<p>Am 23. M\u00e4rz findet ein Vortrag zum Thema: <strong>Wolf und Mensch \u2013 die Geschichte einer Jahrtausende alten Beziehung <\/strong>im Naturparkzentrum in Warin, Am Markt 1,\u00a0 statt. Beginn ist wie immer um 19 Uhr. Der Referent ist PD Dr. Robert Sommer, Allgemeine &amp; Spezielle Zoologie, Universit\u00e4t Rostock.<\/p>\n<p>W\u00f6lfe etablieren sich mit derzeit etwa 30 Rudeln zunehmend wieder in Deutschland. Die R\u00fcckkehr dieses gro\u00dfen Raubtiers in zum Teil stark vom Menschen umgestaltete \u00d6kosysteme ruft in der Gesellschaft sehr unterschiedliche Reaktionen hervor. Damit sich die Menschen unabh\u00e4ngig von \u201eBef\u00fcrwortern oder Gegnern\u201c der Verbreitung von W\u00f6lfen eine unbefangene, reflektierte pers\u00f6nliche Sichtweise entwickeln k\u00f6nnen, ist Aufkl\u00e4rung bzw. Bildung zu diesem Thema ein sehr wichtiger Punkt.\nEs gab bereits vor 300.000 Jahren W\u00f6lfe im Gebiet des heutigen Deutschland, was die Ausgrabungen in der weltber\u00fchmten Fundst\u00e4tte in Sch\u00f6ningen (Niedersachsen) belegen. Dort lebte der Vorfahre der Neandertaler, <em>Homo heidelbergensis<\/em>, in einer Fauna mit W\u00f6lfen. Ob Eiszeit oder Warmzeit \u2013 immer waren W\u00f6lfe Teil der Umwelt des Menschen. Dann wanderte der moderne Mensch aus Afrika nach Europa, und es kam vor \u00fcber 30.000 Jahren zum Beginn einer Co-Evolution dieser beiden Arten, welche die Welt ver\u00e4ndert hat. Unsere Haushunde sind aus der Domestikation des Wolfes hervorgegangen, die nach neusten wissenschaftlichen Untersuchungen schon eher stattfand, als wir bisher angenommen haben. Neben den rein \u201evorgeschichtlichen\u201c wissenschaftlichen Fakten \u00fcber die Naturgeschichte des Wolfes und des Menschen sind auch interessante Details aus der historischen Zeit bekannt. Unter anderem die Techniken und Jagdmethoden, welche in damaliger Zeit von den Menschen genutzt wurden, um die W\u00f6lfe zu bek\u00e4mpfen, sind bemerkenswert.\nNeben eigenen Forschungsergebnissen zur Ausbreitung des Wolfes in der Steinzeit in Europa hat der Referent auch F\u00e4lle von Wolfsvorkommen in M-V im Rahmen gutachterlicher T\u00e4tigkeit dokumentiert.<\/p>\n<p><em>Robert Sommer stammt aus Schwerin, studierte in Rostock Biologie und forscht und lehrt als Privatdozent an der Universit\u00e4t Rostock im Bereich Biodiversit\u00e4t, Natur- und Artenschutz. Seit dem Jahr 2000 f\u00fchrte er Lehrt\u00e4tigkeiten an den Universit\u00e4ten Rostock, Greifswald, Kiel und Potsdam, sowie am Max-Planck-Institut f\u00fcr Evolution\u00e4re Anthropologie (Leipzig) mit den Themen Zoologie, Tiergeographie, Umweltgeschichte, Tier\u00f6kologie, Naturschutz und Umweltplanung durch. <\/em><\/p>\n<p>Der Eintritt ist frei, eine Spende ist jedoch willkommen. Der F\u00f6rderverein des Naturparks Sternberger Seenland bietet vor und w\u00e4hrend des Vortrages Getr\u00e4nke zum Selbstkostenpreis an.<\/p>\n<div id=\"attachment_1383\" style=\"width: 510px\" class=\"wp-caption alignnone\"><a href=\"https:\/\/www.naturparkmagazin.de\/sternberger-seenland\/wp-content\/uploads\/sites\/30\/Wolfs-Hybriden-11.jpg\"><img aria-describedby=\"caption-attachment-1383\" decoding=\"async\" loading=\"lazy\" class=\"size-full wp-image-1383\" src=\"https:\/\/www.naturparkmagazin.de\/sternberger-seenland\/wp-content\/uploads\/sites\/30\/Wolfs-Hybriden-11.jpg\" alt=\"Wolfs-Hybride \" width=\"500\" height=\"300\" srcset=\"https:\/\/www.naturparkmagazin.de\/sternberger-seenland\/wp-content\/uploads\/sites\/30\/Wolfs-Hybriden-11.jpg 500w, https:\/\/www.naturparkmagazin.de\/sternberger-seenland\/wp-content\/uploads\/sites\/30\/Wolfs-Hybriden-11-300x180.jpg 300w, https:\/\/www.naturparkmagazin.de\/sternberger-seenland\/wp-content\/uploads\/sites\/30\/Wolfs-Hybriden-11-200x120.jpg 200w\" sizes=\"(max-width: 500px) 100vw, 500px\" \/><\/a><p id=\"caption-attachment-1383\" class=\"wp-caption-text\">Wolfs-Hybride<\/p><\/div>\n","protected":false},"excerpt":{"rendered":"<p>Am 23. M\u00e4rz findet ein Vortrag zum Thema: Wolf und Mensch \u2013 die Geschichte einer Jahrtausende alten Beziehung im Naturparkzentrum in Warin, Am Markt 1,\u00a0 statt. Beginn ist wie immer um 19 Uhr. Der Referent ist PD Dr. Robert Sommer, Allgemeine &amp; Spezielle Zoologie, Universit\u00e4t Rostock. W\u00f6lfe etablieren sich mit derzeit etwa 30 Rudeln zunehmend<\/p>\n","protected":false},"author":27,"featured_media":1385,"comment_status":"open","ping_status":"open","sticky":false,"template":"","format":"standard","meta":[],"categories":[11],"tags":[],"yoast_head":"<!-- This site is optimized with the Yoast SEO plugin v19.10 - https:\/\/yoast.com\/wordpress\/plugins\/seo\/ -->\n<title>Vortrag im Naturparkzentrum: Wolf und Mensch - Naturpark Sternberger Seenland<\/title>\n<meta name=\"robots\" content=\"index, follow, max-snippet:-1, max-image-preview:large, max-video-preview:-1\" \/>\n<link rel=\"canonical\" href=\"https:\/\/www.naturparkmagazin.de\/sternberger-seenland\/vortrag-im-naturparkzentrum-wolf-und-mensch\/\" \/>\n<meta property=\"og:locale\" content=\"de_DE\" \/>\n<meta property=\"og:type\" content=\"article\" \/>\n<meta property=\"og:title\" content=\"Vortrag im Naturparkzentrum: Wolf und Mensch - Naturpark Sternberger Seenland\" \/>\n<meta property=\"og:description\" content=\"Am 23. M\u00e4rz findet ein Vortrag zum Thema: Wolf und Mensch \u2013 die Geschichte einer Jahrtausende alten Beziehung im Naturparkzentrum in Warin, Am Markt 1,\u00a0 statt. Beginn ist wie immer um 19 Uhr. Der Referent ist PD Dr. Robert Sommer, Allgemeine &amp; Spezielle Zoologie, Universit\u00e4t Rostock. W\u00f6lfe etablieren sich mit derzeit etwa 30 Rudeln zunehmend\" \/>\n<meta property=\"og:url\" content=\"https:\/\/www.naturparkmagazin.de\/sternberger-seenland\/vortrag-im-naturparkzentrum-wolf-und-mensch\/\" \/>\n<meta property=\"og:site_name\" content=\"Naturpark Sternberger Seenland\" \/>\n<meta property=\"article:published_time\" content=\"2017-02-12T11:58:42+00:00\" \/>\n<meta property=\"article:modified_time\" content=\"2017-02-21T13:10:04+00:00\" \/>\n<meta property=\"og:image\" content=\"https:\/\/www.naturparkmagazin.de\/sternberger-seenland\/wp-content\/uploads\/sites\/30\/Wolfs-Hybriden-5.jpg\" \/>\n\t<meta property=\"og:image:width\" content=\"500\" \/>\n\t<meta property=\"og:image:height\" content=\"300\" \/>\n\t<meta property=\"og:image:type\" content=\"image\/jpeg\" \/>\n<meta name=\"author\" content=\"janlippke\" \/>\n<meta name=\"twitter:label1\" content=\"Verfasst von\" \/>\n\t<meta name=\"twitter:data1\" content=\"janlippke\" \/>\n\t<meta name=\"twitter:label2\" content=\"Gesch\u00e4tzte Lesezeit\" \/>\n\t<meta name=\"twitter:data2\" content=\"2\u00a0Minuten\" \/>\n<script type=\"application\/ld+json\" class=\"yoast-schema-graph\">{\"@context\":\"https:\/\/schema.org\",\"@graph\":[{\"@type\":\"WebPage\",\"@id\":\"https:\/\/www.naturparkmagazin.de\/sternberger-seenland\/vortrag-im-naturparkzentrum-wolf-und-mensch\/\",\"url\":\"https:\/\/www.naturparkmagazin.de\/sternberger-seenland\/vortrag-im-naturparkzentrum-wolf-und-mensch\/\",\"name\":\"Vortrag im Naturparkzentrum: Wolf und Mensch - Naturpark Sternberger Seenland\",\"isPartOf\":{\"@id\":\"https:\/\/www.naturparkmagazin.de\/sternberger-seenland\/#website\"},\"datePublished\":\"2017-02-12T11:58:42+00:00\",\"dateModified\":\"2017-02-21T13:10:04+00:00\",\"author\":{\"@id\":\"https:\/\/www.naturparkmagazin.de\/sternberger-seenland\/#\/schema\/person\/712a5f470a8c286777fddf77babba74a\"},\"breadcrumb\":{\"@id\":\"https:\/\/www.naturparkmagazin.de\/sternberger-seenland\/vortrag-im-naturparkzentrum-wolf-und-mensch\/#breadcrumb\"},\"inLanguage\":\"de\",\"potentialAction\":[{\"@type\":\"ReadAction\",\"target\":[\"https:\/\/www.naturparkmagazin.de\/sternberger-seenland\/vortrag-im-naturparkzentrum-wolf-und-mensch\/\"]}]},{\"@type\":\"BreadcrumbList\",\"@id\":\"https:\/\/www.naturparkmagazin.de\/sternberger-seenland\/vortrag-im-naturparkzentrum-wolf-und-mensch\/#breadcrumb\",\"itemListElement\":[{\"@type\":\"ListItem\",\"position\":1,\"name\":\"Home\",\"item\":\"https:\/\/www.naturparkmagazin.de\/sternberger-seenland\/\"},{\"@type\":\"ListItem\",\"position\":2,\"name\":\"Vortrag im Naturparkzentrum: Wolf und Mensch\"}]},{\"@type\":\"WebSite\",\"@id\":\"https:\/\/www.naturparkmagazin.de\/sternberger-seenland\/#website\",\"url\":\"https:\/\/www.naturparkmagazin.de\/sternberger-seenland\/\",\"name\":\"Naturpark Sternberger Seenland\",\"description\":\"\",\"potentialAction\":[{\"@type\":\"SearchAction\",\"target\":{\"@type\":\"EntryPoint\",\"urlTemplate\":\"https:\/\/www.naturparkmagazin.de\/sternberger-seenland\/?s={search_term_string}\"},\"query-input\":\"required name=search_term_string\"}],\"inLanguage\":\"de\"},{\"@type\":\"Person\",\"@id\":\"https:\/\/www.naturparkmagazin.de\/sternberger-seenland\/#\/schema\/person\/712a5f470a8c286777fddf77babba74a\",\"name\":\"janlippke\",\"sameAs\":[\"http:\/\/www.naturpark-sternberger-seenland.de\"],\"url\":\"https:\/\/www.naturparkmagazin.de\/sternberger-seenland\/author\/janlippke\/\"}]}<\/script>\n<!-- \/ Yoast SEO plugin. -->","yoast_head_json":{"title":"Vortrag im Naturparkzentrum: Wolf und Mensch - Naturpark Sternberger Seenland","robots":{"index":"index","follow":"follow","max-snippet":"max-snippet:-1","max-image-preview":"max-image-preview:large","max-video-preview":"max-video-preview:-1"},"canonical":"https:\/\/www.naturparkmagazin.de\/sternberger-seenland\/vortrag-im-naturparkzentrum-wolf-und-mensch\/","og_locale":"de_DE","og_type":"article","og_title":"Vortrag im Naturparkzentrum: Wolf und Mensch - Naturpark Sternberger Seenland","og_description":"Am 23. M\u00e4rz findet ein Vortrag zum Thema: Wolf und Mensch \u2013 die Geschichte einer Jahrtausende alten Beziehung im Naturparkzentrum in Warin, Am Markt 1,\u00a0 statt. Beginn ist wie immer um 19 Uhr. Der Referent ist PD Dr. Robert Sommer, Allgemeine &amp; Spezielle Zoologie, Universit\u00e4t Rostock. W\u00f6lfe etablieren sich mit derzeit etwa 30 Rudeln zunehmend","og_url":"https:\/\/www.naturparkmagazin.de\/sternberger-seenland\/vortrag-im-naturparkzentrum-wolf-und-mensch\/","og_site_name":"Naturpark Sternberger Seenland","article_published_time":"2017-02-12T11:58:42+00:00","article_modified_time":"2017-02-21T13:10:04+00:00","og_image":[{"width":500,"height":300,"url":"https:\/\/www.naturparkmagazin.de\/sternberger-seenland\/wp-content\/uploads\/sites\/30\/Wolfs-Hybriden-5.jpg","type":"image\/jpeg"}],"author":"janlippke","twitter_misc":{"Verfasst von":"janlippke","Gesch\u00e4tzte Lesezeit":"2\u00a0Minuten"},"schema":{"@context":"https:\/\/schema.org","@graph":[{"@type":"WebPage","@id":"https:\/\/www.naturparkmagazin.de\/sternberger-seenland\/vortrag-im-naturparkzentrum-wolf-und-mensch\/","url":"https:\/\/www.naturparkmagazin.de\/sternberger-seenland\/vortrag-im-naturparkzentrum-wolf-und-mensch\/","name":"Vortrag im Naturparkzentrum: Wolf und Mensch - Naturpark Sternberger Seenland","isPartOf":{"@id":"https:\/\/www.naturparkmagazin.de\/sternberger-seenland\/#website"},"datePublished":"2017-02-12T11:58:42+00:00","dateModified":"2017-02-21T13:10:04+00:00","author":{"@id":"https:\/\/www.naturparkmagazin.de\/sternberger-seenland\/#\/schema\/person\/712a5f470a8c286777fddf77babba74a"},"breadcrumb":{"@id":"https:\/\/www.naturparkmagazin.de\/sternberger-seenland\/vortrag-im-naturparkzentrum-wolf-und-mensch\/#breadcrumb"},"inLanguage":"de","potentialAction":[{"@type":"ReadAction","target":["https:\/\/www.naturparkmagazin.de\/sternberger-seenland\/vortrag-im-naturparkzentrum-wolf-und-mensch\/"]}]},{"@type":"BreadcrumbList","@id":"https:\/\/www.naturparkmagazin.de\/sternberger-seenland\/vortrag-im-naturparkzentrum-wolf-und-mensch\/#breadcrumb","itemListElement":[{"@type":"ListItem","position":1,"name":"Home","item":"https:\/\/www.naturparkmagazin.de\/sternberger-seenland\/"},{"@type":"ListItem","position":2,"name":"Vortrag im Naturparkzentrum: Wolf und Mensch"}]},{"@type":"WebSite","@id":"https:\/\/www.naturparkmagazin.de\/sternberger-seenland\/#website","url":"https:\/\/www.naturparkmagazin.de\/sternberger-seenland\/","name":"Naturpark Sternberger Seenland","description":"","potentialAction":[{"@type":"SearchAction","target":{"@type":"EntryPoint","urlTemplate":"https:\/\/www.naturparkmagazin.de\/sternberger-seenland\/?s={search_term_string}"},"query-input":"required name=search_term_string"}],"inLanguage":"de"},{"@type":"Person","@id":"https:\/\/www.naturparkmagazin.de\/sternberger-seenland\/#\/schema\/person\/712a5f470a8c286777fddf77babba74a","name":"janlippke","sameAs":["http:\/\/www.naturpark-sternberger-seenland.de"],"url":"https:\/\/www.naturparkmagazin.de\/sternberger-seenland\/author\/janlippke\/"}]}},"_links":{"self":[{"href":"https:\/\/www.naturparkmagazin.de\/sternberger-seenland\/wp-json\/wp\/v2\/posts\/1381"}],"collection":[{"href":"https:\/\/www.naturparkmagazin.de\/sternberger-seenland\/wp-json\/wp\/v2\/posts"}],"about":[{"href":"https:\/\/www.naturparkmagazin.de\/sternberger-seenland\/wp-json\/wp\/v2\/types\/post"}],"author":[{"embeddable":true,"href":"https:\/\/www.naturparkmagazin.de\/sternberger-seenland\/wp-json\/wp\/v2\/users\/27"}],"replies":[{"embeddable":true,"href":"https:\/\/www.naturparkmagazin.de\/sternberger-seenland\/wp-json\/wp\/v2\/comments?post=1381"}],"version-history":[{"count":4,"href":"https:\/\/www.naturparkmagazin.de\/sternberger-seenland\/wp-json\/wp\/v2\/posts\/1381\/revisions"}],"predecessor-version":[{"id":1397,"href":"https:\/\/www.naturparkmagazin.de\/sternberger-seenland\/wp-json\/wp\/v2\/posts\/1381\/revisions\/1397"}],"wp:featuredmedia":[{"embeddable":true,"href":"https:\/\/www.naturparkmagazin.de\/sternberger-seenland\/wp-json\/wp\/v2\/media\/1385"}],"wp:attachment":[{"href":"https:\/\/www.naturparkmagazin.de\/sternberger-seenland\/wp-json\/wp\/v2\/media?parent=1381"}],"wp:term":[{"taxonomy":"category","embeddable":true,"href":"https:\/\/www.naturparkmagazin.de\/sternberger-seenland\/wp-json\/wp\/v2\/categories?post=1381"},{"taxonomy":"post_tag","embeddable":true,"href":"https:\/\/www.naturparkmagazin.de\/sternberger-seenland\/wp-json\/wp\/v2\/tags?post=1381"}],"curies":[{"name":"wp","href":"https:\/\/api.w.org\/{rel}","templated":true}]}}