{"id":1403,"date":"2017-03-20T13:00:10","date_gmt":"2017-03-20T12:00:10","guid":{"rendered":"http:\/\/www.naturparkmagazin.de\/sternberger-seenland\/?p=1403"},"modified":"2017-03-29T13:13:20","modified_gmt":"2017-03-29T11:13:20","slug":"18-bibertag-im-naturpark-sternberger-seenland","status":"publish","type":"post","link":"https:\/\/www.naturparkmagazin.de\/sternberger-seenland\/18-bibertag-im-naturpark-sternberger-seenland\/","title":{"rendered":"18. Bibertag im Naturpark Sternberger Seenland"},"content":{"rendered":"<p>Am 22. April ab 9:30 Uhr findet in Alt Necheln im Pferdestall der 18. Bibertag im Naturpark Sternberger Seenland statt. Das Vortragsprogramm steht im Detail noch nicht komplett fest, aber sicher ist, dass es wieder interessante Vortr\u00e4ge zum Leben und Wirken der Biber geben wird. Mario Kr\u00fcger wird vom aktuellen Bibermonitoring im Naturpark Sternberger Seenland berichten und die neuesten Ergebnisse aus dem Naturpark Sternberger Seenland vorstellen.<\/p>\n<p>Nach der Mittagspause geht es dann wieder auf gef\u00fchrte Exkursionen in Biberreviere, wo sich die Teilnehmer ein eigenes Bild machen k\u00f6nnen. F\u00fcr Fragen stehen unsere Naturparkranger dabei gern zur Verf\u00fcgung. Die Teilnahme ist kostenlos, lediglich f\u00fcr Essen und Trinken w\u00e4hrend der Veranstaltung ist etwas Geld mitzubringen. Das Ende der Veranstaltung wird gegen 16 Uhr sein.<\/p>\n<div id=\"attachment_71\" style=\"width: 630px\" class=\"wp-caption alignnone\"><a href=\"https:\/\/www.naturparkmagazin.de\/sternberger-seenland\/wp-content\/uploads\/sites\/30\/Biber-August.jpg\"><img aria-describedby=\"caption-attachment-71\" decoding=\"async\" loading=\"lazy\" class=\"size-medium wp-image-71\" src=\"https:\/\/www.naturparkmagazin.de\/sternberger-seenland\/wp-content\/uploads\/sites\/30\/Biber-August-620x412.jpg\" alt=\"Biber &quot;August&quot;\" width=\"620\" height=\"412\" srcset=\"https:\/\/www.naturparkmagazin.de\/sternberger-seenland\/wp-content\/uploads\/sites\/30\/Biber-August-620x412.jpg 620w, https:\/\/www.naturparkmagazin.de\/sternberger-seenland\/wp-content\/uploads\/sites\/30\/Biber-August-300x199.jpg 300w, https:\/\/www.naturparkmagazin.de\/sternberger-seenland\/wp-content\/uploads\/sites\/30\/Biber-August-670x445.jpg 670w, https:\/\/www.naturparkmagazin.de\/sternberger-seenland\/wp-content\/uploads\/sites\/30\/Biber-August-200x133.jpg 200w, https:\/\/www.naturparkmagazin.de\/sternberger-seenland\/wp-content\/uploads\/sites\/30\/Biber-August.jpg 886w\" sizes=\"(max-width: 620px) 100vw, 620px\" \/><\/a><p id=\"caption-attachment-71\" class=\"wp-caption-text\">Biber &#8222;August&#8220;<\/p><\/div>\n","protected":false},"excerpt":{"rendered":"<p>Am 22. April ab 9:30 Uhr findet in Alt Necheln im Pferdestall der 18. Bibertag im Naturpark Sternberger Seenland statt. Das Vortragsprogramm steht im Detail noch nicht komplett fest, aber sicher ist, dass es wieder interessante Vortr\u00e4ge zum Leben und Wirken der Biber geben wird. Mario Kr\u00fcger wird vom aktuellen Bibermonitoring im Naturpark Sternberger Seenland<\/p>\n","protected":false},"author":27,"featured_media":1273,"comment_status":"open","ping_status":"open","sticky":false,"template":"","format":"standard","meta":[],"categories":[11],"tags":[],"yoast_head":"<!-- This site is optimized with the Yoast SEO plugin v19.10 - https:\/\/yoast.com\/wordpress\/plugins\/seo\/ -->\n<title>18. Bibertag im Naturpark Sternberger Seenland - Naturpark Sternberger Seenland<\/title>\n<meta name=\"robots\" content=\"index, follow, max-snippet:-1, max-image-preview:large, max-video-preview:-1\" \/>\n<link rel=\"canonical\" href=\"https:\/\/www.naturparkmagazin.de\/sternberger-seenland\/18-bibertag-im-naturpark-sternberger-seenland\/\" \/>\n<meta property=\"og:locale\" content=\"de_DE\" \/>\n<meta property=\"og:type\" content=\"article\" \/>\n<meta property=\"og:title\" content=\"18. Bibertag im Naturpark Sternberger Seenland - Naturpark Sternberger Seenland\" \/>\n<meta property=\"og:description\" content=\"Am 22. April ab 9:30 Uhr findet in Alt Necheln im Pferdestall der 18. Bibertag im Naturpark Sternberger Seenland statt. Das Vortragsprogramm steht im Detail noch nicht komplett fest, aber sicher ist, dass es wieder interessante Vortr\u00e4ge zum Leben und Wirken der Biber geben wird. Mario Kr\u00fcger wird vom aktuellen Bibermonitoring im Naturpark Sternberger Seenland\" \/>\n<meta property=\"og:url\" content=\"https:\/\/www.naturparkmagazin.de\/sternberger-seenland\/18-bibertag-im-naturpark-sternberger-seenland\/\" \/>\n<meta property=\"og:site_name\" content=\"Naturpark Sternberger Seenland\" \/>\n<meta property=\"article:published_time\" content=\"2017-03-20T12:00:10+00:00\" \/>\n<meta property=\"article:modified_time\" content=\"2017-03-29T11:13:20+00:00\" \/>\n<meta property=\"og:image\" content=\"https:\/\/www.naturparkmagazin.de\/sternberger-seenland\/wp-content\/uploads\/sites\/30\/Biberdamm-am-Radebach11.jpg\" \/>\n\t<meta property=\"og:image:width\" content=\"500\" \/>\n\t<meta property=\"og:image:height\" content=\"300\" \/>\n\t<meta property=\"og:image:type\" content=\"image\/jpeg\" \/>\n<meta name=\"author\" content=\"janlippke\" \/>\n<meta name=\"twitter:label1\" content=\"Verfasst von\" \/>\n\t<meta name=\"twitter:data1\" content=\"janlippke\" \/>\n\t<meta name=\"twitter:label2\" content=\"Gesch\u00e4tzte Lesezeit\" \/>\n\t<meta name=\"twitter:data2\" content=\"1\u00a0Minute\" \/>\n<script type=\"application\/ld+json\" class=\"yoast-schema-graph\">{\"@context\":\"https:\/\/schema.org\",\"@graph\":[{\"@type\":\"WebPage\",\"@id\":\"https:\/\/www.naturparkmagazin.de\/sternberger-seenland\/18-bibertag-im-naturpark-sternberger-seenland\/\",\"url\":\"https:\/\/www.naturparkmagazin.de\/sternberger-seenland\/18-bibertag-im-naturpark-sternberger-seenland\/\",\"name\":\"18. Bibertag im Naturpark Sternberger Seenland - Naturpark Sternberger Seenland\",\"isPartOf\":{\"@id\":\"https:\/\/www.naturparkmagazin.de\/sternberger-seenland\/#website\"},\"datePublished\":\"2017-03-20T12:00:10+00:00\",\"dateModified\":\"2017-03-29T11:13:20+00:00\",\"author\":{\"@id\":\"https:\/\/www.naturparkmagazin.de\/sternberger-seenland\/#\/schema\/person\/712a5f470a8c286777fddf77babba74a\"},\"breadcrumb\":{\"@id\":\"https:\/\/www.naturparkmagazin.de\/sternberger-seenland\/18-bibertag-im-naturpark-sternberger-seenland\/#breadcrumb\"},\"inLanguage\":\"de\",\"potentialAction\":[{\"@type\":\"ReadAction\",\"target\":[\"https:\/\/www.naturparkmagazin.de\/sternberger-seenland\/18-bibertag-im-naturpark-sternberger-seenland\/\"]}]},{\"@type\":\"BreadcrumbList\",\"@id\":\"https:\/\/www.naturparkmagazin.de\/sternberger-seenland\/18-bibertag-im-naturpark-sternberger-seenland\/#breadcrumb\",\"itemListElement\":[{\"@type\":\"ListItem\",\"position\":1,\"name\":\"Home\",\"item\":\"https:\/\/www.naturparkmagazin.de\/sternberger-seenland\/\"},{\"@type\":\"ListItem\",\"position\":2,\"name\":\"18. Bibertag im Naturpark Sternberger Seenland\"}]},{\"@type\":\"WebSite\",\"@id\":\"https:\/\/www.naturparkmagazin.de\/sternberger-seenland\/#website\",\"url\":\"https:\/\/www.naturparkmagazin.de\/sternberger-seenland\/\",\"name\":\"Naturpark Sternberger Seenland\",\"description\":\"\",\"potentialAction\":[{\"@type\":\"SearchAction\",\"target\":{\"@type\":\"EntryPoint\",\"urlTemplate\":\"https:\/\/www.naturparkmagazin.de\/sternberger-seenland\/?s={search_term_string}\"},\"query-input\":\"required name=search_term_string\"}],\"inLanguage\":\"de\"},{\"@type\":\"Person\",\"@id\":\"https:\/\/www.naturparkmagazin.de\/sternberger-seenland\/#\/schema\/person\/712a5f470a8c286777fddf77babba74a\",\"name\":\"janlippke\",\"sameAs\":[\"http:\/\/www.naturpark-sternberger-seenland.de\"],\"url\":\"https:\/\/www.naturparkmagazin.de\/sternberger-seenland\/author\/janlippke\/\"}]}<\/script>\n<!-- \/ Yoast SEO plugin. -->","yoast_head_json":{"title":"18. Bibertag im Naturpark Sternberger Seenland - Naturpark Sternberger Seenland","robots":{"index":"index","follow":"follow","max-snippet":"max-snippet:-1","max-image-preview":"max-image-preview:large","max-video-preview":"max-video-preview:-1"},"canonical":"https:\/\/www.naturparkmagazin.de\/sternberger-seenland\/18-bibertag-im-naturpark-sternberger-seenland\/","og_locale":"de_DE","og_type":"article","og_title":"18. Bibertag im Naturpark Sternberger Seenland - Naturpark Sternberger Seenland","og_description":"Am 22. April ab 9:30 Uhr findet in Alt Necheln im Pferdestall der 18. Bibertag im Naturpark Sternberger Seenland statt. Das Vortragsprogramm steht im Detail noch nicht komplett fest, aber sicher ist, dass es wieder interessante Vortr\u00e4ge zum Leben und Wirken der Biber geben wird. Mario Kr\u00fcger wird vom aktuellen Bibermonitoring im Naturpark Sternberger Seenland","og_url":"https:\/\/www.naturparkmagazin.de\/sternberger-seenland\/18-bibertag-im-naturpark-sternberger-seenland\/","og_site_name":"Naturpark Sternberger Seenland","article_published_time":"2017-03-20T12:00:10+00:00","article_modified_time":"2017-03-29T11:13:20+00:00","og_image":[{"width":500,"height":300,"url":"https:\/\/www.naturparkmagazin.de\/sternberger-seenland\/wp-content\/uploads\/sites\/30\/Biberdamm-am-Radebach11.jpg","type":"image\/jpeg"}],"author":"janlippke","twitter_misc":{"Verfasst von":"janlippke","Gesch\u00e4tzte Lesezeit":"1\u00a0Minute"},"schema":{"@context":"https:\/\/schema.org","@graph":[{"@type":"WebPage","@id":"https:\/\/www.naturparkmagazin.de\/sternberger-seenland\/18-bibertag-im-naturpark-sternberger-seenland\/","url":"https:\/\/www.naturparkmagazin.de\/sternberger-seenland\/18-bibertag-im-naturpark-sternberger-seenland\/","name":"18. Bibertag im Naturpark Sternberger Seenland - Naturpark Sternberger Seenland","isPartOf":{"@id":"https:\/\/www.naturparkmagazin.de\/sternberger-seenland\/#website"},"datePublished":"2017-03-20T12:00:10+00:00","dateModified":"2017-03-29T11:13:20+00:00","author":{"@id":"https:\/\/www.naturparkmagazin.de\/sternberger-seenland\/#\/schema\/person\/712a5f470a8c286777fddf77babba74a"},"breadcrumb":{"@id":"https:\/\/www.naturparkmagazin.de\/sternberger-seenland\/18-bibertag-im-naturpark-sternberger-seenland\/#breadcrumb"},"inLanguage":"de","potentialAction":[{"@type":"ReadAction","target":["https:\/\/www.naturparkmagazin.de\/sternberger-seenland\/18-bibertag-im-naturpark-sternberger-seenland\/"]}]},{"@type":"BreadcrumbList","@id":"https:\/\/www.naturparkmagazin.de\/sternberger-seenland\/18-bibertag-im-naturpark-sternberger-seenland\/#breadcrumb","itemListElement":[{"@type":"ListItem","position":1,"name":"Home","item":"https:\/\/www.naturparkmagazin.de\/sternberger-seenland\/"},{"@type":"ListItem","position":2,"name":"18. Bibertag im Naturpark Sternberger Seenland"}]},{"@type":"WebSite","@id":"https:\/\/www.naturparkmagazin.de\/sternberger-seenland\/#website","url":"https:\/\/www.naturparkmagazin.de\/sternberger-seenland\/","name":"Naturpark Sternberger Seenland","description":"","potentialAction":[{"@type":"SearchAction","target":{"@type":"EntryPoint","urlTemplate":"https:\/\/www.naturparkmagazin.de\/sternberger-seenland\/?s={search_term_string}"},"query-input":"required name=search_term_string"}],"inLanguage":"de"},{"@type":"Person","@id":"https:\/\/www.naturparkmagazin.de\/sternberger-seenland\/#\/schema\/person\/712a5f470a8c286777fddf77babba74a","name":"janlippke","sameAs":["http:\/\/www.naturpark-sternberger-seenland.de"],"url":"https:\/\/www.naturparkmagazin.de\/sternberger-seenland\/author\/janlippke\/"}]}},"_links":{"self":[{"href":"https:\/\/www.naturparkmagazin.de\/sternberger-seenland\/wp-json\/wp\/v2\/posts\/1403"}],"collection":[{"href":"https:\/\/www.naturparkmagazin.de\/sternberger-seenland\/wp-json\/wp\/v2\/posts"}],"about":[{"href":"https:\/\/www.naturparkmagazin.de\/sternberger-seenland\/wp-json\/wp\/v2\/types\/post"}],"author":[{"embeddable":true,"href":"https:\/\/www.naturparkmagazin.de\/sternberger-seenland\/wp-json\/wp\/v2\/users\/27"}],"replies":[{"embeddable":true,"href":"https:\/\/www.naturparkmagazin.de\/sternberger-seenland\/wp-json\/wp\/v2\/comments?post=1403"}],"version-history":[{"count":3,"href":"https:\/\/www.naturparkmagazin.de\/sternberger-seenland\/wp-json\/wp\/v2\/posts\/1403\/revisions"}],"predecessor-version":[{"id":1422,"href":"https:\/\/www.naturparkmagazin.de\/sternberger-seenland\/wp-json\/wp\/v2\/posts\/1403\/revisions\/1422"}],"wp:featuredmedia":[{"embeddable":true,"href":"https:\/\/www.naturparkmagazin.de\/sternberger-seenland\/wp-json\/wp\/v2\/media\/1273"}],"wp:attachment":[{"href":"https:\/\/www.naturparkmagazin.de\/sternberger-seenland\/wp-json\/wp\/v2\/media?parent=1403"}],"wp:term":[{"taxonomy":"category","embeddable":true,"href":"https:\/\/www.naturparkmagazin.de\/sternberger-seenland\/wp-json\/wp\/v2\/categories?post=1403"},{"taxonomy":"post_tag","embeddable":true,"href":"https:\/\/www.naturparkmagazin.de\/sternberger-seenland\/wp-json\/wp\/v2\/tags?post=1403"}],"curies":[{"name":"wp","href":"https:\/\/api.w.org\/{rel}","templated":true}]}}