{"id":1416,"date":"2017-03-17T08:24:18","date_gmt":"2017-03-17T07:24:18","guid":{"rendered":"http:\/\/www.naturparkmagazin.de\/sternberger-seenland\/?p=1416"},"modified":"2017-03-17T08:24:18","modified_gmt":"2017-03-17T07:24:18","slug":"anpaddeln-und-muell-sammeln-3","status":"publish","type":"post","link":"https:\/\/www.naturparkmagazin.de\/sternberger-seenland\/anpaddeln-und-muell-sammeln-3\/","title":{"rendered":"Anpaddeln und M\u00fcll sammeln"},"content":{"rendered":"<p>Der F\u00f6rderverein des Naturparks Sternberger Seenland e.V. organisiert auch in diesem Jahr wieder eine Anpaddel- und M\u00fcllsammelaktion. Am 07. April ab 14 Uhr treffen sich alle, die daran teilnehmen m\u00f6chten und werden dann verschiedene Abschnitte der Warnow und Mildenitz ber\u00e4umen. Leider ist es immer wieder so, dass Hinterlassenschaften der letzten Saison die Natur verunstalten. Diese werden eingesammelt und entsorgt. Anschlie\u00dfend wird es am Lagerfeuer eine Bratwurst als &#8222;Belohnung&#8220; geben und dann kann bei interessanten Gespr\u00e4chen der Tag ausklingen.<\/p>\n<p>Interessenten melden sich bitte bis sp\u00e4testens 05. April beim Naturpark an, unter Tel. 038482\/23527-0 oder am besten per mail unter info-ssl@lung.mv-regierung.de<\/p>\n<p>Bitte m\u00f6glichst mit Angabe einer Telefonnummer anmelden, weil wir am 06. April die Aufteilung der Teilnehmer auf die Streckenabschnitte vornehmen werden und die Teilnehmer dann \u00fcber den Treffpunkt telefonisch informieren werden.<\/p>\n<div id=\"attachment_1109\" style=\"width: 510px\" class=\"wp-caption alignnone\"><a href=\"https:\/\/www.naturparkmagazin.de\/sternberger-seenland\/wp-content\/uploads\/sites\/30\/Anpaddeln1.jpg\"><img aria-describedby=\"caption-attachment-1109\" decoding=\"async\" loading=\"lazy\" class=\"size-full wp-image-1109\" src=\"https:\/\/www.naturparkmagazin.de\/sternberger-seenland\/wp-content\/uploads\/sites\/30\/Anpaddeln1.jpg\" alt=\"Anpaddeln und M\u00fcll sammeln\" width=\"500\" height=\"300\" srcset=\"https:\/\/www.naturparkmagazin.de\/sternberger-seenland\/wp-content\/uploads\/sites\/30\/Anpaddeln1.jpg 500w, https:\/\/www.naturparkmagazin.de\/sternberger-seenland\/wp-content\/uploads\/sites\/30\/Anpaddeln1-300x180.jpg 300w, https:\/\/www.naturparkmagazin.de\/sternberger-seenland\/wp-content\/uploads\/sites\/30\/Anpaddeln1-200x120.jpg 200w\" sizes=\"(max-width: 500px) 100vw, 500px\" \/><\/a><p id=\"caption-attachment-1109\" class=\"wp-caption-text\">Anpaddeln und M\u00fcll sammeln<\/p><\/div>\n","protected":false},"excerpt":{"rendered":"<p>Der F\u00f6rderverein des Naturparks Sternberger Seenland e.V. organisiert auch in diesem Jahr wieder eine Anpaddel- und M\u00fcllsammelaktion. Am 07. April ab 14 Uhr treffen sich alle, die daran teilnehmen m\u00f6chten und werden dann verschiedene Abschnitte der Warnow und Mildenitz ber\u00e4umen. Leider ist es immer wieder so, dass Hinterlassenschaften der letzten Saison die Natur verunstalten. Diese<\/p>\n","protected":false},"author":27,"featured_media":1110,"comment_status":"open","ping_status":"open","sticky":false,"template":"","format":"standard","meta":[],"categories":[7],"tags":[],"yoast_head":"<!-- This site is optimized with the Yoast SEO plugin v19.10 - https:\/\/yoast.com\/wordpress\/plugins\/seo\/ -->\n<title>Anpaddeln und M\u00fcll sammeln - Naturpark Sternberger Seenland<\/title>\n<meta name=\"robots\" content=\"index, follow, max-snippet:-1, max-image-preview:large, max-video-preview:-1\" \/>\n<link rel=\"canonical\" href=\"https:\/\/www.naturparkmagazin.de\/sternberger-seenland\/anpaddeln-und-muell-sammeln-3\/\" \/>\n<meta property=\"og:locale\" content=\"de_DE\" \/>\n<meta property=\"og:type\" content=\"article\" \/>\n<meta property=\"og:title\" content=\"Anpaddeln und M\u00fcll sammeln - Naturpark Sternberger Seenland\" \/>\n<meta property=\"og:description\" content=\"Der F\u00f6rderverein des Naturparks Sternberger Seenland e.V. organisiert auch in diesem Jahr wieder eine Anpaddel- und M\u00fcllsammelaktion. Am 07. April ab 14 Uhr treffen sich alle, die daran teilnehmen m\u00f6chten und werden dann verschiedene Abschnitte der Warnow und Mildenitz ber\u00e4umen. Leider ist es immer wieder so, dass Hinterlassenschaften der letzten Saison die Natur verunstalten. Diese\" \/>\n<meta property=\"og:url\" content=\"https:\/\/www.naturparkmagazin.de\/sternberger-seenland\/anpaddeln-und-muell-sammeln-3\/\" \/>\n<meta property=\"og:site_name\" content=\"Naturpark Sternberger Seenland\" \/>\n<meta property=\"article:published_time\" content=\"2017-03-17T07:24:18+00:00\" \/>\n<meta property=\"og:image\" content=\"https:\/\/www.naturparkmagazin.de\/sternberger-seenland\/wp-content\/uploads\/sites\/30\/Anpaddeln3.jpg\" \/>\n\t<meta property=\"og:image:width\" content=\"500\" \/>\n\t<meta property=\"og:image:height\" content=\"300\" \/>\n\t<meta property=\"og:image:type\" content=\"image\/jpeg\" \/>\n<meta name=\"author\" content=\"janlippke\" \/>\n<meta name=\"twitter:label1\" content=\"Verfasst von\" \/>\n\t<meta name=\"twitter:data1\" content=\"janlippke\" \/>\n\t<meta name=\"twitter:label2\" content=\"Gesch\u00e4tzte Lesezeit\" \/>\n\t<meta name=\"twitter:data2\" content=\"1\u00a0Minute\" \/>\n<script type=\"application\/ld+json\" class=\"yoast-schema-graph\">{\"@context\":\"https:\/\/schema.org\",\"@graph\":[{\"@type\":\"WebPage\",\"@id\":\"https:\/\/www.naturparkmagazin.de\/sternberger-seenland\/anpaddeln-und-muell-sammeln-3\/\",\"url\":\"https:\/\/www.naturparkmagazin.de\/sternberger-seenland\/anpaddeln-und-muell-sammeln-3\/\",\"name\":\"Anpaddeln und M\u00fcll sammeln - Naturpark Sternberger Seenland\",\"isPartOf\":{\"@id\":\"https:\/\/www.naturparkmagazin.de\/sternberger-seenland\/#website\"},\"datePublished\":\"2017-03-17T07:24:18+00:00\",\"dateModified\":\"2017-03-17T07:24:18+00:00\",\"author\":{\"@id\":\"https:\/\/www.naturparkmagazin.de\/sternberger-seenland\/#\/schema\/person\/712a5f470a8c286777fddf77babba74a\"},\"breadcrumb\":{\"@id\":\"https:\/\/www.naturparkmagazin.de\/sternberger-seenland\/anpaddeln-und-muell-sammeln-3\/#breadcrumb\"},\"inLanguage\":\"de\",\"potentialAction\":[{\"@type\":\"ReadAction\",\"target\":[\"https:\/\/www.naturparkmagazin.de\/sternberger-seenland\/anpaddeln-und-muell-sammeln-3\/\"]}]},{\"@type\":\"BreadcrumbList\",\"@id\":\"https:\/\/www.naturparkmagazin.de\/sternberger-seenland\/anpaddeln-und-muell-sammeln-3\/#breadcrumb\",\"itemListElement\":[{\"@type\":\"ListItem\",\"position\":1,\"name\":\"Home\",\"item\":\"https:\/\/www.naturparkmagazin.de\/sternberger-seenland\/\"},{\"@type\":\"ListItem\",\"position\":2,\"name\":\"Anpaddeln und M\u00fcll sammeln\"}]},{\"@type\":\"WebSite\",\"@id\":\"https:\/\/www.naturparkmagazin.de\/sternberger-seenland\/#website\",\"url\":\"https:\/\/www.naturparkmagazin.de\/sternberger-seenland\/\",\"name\":\"Naturpark Sternberger Seenland\",\"description\":\"\",\"potentialAction\":[{\"@type\":\"SearchAction\",\"target\":{\"@type\":\"EntryPoint\",\"urlTemplate\":\"https:\/\/www.naturparkmagazin.de\/sternberger-seenland\/?s={search_term_string}\"},\"query-input\":\"required name=search_term_string\"}],\"inLanguage\":\"de\"},{\"@type\":\"Person\",\"@id\":\"https:\/\/www.naturparkmagazin.de\/sternberger-seenland\/#\/schema\/person\/712a5f470a8c286777fddf77babba74a\",\"name\":\"janlippke\",\"sameAs\":[\"http:\/\/www.naturpark-sternberger-seenland.de\"],\"url\":\"https:\/\/www.naturparkmagazin.de\/sternberger-seenland\/author\/janlippke\/\"}]}<\/script>\n<!-- \/ Yoast SEO plugin. -->","yoast_head_json":{"title":"Anpaddeln und M\u00fcll sammeln - Naturpark Sternberger Seenland","robots":{"index":"index","follow":"follow","max-snippet":"max-snippet:-1","max-image-preview":"max-image-preview:large","max-video-preview":"max-video-preview:-1"},"canonical":"https:\/\/www.naturparkmagazin.de\/sternberger-seenland\/anpaddeln-und-muell-sammeln-3\/","og_locale":"de_DE","og_type":"article","og_title":"Anpaddeln und M\u00fcll sammeln - Naturpark Sternberger Seenland","og_description":"Der F\u00f6rderverein des Naturparks Sternberger Seenland e.V. organisiert auch in diesem Jahr wieder eine Anpaddel- und M\u00fcllsammelaktion. Am 07. April ab 14 Uhr treffen sich alle, die daran teilnehmen m\u00f6chten und werden dann verschiedene Abschnitte der Warnow und Mildenitz ber\u00e4umen. Leider ist es immer wieder so, dass Hinterlassenschaften der letzten Saison die Natur verunstalten. Diese","og_url":"https:\/\/www.naturparkmagazin.de\/sternberger-seenland\/anpaddeln-und-muell-sammeln-3\/","og_site_name":"Naturpark Sternberger Seenland","article_published_time":"2017-03-17T07:24:18+00:00","og_image":[{"width":500,"height":300,"url":"https:\/\/www.naturparkmagazin.de\/sternberger-seenland\/wp-content\/uploads\/sites\/30\/Anpaddeln3.jpg","type":"image\/jpeg"}],"author":"janlippke","twitter_misc":{"Verfasst von":"janlippke","Gesch\u00e4tzte Lesezeit":"1\u00a0Minute"},"schema":{"@context":"https:\/\/schema.org","@graph":[{"@type":"WebPage","@id":"https:\/\/www.naturparkmagazin.de\/sternberger-seenland\/anpaddeln-und-muell-sammeln-3\/","url":"https:\/\/www.naturparkmagazin.de\/sternberger-seenland\/anpaddeln-und-muell-sammeln-3\/","name":"Anpaddeln und M\u00fcll sammeln - Naturpark Sternberger Seenland","isPartOf":{"@id":"https:\/\/www.naturparkmagazin.de\/sternberger-seenland\/#website"},"datePublished":"2017-03-17T07:24:18+00:00","dateModified":"2017-03-17T07:24:18+00:00","author":{"@id":"https:\/\/www.naturparkmagazin.de\/sternberger-seenland\/#\/schema\/person\/712a5f470a8c286777fddf77babba74a"},"breadcrumb":{"@id":"https:\/\/www.naturparkmagazin.de\/sternberger-seenland\/anpaddeln-und-muell-sammeln-3\/#breadcrumb"},"inLanguage":"de","potentialAction":[{"@type":"ReadAction","target":["https:\/\/www.naturparkmagazin.de\/sternberger-seenland\/anpaddeln-und-muell-sammeln-3\/"]}]},{"@type":"BreadcrumbList","@id":"https:\/\/www.naturparkmagazin.de\/sternberger-seenland\/anpaddeln-und-muell-sammeln-3\/#breadcrumb","itemListElement":[{"@type":"ListItem","position":1,"name":"Home","item":"https:\/\/www.naturparkmagazin.de\/sternberger-seenland\/"},{"@type":"ListItem","position":2,"name":"Anpaddeln und M\u00fcll sammeln"}]},{"@type":"WebSite","@id":"https:\/\/www.naturparkmagazin.de\/sternberger-seenland\/#website","url":"https:\/\/www.naturparkmagazin.de\/sternberger-seenland\/","name":"Naturpark Sternberger Seenland","description":"","potentialAction":[{"@type":"SearchAction","target":{"@type":"EntryPoint","urlTemplate":"https:\/\/www.naturparkmagazin.de\/sternberger-seenland\/?s={search_term_string}"},"query-input":"required name=search_term_string"}],"inLanguage":"de"},{"@type":"Person","@id":"https:\/\/www.naturparkmagazin.de\/sternberger-seenland\/#\/schema\/person\/712a5f470a8c286777fddf77babba74a","name":"janlippke","sameAs":["http:\/\/www.naturpark-sternberger-seenland.de"],"url":"https:\/\/www.naturparkmagazin.de\/sternberger-seenland\/author\/janlippke\/"}]}},"_links":{"self":[{"href":"https:\/\/www.naturparkmagazin.de\/sternberger-seenland\/wp-json\/wp\/v2\/posts\/1416"}],"collection":[{"href":"https:\/\/www.naturparkmagazin.de\/sternberger-seenland\/wp-json\/wp\/v2\/posts"}],"about":[{"href":"https:\/\/www.naturparkmagazin.de\/sternberger-seenland\/wp-json\/wp\/v2\/types\/post"}],"author":[{"embeddable":true,"href":"https:\/\/www.naturparkmagazin.de\/sternberger-seenland\/wp-json\/wp\/v2\/users\/27"}],"replies":[{"embeddable":true,"href":"https:\/\/www.naturparkmagazin.de\/sternberger-seenland\/wp-json\/wp\/v2\/comments?post=1416"}],"version-history":[{"count":1,"href":"https:\/\/www.naturparkmagazin.de\/sternberger-seenland\/wp-json\/wp\/v2\/posts\/1416\/revisions"}],"predecessor-version":[{"id":1417,"href":"https:\/\/www.naturparkmagazin.de\/sternberger-seenland\/wp-json\/wp\/v2\/posts\/1416\/revisions\/1417"}],"wp:featuredmedia":[{"embeddable":true,"href":"https:\/\/www.naturparkmagazin.de\/sternberger-seenland\/wp-json\/wp\/v2\/media\/1110"}],"wp:attachment":[{"href":"https:\/\/www.naturparkmagazin.de\/sternberger-seenland\/wp-json\/wp\/v2\/media?parent=1416"}],"wp:term":[{"taxonomy":"category","embeddable":true,"href":"https:\/\/www.naturparkmagazin.de\/sternberger-seenland\/wp-json\/wp\/v2\/categories?post=1416"},{"taxonomy":"post_tag","embeddable":true,"href":"https:\/\/www.naturparkmagazin.de\/sternberger-seenland\/wp-json\/wp\/v2\/tags?post=1416"}],"curies":[{"name":"wp","href":"https:\/\/api.w.org\/{rel}","templated":true}]}}