{"id":1430,"date":"2017-04-12T23:30:41","date_gmt":"2017-04-12T21:30:41","guid":{"rendered":"http:\/\/www.naturparkmagazin.de\/sternberger-seenland\/?p=1430"},"modified":"2017-04-19T16:12:09","modified_gmt":"2017-04-19T14:12:09","slug":"lenzener-pflanz-und-topftag-3","status":"publish","type":"post","link":"https:\/\/www.naturparkmagazin.de\/sternberger-seenland\/lenzener-pflanz-und-topftag-3\/","title":{"rendered":"Lenzener Pflanz- und Topftag"},"content":{"rendered":"<p>Am 01. Mai gibt es in Lenzen (bei Sternberg) wieder einen Pflanz- und Topftag. Der Naturpark Sternberger Seenland wird auch in diesem Jahr mit einem Informationsstand vertreten sein. Hier gibt es Infos rund um den Naturpark und die Kinder k\u00f6nnen sich spielerisch Wissen aneignen. Dar\u00fcber hinaus k\u00f6nnen sie selbst Nistk\u00e4sten zusammenbauen und diese dann sp\u00e4ter zu Hause im eigenen Garten aufh\u00e4ngen. Ein buntes Markttreiben von 10 bis 18 Uhr wird den Besuchern geboten, es gibt viel zu st\u00f6bern und sicher wird auch der eine oder andere Topf oder auch Pflanzen gekauft werden. F\u00fcr das leibliche Wohl ist gesorgt.<\/p>\n<div id=\"attachment_1431\" style=\"width: 510px\" class=\"wp-caption alignnone\"><a href=\"https:\/\/www.naturparkmagazin.de\/sternberger-seenland\/wp-content\/uploads\/sites\/30\/Lenzen-1.Mai_.jpg\"><img aria-describedby=\"caption-attachment-1431\" decoding=\"async\" loading=\"lazy\" class=\"size-full wp-image-1431\" src=\"https:\/\/www.naturparkmagazin.de\/sternberger-seenland\/wp-content\/uploads\/sites\/30\/Lenzen-1.Mai_.jpg\" alt=\"Naturparkstand in Lenzen\" width=\"500\" height=\"300\" srcset=\"https:\/\/www.naturparkmagazin.de\/sternberger-seenland\/wp-content\/uploads\/sites\/30\/Lenzen-1.Mai_.jpg 500w, https:\/\/www.naturparkmagazin.de\/sternberger-seenland\/wp-content\/uploads\/sites\/30\/Lenzen-1.Mai_-300x180.jpg 300w, https:\/\/www.naturparkmagazin.de\/sternberger-seenland\/wp-content\/uploads\/sites\/30\/Lenzen-1.Mai_-200x120.jpg 200w\" sizes=\"(max-width: 500px) 100vw, 500px\" \/><\/a><p id=\"caption-attachment-1431\" class=\"wp-caption-text\">Naturparkstand in Lenzen<\/p><\/div>\n","protected":false},"excerpt":{"rendered":"<p>Am 01. Mai gibt es in Lenzen (bei Sternberg) wieder einen Pflanz- und Topftag. Der Naturpark Sternberger Seenland wird auch in diesem Jahr mit einem Informationsstand vertreten sein. Hier gibt es Infos rund um den Naturpark und die Kinder k\u00f6nnen sich spielerisch Wissen aneignen. Dar\u00fcber hinaus k\u00f6nnen sie selbst Nistk\u00e4sten zusammenbauen und diese dann sp\u00e4ter<\/p>\n","protected":false},"author":27,"featured_media":1432,"comment_status":"open","ping_status":"open","sticky":false,"template":"","format":"standard","meta":[],"categories":[11],"tags":[],"yoast_head":"<!-- This site is optimized with the Yoast SEO plugin v19.10 - https:\/\/yoast.com\/wordpress\/plugins\/seo\/ -->\n<title>Lenzener Pflanz- und Topftag - Naturpark Sternberger Seenland<\/title>\n<meta name=\"robots\" content=\"index, follow, max-snippet:-1, max-image-preview:large, max-video-preview:-1\" \/>\n<link rel=\"canonical\" href=\"https:\/\/www.naturparkmagazin.de\/sternberger-seenland\/lenzener-pflanz-und-topftag-3\/\" \/>\n<meta property=\"og:locale\" content=\"de_DE\" \/>\n<meta property=\"og:type\" content=\"article\" \/>\n<meta property=\"og:title\" content=\"Lenzener Pflanz- und Topftag - Naturpark Sternberger Seenland\" \/>\n<meta property=\"og:description\" content=\"Am 01. Mai gibt es in Lenzen (bei Sternberg) wieder einen Pflanz- und Topftag. Der Naturpark Sternberger Seenland wird auch in diesem Jahr mit einem Informationsstand vertreten sein. Hier gibt es Infos rund um den Naturpark und die Kinder k\u00f6nnen sich spielerisch Wissen aneignen. Dar\u00fcber hinaus k\u00f6nnen sie selbst Nistk\u00e4sten zusammenbauen und diese dann sp\u00e4ter\" \/>\n<meta property=\"og:url\" content=\"https:\/\/www.naturparkmagazin.de\/sternberger-seenland\/lenzener-pflanz-und-topftag-3\/\" \/>\n<meta property=\"og:site_name\" content=\"Naturpark Sternberger Seenland\" \/>\n<meta property=\"article:published_time\" content=\"2017-04-12T21:30:41+00:00\" \/>\n<meta property=\"article:modified_time\" content=\"2017-04-19T14:12:09+00:00\" \/>\n<meta property=\"og:image\" content=\"https:\/\/www.naturparkmagazin.de\/sternberger-seenland\/wp-content\/uploads\/sites\/30\/Lenzen_Festplatz.jpg\" \/>\n\t<meta property=\"og:image:width\" content=\"500\" \/>\n\t<meta property=\"og:image:height\" content=\"300\" \/>\n\t<meta property=\"og:image:type\" content=\"image\/jpeg\" \/>\n<meta name=\"author\" content=\"janlippke\" \/>\n<meta name=\"twitter:label1\" content=\"Verfasst von\" \/>\n\t<meta name=\"twitter:data1\" content=\"janlippke\" \/>\n\t<meta name=\"twitter:label2\" content=\"Gesch\u00e4tzte Lesezeit\" \/>\n\t<meta name=\"twitter:data2\" content=\"1\u00a0Minute\" \/>\n<script type=\"application\/ld+json\" class=\"yoast-schema-graph\">{\"@context\":\"https:\/\/schema.org\",\"@graph\":[{\"@type\":\"WebPage\",\"@id\":\"https:\/\/www.naturparkmagazin.de\/sternberger-seenland\/lenzener-pflanz-und-topftag-3\/\",\"url\":\"https:\/\/www.naturparkmagazin.de\/sternberger-seenland\/lenzener-pflanz-und-topftag-3\/\",\"name\":\"Lenzener Pflanz- und Topftag - Naturpark Sternberger Seenland\",\"isPartOf\":{\"@id\":\"https:\/\/www.naturparkmagazin.de\/sternberger-seenland\/#website\"},\"datePublished\":\"2017-04-12T21:30:41+00:00\",\"dateModified\":\"2017-04-19T14:12:09+00:00\",\"author\":{\"@id\":\"https:\/\/www.naturparkmagazin.de\/sternberger-seenland\/#\/schema\/person\/712a5f470a8c286777fddf77babba74a\"},\"breadcrumb\":{\"@id\":\"https:\/\/www.naturparkmagazin.de\/sternberger-seenland\/lenzener-pflanz-und-topftag-3\/#breadcrumb\"},\"inLanguage\":\"de\",\"potentialAction\":[{\"@type\":\"ReadAction\",\"target\":[\"https:\/\/www.naturparkmagazin.de\/sternberger-seenland\/lenzener-pflanz-und-topftag-3\/\"]}]},{\"@type\":\"BreadcrumbList\",\"@id\":\"https:\/\/www.naturparkmagazin.de\/sternberger-seenland\/lenzener-pflanz-und-topftag-3\/#breadcrumb\",\"itemListElement\":[{\"@type\":\"ListItem\",\"position\":1,\"name\":\"Home\",\"item\":\"https:\/\/www.naturparkmagazin.de\/sternberger-seenland\/\"},{\"@type\":\"ListItem\",\"position\":2,\"name\":\"Lenzener Pflanz- und Topftag\"}]},{\"@type\":\"WebSite\",\"@id\":\"https:\/\/www.naturparkmagazin.de\/sternberger-seenland\/#website\",\"url\":\"https:\/\/www.naturparkmagazin.de\/sternberger-seenland\/\",\"name\":\"Naturpark Sternberger Seenland\",\"description\":\"\",\"potentialAction\":[{\"@type\":\"SearchAction\",\"target\":{\"@type\":\"EntryPoint\",\"urlTemplate\":\"https:\/\/www.naturparkmagazin.de\/sternberger-seenland\/?s={search_term_string}\"},\"query-input\":\"required name=search_term_string\"}],\"inLanguage\":\"de\"},{\"@type\":\"Person\",\"@id\":\"https:\/\/www.naturparkmagazin.de\/sternberger-seenland\/#\/schema\/person\/712a5f470a8c286777fddf77babba74a\",\"name\":\"janlippke\",\"sameAs\":[\"http:\/\/www.naturpark-sternberger-seenland.de\"],\"url\":\"https:\/\/www.naturparkmagazin.de\/sternberger-seenland\/author\/janlippke\/\"}]}<\/script>\n<!-- \/ Yoast SEO plugin. -->","yoast_head_json":{"title":"Lenzener Pflanz- und Topftag - Naturpark Sternberger Seenland","robots":{"index":"index","follow":"follow","max-snippet":"max-snippet:-1","max-image-preview":"max-image-preview:large","max-video-preview":"max-video-preview:-1"},"canonical":"https:\/\/www.naturparkmagazin.de\/sternberger-seenland\/lenzener-pflanz-und-topftag-3\/","og_locale":"de_DE","og_type":"article","og_title":"Lenzener Pflanz- und Topftag - Naturpark Sternberger Seenland","og_description":"Am 01. Mai gibt es in Lenzen (bei Sternberg) wieder einen Pflanz- und Topftag. Der Naturpark Sternberger Seenland wird auch in diesem Jahr mit einem Informationsstand vertreten sein. Hier gibt es Infos rund um den Naturpark und die Kinder k\u00f6nnen sich spielerisch Wissen aneignen. Dar\u00fcber hinaus k\u00f6nnen sie selbst Nistk\u00e4sten zusammenbauen und diese dann sp\u00e4ter","og_url":"https:\/\/www.naturparkmagazin.de\/sternberger-seenland\/lenzener-pflanz-und-topftag-3\/","og_site_name":"Naturpark Sternberger Seenland","article_published_time":"2017-04-12T21:30:41+00:00","article_modified_time":"2017-04-19T14:12:09+00:00","og_image":[{"width":500,"height":300,"url":"https:\/\/www.naturparkmagazin.de\/sternberger-seenland\/wp-content\/uploads\/sites\/30\/Lenzen_Festplatz.jpg","type":"image\/jpeg"}],"author":"janlippke","twitter_misc":{"Verfasst von":"janlippke","Gesch\u00e4tzte Lesezeit":"1\u00a0Minute"},"schema":{"@context":"https:\/\/schema.org","@graph":[{"@type":"WebPage","@id":"https:\/\/www.naturparkmagazin.de\/sternberger-seenland\/lenzener-pflanz-und-topftag-3\/","url":"https:\/\/www.naturparkmagazin.de\/sternberger-seenland\/lenzener-pflanz-und-topftag-3\/","name":"Lenzener Pflanz- und Topftag - Naturpark Sternberger Seenland","isPartOf":{"@id":"https:\/\/www.naturparkmagazin.de\/sternberger-seenland\/#website"},"datePublished":"2017-04-12T21:30:41+00:00","dateModified":"2017-04-19T14:12:09+00:00","author":{"@id":"https:\/\/www.naturparkmagazin.de\/sternberger-seenland\/#\/schema\/person\/712a5f470a8c286777fddf77babba74a"},"breadcrumb":{"@id":"https:\/\/www.naturparkmagazin.de\/sternberger-seenland\/lenzener-pflanz-und-topftag-3\/#breadcrumb"},"inLanguage":"de","potentialAction":[{"@type":"ReadAction","target":["https:\/\/www.naturparkmagazin.de\/sternberger-seenland\/lenzener-pflanz-und-topftag-3\/"]}]},{"@type":"BreadcrumbList","@id":"https:\/\/www.naturparkmagazin.de\/sternberger-seenland\/lenzener-pflanz-und-topftag-3\/#breadcrumb","itemListElement":[{"@type":"ListItem","position":1,"name":"Home","item":"https:\/\/www.naturparkmagazin.de\/sternberger-seenland\/"},{"@type":"ListItem","position":2,"name":"Lenzener Pflanz- und Topftag"}]},{"@type":"WebSite","@id":"https:\/\/www.naturparkmagazin.de\/sternberger-seenland\/#website","url":"https:\/\/www.naturparkmagazin.de\/sternberger-seenland\/","name":"Naturpark Sternberger Seenland","description":"","potentialAction":[{"@type":"SearchAction","target":{"@type":"EntryPoint","urlTemplate":"https:\/\/www.naturparkmagazin.de\/sternberger-seenland\/?s={search_term_string}"},"query-input":"required name=search_term_string"}],"inLanguage":"de"},{"@type":"Person","@id":"https:\/\/www.naturparkmagazin.de\/sternberger-seenland\/#\/schema\/person\/712a5f470a8c286777fddf77babba74a","name":"janlippke","sameAs":["http:\/\/www.naturpark-sternberger-seenland.de"],"url":"https:\/\/www.naturparkmagazin.de\/sternberger-seenland\/author\/janlippke\/"}]}},"_links":{"self":[{"href":"https:\/\/www.naturparkmagazin.de\/sternberger-seenland\/wp-json\/wp\/v2\/posts\/1430"}],"collection":[{"href":"https:\/\/www.naturparkmagazin.de\/sternberger-seenland\/wp-json\/wp\/v2\/posts"}],"about":[{"href":"https:\/\/www.naturparkmagazin.de\/sternberger-seenland\/wp-json\/wp\/v2\/types\/post"}],"author":[{"embeddable":true,"href":"https:\/\/www.naturparkmagazin.de\/sternberger-seenland\/wp-json\/wp\/v2\/users\/27"}],"replies":[{"embeddable":true,"href":"https:\/\/www.naturparkmagazin.de\/sternberger-seenland\/wp-json\/wp\/v2\/comments?post=1430"}],"version-history":[{"count":3,"href":"https:\/\/www.naturparkmagazin.de\/sternberger-seenland\/wp-json\/wp\/v2\/posts\/1430\/revisions"}],"predecessor-version":[{"id":1459,"href":"https:\/\/www.naturparkmagazin.de\/sternberger-seenland\/wp-json\/wp\/v2\/posts\/1430\/revisions\/1459"}],"wp:featuredmedia":[{"embeddable":true,"href":"https:\/\/www.naturparkmagazin.de\/sternberger-seenland\/wp-json\/wp\/v2\/media\/1432"}],"wp:attachment":[{"href":"https:\/\/www.naturparkmagazin.de\/sternberger-seenland\/wp-json\/wp\/v2\/media?parent=1430"}],"wp:term":[{"taxonomy":"category","embeddable":true,"href":"https:\/\/www.naturparkmagazin.de\/sternberger-seenland\/wp-json\/wp\/v2\/categories?post=1430"},{"taxonomy":"post_tag","embeddable":true,"href":"https:\/\/www.naturparkmagazin.de\/sternberger-seenland\/wp-json\/wp\/v2\/tags?post=1430"}],"curies":[{"name":"wp","href":"https:\/\/api.w.org\/{rel}","templated":true}]}}