{"id":1435,"date":"2017-04-12T15:00:43","date_gmt":"2017-04-12T13:00:43","guid":{"rendered":"http:\/\/www.naturparkmagazin.de\/sternberger-seenland\/?p=1435"},"modified":"2017-04-19T16:14:08","modified_gmt":"2017-04-19T14:14:08","slug":"vortrag-im-naturparkzentrum-6","status":"publish","type":"post","link":"https:\/\/www.naturparkmagazin.de\/sternberger-seenland\/vortrag-im-naturparkzentrum-6\/","title":{"rendered":"Vortrag im Naturparkzentrum"},"content":{"rendered":"<p>Am 18. Mai um 19 Uhr gibt es wieder einen Vortrag im Naturparkzentrum. Das Thema ist &#8222;Heuh\u00fcpper, Wrattenbiter und de b\u00f6s Ackerkr\u00e4wt&#8220;, dazu wird Herr Dr. Wolfgang Wranik referieren. Es gibt einen sicherlich interessanten Einblick in die Welt der Heuschrecken, die hier vorkommenden Arten und ihre Lebensweise. Der Eintritt ist wie immer frei, der F\u00f6rderverein bietet vor und w\u00e4hrend des Vortrages Getr\u00e4nke zum Selbstkostenpreis an.<\/p>\n<div id=\"attachment_1436\" style=\"width: 510px\" class=\"wp-caption alignnone\"><a href=\"https:\/\/www.naturparkmagazin.de\/sternberger-seenland\/wp-content\/uploads\/sites\/30\/Warzenbei\u00dfer_braun.jpg\"><img aria-describedby=\"caption-attachment-1436\" decoding=\"async\" loading=\"lazy\" class=\"size-full wp-image-1436\" src=\"https:\/\/www.naturparkmagazin.de\/sternberger-seenland\/wp-content\/uploads\/sites\/30\/Warzenbei\u00dfer_braun.jpg\" alt=\"Warzenbei\u00dfer, braune Form\" width=\"500\" height=\"300\" srcset=\"https:\/\/www.naturparkmagazin.de\/sternberger-seenland\/wp-content\/uploads\/sites\/30\/Warzenbei\u00dfer_braun.jpg 500w, https:\/\/www.naturparkmagazin.de\/sternberger-seenland\/wp-content\/uploads\/sites\/30\/Warzenbei\u00dfer_braun-300x180.jpg 300w, https:\/\/www.naturparkmagazin.de\/sternberger-seenland\/wp-content\/uploads\/sites\/30\/Warzenbei\u00dfer_braun-200x120.jpg 200w\" sizes=\"(max-width: 500px) 100vw, 500px\" \/><\/a><p id=\"caption-attachment-1436\" class=\"wp-caption-text\">Warzenbei\u00dfer, braune Form<\/p><\/div>\n","protected":false},"excerpt":{"rendered":"<p>Am 18. Mai um 19 Uhr gibt es wieder einen Vortrag im Naturparkzentrum. Das Thema ist &#8222;Heuh\u00fcpper, Wrattenbiter und de b\u00f6s Ackerkr\u00e4wt&#8220;, dazu wird Herr Dr. Wolfgang Wranik referieren. Es gibt einen sicherlich interessanten Einblick in die Welt der Heuschrecken, die hier vorkommenden Arten und ihre Lebensweise. Der Eintritt ist wie immer frei, der F\u00f6rderverein<\/p>\n","protected":false},"author":27,"featured_media":1437,"comment_status":"open","ping_status":"open","sticky":false,"template":"","format":"standard","meta":[],"categories":[11],"tags":[],"yoast_head":"<!-- This site is optimized with the Yoast SEO plugin v19.10 - https:\/\/yoast.com\/wordpress\/plugins\/seo\/ -->\n<title>Vortrag im Naturparkzentrum - Naturpark Sternberger Seenland<\/title>\n<meta name=\"robots\" content=\"index, follow, max-snippet:-1, max-image-preview:large, max-video-preview:-1\" \/>\n<link rel=\"canonical\" href=\"https:\/\/www.naturparkmagazin.de\/sternberger-seenland\/vortrag-im-naturparkzentrum-6\/\" \/>\n<meta property=\"og:locale\" content=\"de_DE\" \/>\n<meta property=\"og:type\" content=\"article\" \/>\n<meta property=\"og:title\" content=\"Vortrag im Naturparkzentrum - Naturpark Sternberger Seenland\" \/>\n<meta property=\"og:description\" content=\"Am 18. Mai um 19 Uhr gibt es wieder einen Vortrag im Naturparkzentrum. Das Thema ist &#8222;Heuh\u00fcpper, Wrattenbiter und de b\u00f6s Ackerkr\u00e4wt&#8220;, dazu wird Herr Dr. Wolfgang Wranik referieren. Es gibt einen sicherlich interessanten Einblick in die Welt der Heuschrecken, die hier vorkommenden Arten und ihre Lebensweise. Der Eintritt ist wie immer frei, der F\u00f6rderverein\" \/>\n<meta property=\"og:url\" content=\"https:\/\/www.naturparkmagazin.de\/sternberger-seenland\/vortrag-im-naturparkzentrum-6\/\" \/>\n<meta property=\"og:site_name\" content=\"Naturpark Sternberger Seenland\" \/>\n<meta property=\"article:published_time\" content=\"2017-04-12T13:00:43+00:00\" \/>\n<meta property=\"article:modified_time\" content=\"2017-04-19T14:14:08+00:00\" \/>\n<meta property=\"og:image\" content=\"https:\/\/www.naturparkmagazin.de\/sternberger-seenland\/wp-content\/uploads\/sites\/30\/Warzenbei\u00dfer_gr\u00fcn.jpg\" \/>\n\t<meta property=\"og:image:width\" content=\"300\" \/>\n\t<meta property=\"og:image:height\" content=\"500\" \/>\n\t<meta property=\"og:image:type\" content=\"image\/jpeg\" \/>\n<meta name=\"author\" content=\"janlippke\" \/>\n<meta name=\"twitter:label1\" content=\"Verfasst von\" \/>\n\t<meta name=\"twitter:data1\" content=\"janlippke\" \/>\n<script type=\"application\/ld+json\" class=\"yoast-schema-graph\">{\"@context\":\"https:\/\/schema.org\",\"@graph\":[{\"@type\":\"WebPage\",\"@id\":\"https:\/\/www.naturparkmagazin.de\/sternberger-seenland\/vortrag-im-naturparkzentrum-6\/\",\"url\":\"https:\/\/www.naturparkmagazin.de\/sternberger-seenland\/vortrag-im-naturparkzentrum-6\/\",\"name\":\"Vortrag im Naturparkzentrum - Naturpark Sternberger Seenland\",\"isPartOf\":{\"@id\":\"https:\/\/www.naturparkmagazin.de\/sternberger-seenland\/#website\"},\"datePublished\":\"2017-04-12T13:00:43+00:00\",\"dateModified\":\"2017-04-19T14:14:08+00:00\",\"author\":{\"@id\":\"https:\/\/www.naturparkmagazin.de\/sternberger-seenland\/#\/schema\/person\/712a5f470a8c286777fddf77babba74a\"},\"breadcrumb\":{\"@id\":\"https:\/\/www.naturparkmagazin.de\/sternberger-seenland\/vortrag-im-naturparkzentrum-6\/#breadcrumb\"},\"inLanguage\":\"de\",\"potentialAction\":[{\"@type\":\"ReadAction\",\"target\":[\"https:\/\/www.naturparkmagazin.de\/sternberger-seenland\/vortrag-im-naturparkzentrum-6\/\"]}]},{\"@type\":\"BreadcrumbList\",\"@id\":\"https:\/\/www.naturparkmagazin.de\/sternberger-seenland\/vortrag-im-naturparkzentrum-6\/#breadcrumb\",\"itemListElement\":[{\"@type\":\"ListItem\",\"position\":1,\"name\":\"Home\",\"item\":\"https:\/\/www.naturparkmagazin.de\/sternberger-seenland\/\"},{\"@type\":\"ListItem\",\"position\":2,\"name\":\"Vortrag im Naturparkzentrum\"}]},{\"@type\":\"WebSite\",\"@id\":\"https:\/\/www.naturparkmagazin.de\/sternberger-seenland\/#website\",\"url\":\"https:\/\/www.naturparkmagazin.de\/sternberger-seenland\/\",\"name\":\"Naturpark Sternberger Seenland\",\"description\":\"\",\"potentialAction\":[{\"@type\":\"SearchAction\",\"target\":{\"@type\":\"EntryPoint\",\"urlTemplate\":\"https:\/\/www.naturparkmagazin.de\/sternberger-seenland\/?s={search_term_string}\"},\"query-input\":\"required name=search_term_string\"}],\"inLanguage\":\"de\"},{\"@type\":\"Person\",\"@id\":\"https:\/\/www.naturparkmagazin.de\/sternberger-seenland\/#\/schema\/person\/712a5f470a8c286777fddf77babba74a\",\"name\":\"janlippke\",\"sameAs\":[\"http:\/\/www.naturpark-sternberger-seenland.de\"],\"url\":\"https:\/\/www.naturparkmagazin.de\/sternberger-seenland\/author\/janlippke\/\"}]}<\/script>\n<!-- \/ Yoast SEO plugin. -->","yoast_head_json":{"title":"Vortrag im Naturparkzentrum - Naturpark Sternberger Seenland","robots":{"index":"index","follow":"follow","max-snippet":"max-snippet:-1","max-image-preview":"max-image-preview:large","max-video-preview":"max-video-preview:-1"},"canonical":"https:\/\/www.naturparkmagazin.de\/sternberger-seenland\/vortrag-im-naturparkzentrum-6\/","og_locale":"de_DE","og_type":"article","og_title":"Vortrag im Naturparkzentrum - Naturpark Sternberger Seenland","og_description":"Am 18. Mai um 19 Uhr gibt es wieder einen Vortrag im Naturparkzentrum. Das Thema ist &#8222;Heuh\u00fcpper, Wrattenbiter und de b\u00f6s Ackerkr\u00e4wt&#8220;, dazu wird Herr Dr. Wolfgang Wranik referieren. Es gibt einen sicherlich interessanten Einblick in die Welt der Heuschrecken, die hier vorkommenden Arten und ihre Lebensweise. Der Eintritt ist wie immer frei, der F\u00f6rderverein","og_url":"https:\/\/www.naturparkmagazin.de\/sternberger-seenland\/vortrag-im-naturparkzentrum-6\/","og_site_name":"Naturpark Sternberger Seenland","article_published_time":"2017-04-12T13:00:43+00:00","article_modified_time":"2017-04-19T14:14:08+00:00","og_image":[{"width":300,"height":500,"url":"https:\/\/www.naturparkmagazin.de\/sternberger-seenland\/wp-content\/uploads\/sites\/30\/Warzenbei\u00dfer_gr\u00fcn.jpg","type":"image\/jpeg"}],"author":"janlippke","twitter_misc":{"Verfasst von":"janlippke"},"schema":{"@context":"https:\/\/schema.org","@graph":[{"@type":"WebPage","@id":"https:\/\/www.naturparkmagazin.de\/sternberger-seenland\/vortrag-im-naturparkzentrum-6\/","url":"https:\/\/www.naturparkmagazin.de\/sternberger-seenland\/vortrag-im-naturparkzentrum-6\/","name":"Vortrag im Naturparkzentrum - Naturpark Sternberger Seenland","isPartOf":{"@id":"https:\/\/www.naturparkmagazin.de\/sternberger-seenland\/#website"},"datePublished":"2017-04-12T13:00:43+00:00","dateModified":"2017-04-19T14:14:08+00:00","author":{"@id":"https:\/\/www.naturparkmagazin.de\/sternberger-seenland\/#\/schema\/person\/712a5f470a8c286777fddf77babba74a"},"breadcrumb":{"@id":"https:\/\/www.naturparkmagazin.de\/sternberger-seenland\/vortrag-im-naturparkzentrum-6\/#breadcrumb"},"inLanguage":"de","potentialAction":[{"@type":"ReadAction","target":["https:\/\/www.naturparkmagazin.de\/sternberger-seenland\/vortrag-im-naturparkzentrum-6\/"]}]},{"@type":"BreadcrumbList","@id":"https:\/\/www.naturparkmagazin.de\/sternberger-seenland\/vortrag-im-naturparkzentrum-6\/#breadcrumb","itemListElement":[{"@type":"ListItem","position":1,"name":"Home","item":"https:\/\/www.naturparkmagazin.de\/sternberger-seenland\/"},{"@type":"ListItem","position":2,"name":"Vortrag im Naturparkzentrum"}]},{"@type":"WebSite","@id":"https:\/\/www.naturparkmagazin.de\/sternberger-seenland\/#website","url":"https:\/\/www.naturparkmagazin.de\/sternberger-seenland\/","name":"Naturpark Sternberger Seenland","description":"","potentialAction":[{"@type":"SearchAction","target":{"@type":"EntryPoint","urlTemplate":"https:\/\/www.naturparkmagazin.de\/sternberger-seenland\/?s={search_term_string}"},"query-input":"required name=search_term_string"}],"inLanguage":"de"},{"@type":"Person","@id":"https:\/\/www.naturparkmagazin.de\/sternberger-seenland\/#\/schema\/person\/712a5f470a8c286777fddf77babba74a","name":"janlippke","sameAs":["http:\/\/www.naturpark-sternberger-seenland.de"],"url":"https:\/\/www.naturparkmagazin.de\/sternberger-seenland\/author\/janlippke\/"}]}},"_links":{"self":[{"href":"https:\/\/www.naturparkmagazin.de\/sternberger-seenland\/wp-json\/wp\/v2\/posts\/1435"}],"collection":[{"href":"https:\/\/www.naturparkmagazin.de\/sternberger-seenland\/wp-json\/wp\/v2\/posts"}],"about":[{"href":"https:\/\/www.naturparkmagazin.de\/sternberger-seenland\/wp-json\/wp\/v2\/types\/post"}],"author":[{"embeddable":true,"href":"https:\/\/www.naturparkmagazin.de\/sternberger-seenland\/wp-json\/wp\/v2\/users\/27"}],"replies":[{"embeddable":true,"href":"https:\/\/www.naturparkmagazin.de\/sternberger-seenland\/wp-json\/wp\/v2\/comments?post=1435"}],"version-history":[{"count":1,"href":"https:\/\/www.naturparkmagazin.de\/sternberger-seenland\/wp-json\/wp\/v2\/posts\/1435\/revisions"}],"predecessor-version":[{"id":1438,"href":"https:\/\/www.naturparkmagazin.de\/sternberger-seenland\/wp-json\/wp\/v2\/posts\/1435\/revisions\/1438"}],"wp:featuredmedia":[{"embeddable":true,"href":"https:\/\/www.naturparkmagazin.de\/sternberger-seenland\/wp-json\/wp\/v2\/media\/1437"}],"wp:attachment":[{"href":"https:\/\/www.naturparkmagazin.de\/sternberger-seenland\/wp-json\/wp\/v2\/media?parent=1435"}],"wp:term":[{"taxonomy":"category","embeddable":true,"href":"https:\/\/www.naturparkmagazin.de\/sternberger-seenland\/wp-json\/wp\/v2\/categories?post=1435"},{"taxonomy":"post_tag","embeddable":true,"href":"https:\/\/www.naturparkmagazin.de\/sternberger-seenland\/wp-json\/wp\/v2\/tags?post=1435"}],"curies":[{"name":"wp","href":"https:\/\/api.w.org\/{rel}","templated":true}]}}