{"id":1468,"date":"2017-05-16T13:00:21","date_gmt":"2017-05-16T11:00:21","guid":{"rendered":"http:\/\/www.naturparkmagazin.de\/sternberger-seenland\/?p=1468"},"modified":"2017-05-18T11:13:49","modified_gmt":"2017-05-18T09:13:49","slug":"wanderung-radebachtal-2","status":"publish","type":"post","link":"https:\/\/www.naturparkmagazin.de\/sternberger-seenland\/wanderung-radebachtal-2\/","title":{"rendered":"Wanderung Radebachtal"},"content":{"rendered":"<p>Unter dem Titel &#8222;Naturnahe Waldwirtschaft und einzigartige Biotope f\u00fcr seltene Tiere&#8220; findet am 22. Juni eine Wanderung durch das Radebachtal statt. Gef\u00fchrt wird diese Wanderung vom Naturpark-Ranger Mario Kr\u00fcger. Treffpunkt ist um 10 Uhr am Bahnhof Blankenberg. Von dort geht es dann los auf dem Rundweg durch das Radebachtal und auf den Spuren der Biber. Die Teilnahme ist kostenlos, eine kleine Spende f\u00fcr unseren F\u00f6rderverein ist jedoch willkommen.<\/p>\n<p><a href=\"https:\/\/www.naturparkmagazin.de\/sternberger-seenland\/wp-content\/uploads\/sites\/30\/Radebach-Pionierbr\u00fccke.jpg\"><img decoding=\"async\" loading=\"lazy\" class=\"size-full wp-image-1445\" src=\"https:\/\/www.naturparkmagazin.de\/sternberger-seenland\/wp-content\/uploads\/sites\/30\/Radebach-Pionierbr\u00fccke.jpg\" alt=\"Radebachtal an der Pionierbr\u00fccke\" width=\"500\" height=\"300\" srcset=\"https:\/\/www.naturparkmagazin.de\/sternberger-seenland\/wp-content\/uploads\/sites\/30\/Radebach-Pionierbr\u00fccke.jpg 500w, https:\/\/www.naturparkmagazin.de\/sternberger-seenland\/wp-content\/uploads\/sites\/30\/Radebach-Pionierbr\u00fccke-300x180.jpg 300w, https:\/\/www.naturparkmagazin.de\/sternberger-seenland\/wp-content\/uploads\/sites\/30\/Radebach-Pionierbr\u00fccke-200x120.jpg 200w\" sizes=\"(max-width: 500px) 100vw, 500px\" \/><\/a><\/p>\n","protected":false},"excerpt":{"rendered":"<p>Unter dem Titel &#8222;Naturnahe Waldwirtschaft und einzigartige Biotope f\u00fcr seltene Tiere&#8220; findet am 22. Juni eine Wanderung durch das Radebachtal statt.<\/p>\n","protected":false},"author":27,"featured_media":1446,"comment_status":"open","ping_status":"open","sticky":false,"template":"","format":"standard","meta":[],"categories":[11],"tags":[],"yoast_head":"<!-- This site is optimized with the Yoast SEO plugin v19.10 - https:\/\/yoast.com\/wordpress\/plugins\/seo\/ -->\n<title>Wanderung Radebachtal - Naturpark Sternberger Seenland<\/title>\n<meta name=\"robots\" content=\"index, follow, max-snippet:-1, max-image-preview:large, max-video-preview:-1\" \/>\n<link rel=\"canonical\" href=\"https:\/\/www.naturparkmagazin.de\/sternberger-seenland\/wanderung-radebachtal-2\/\" \/>\n<meta property=\"og:locale\" content=\"de_DE\" \/>\n<meta property=\"og:type\" content=\"article\" \/>\n<meta property=\"og:title\" content=\"Wanderung Radebachtal - Naturpark Sternberger Seenland\" \/>\n<meta property=\"og:description\" content=\"Unter dem Titel &quot;Naturnahe Waldwirtschaft und einzigartige Biotope f\u00fcr seltene Tiere&quot; findet am 22. Juni eine Wanderung durch das Radebachtal statt.\" \/>\n<meta property=\"og:url\" content=\"https:\/\/www.naturparkmagazin.de\/sternberger-seenland\/wanderung-radebachtal-2\/\" \/>\n<meta property=\"og:site_name\" content=\"Naturpark Sternberger Seenland\" \/>\n<meta property=\"article:published_time\" content=\"2017-05-16T11:00:21+00:00\" \/>\n<meta property=\"article:modified_time\" content=\"2017-05-18T09:13:49+00:00\" \/>\n<meta property=\"og:image\" content=\"https:\/\/www.naturparkmagazin.de\/sternberger-seenland\/wp-content\/uploads\/sites\/30\/Radebach_Biberdamm.jpg\" \/>\n\t<meta property=\"og:image:width\" content=\"500\" \/>\n\t<meta property=\"og:image:height\" content=\"300\" \/>\n\t<meta property=\"og:image:type\" content=\"image\/jpeg\" \/>\n<meta name=\"author\" content=\"janlippke\" \/>\n<meta name=\"twitter:label1\" content=\"Verfasst von\" \/>\n\t<meta name=\"twitter:data1\" content=\"janlippke\" \/>\n<script type=\"application\/ld+json\" class=\"yoast-schema-graph\">{\"@context\":\"https:\/\/schema.org\",\"@graph\":[{\"@type\":\"WebPage\",\"@id\":\"https:\/\/www.naturparkmagazin.de\/sternberger-seenland\/wanderung-radebachtal-2\/\",\"url\":\"https:\/\/www.naturparkmagazin.de\/sternberger-seenland\/wanderung-radebachtal-2\/\",\"name\":\"Wanderung Radebachtal - Naturpark Sternberger Seenland\",\"isPartOf\":{\"@id\":\"https:\/\/www.naturparkmagazin.de\/sternberger-seenland\/#website\"},\"datePublished\":\"2017-05-16T11:00:21+00:00\",\"dateModified\":\"2017-05-18T09:13:49+00:00\",\"author\":{\"@id\":\"https:\/\/www.naturparkmagazin.de\/sternberger-seenland\/#\/schema\/person\/712a5f470a8c286777fddf77babba74a\"},\"breadcrumb\":{\"@id\":\"https:\/\/www.naturparkmagazin.de\/sternberger-seenland\/wanderung-radebachtal-2\/#breadcrumb\"},\"inLanguage\":\"de\",\"potentialAction\":[{\"@type\":\"ReadAction\",\"target\":[\"https:\/\/www.naturparkmagazin.de\/sternberger-seenland\/wanderung-radebachtal-2\/\"]}]},{\"@type\":\"BreadcrumbList\",\"@id\":\"https:\/\/www.naturparkmagazin.de\/sternberger-seenland\/wanderung-radebachtal-2\/#breadcrumb\",\"itemListElement\":[{\"@type\":\"ListItem\",\"position\":1,\"name\":\"Home\",\"item\":\"https:\/\/www.naturparkmagazin.de\/sternberger-seenland\/\"},{\"@type\":\"ListItem\",\"position\":2,\"name\":\"Wanderung Radebachtal\"}]},{\"@type\":\"WebSite\",\"@id\":\"https:\/\/www.naturparkmagazin.de\/sternberger-seenland\/#website\",\"url\":\"https:\/\/www.naturparkmagazin.de\/sternberger-seenland\/\",\"name\":\"Naturpark Sternberger Seenland\",\"description\":\"\",\"potentialAction\":[{\"@type\":\"SearchAction\",\"target\":{\"@type\":\"EntryPoint\",\"urlTemplate\":\"https:\/\/www.naturparkmagazin.de\/sternberger-seenland\/?s={search_term_string}\"},\"query-input\":\"required name=search_term_string\"}],\"inLanguage\":\"de\"},{\"@type\":\"Person\",\"@id\":\"https:\/\/www.naturparkmagazin.de\/sternberger-seenland\/#\/schema\/person\/712a5f470a8c286777fddf77babba74a\",\"name\":\"janlippke\",\"sameAs\":[\"http:\/\/www.naturpark-sternberger-seenland.de\"],\"url\":\"https:\/\/www.naturparkmagazin.de\/sternberger-seenland\/author\/janlippke\/\"}]}<\/script>\n<!-- \/ Yoast SEO plugin. -->","yoast_head_json":{"title":"Wanderung Radebachtal - Naturpark Sternberger Seenland","robots":{"index":"index","follow":"follow","max-snippet":"max-snippet:-1","max-image-preview":"max-image-preview:large","max-video-preview":"max-video-preview:-1"},"canonical":"https:\/\/www.naturparkmagazin.de\/sternberger-seenland\/wanderung-radebachtal-2\/","og_locale":"de_DE","og_type":"article","og_title":"Wanderung Radebachtal - Naturpark Sternberger Seenland","og_description":"Unter dem Titel \"Naturnahe Waldwirtschaft und einzigartige Biotope f\u00fcr seltene Tiere\" findet am 22. Juni eine Wanderung durch das Radebachtal statt.","og_url":"https:\/\/www.naturparkmagazin.de\/sternberger-seenland\/wanderung-radebachtal-2\/","og_site_name":"Naturpark Sternberger Seenland","article_published_time":"2017-05-16T11:00:21+00:00","article_modified_time":"2017-05-18T09:13:49+00:00","og_image":[{"width":500,"height":300,"url":"https:\/\/www.naturparkmagazin.de\/sternberger-seenland\/wp-content\/uploads\/sites\/30\/Radebach_Biberdamm.jpg","type":"image\/jpeg"}],"author":"janlippke","twitter_misc":{"Verfasst von":"janlippke"},"schema":{"@context":"https:\/\/schema.org","@graph":[{"@type":"WebPage","@id":"https:\/\/www.naturparkmagazin.de\/sternberger-seenland\/wanderung-radebachtal-2\/","url":"https:\/\/www.naturparkmagazin.de\/sternberger-seenland\/wanderung-radebachtal-2\/","name":"Wanderung Radebachtal - Naturpark Sternberger Seenland","isPartOf":{"@id":"https:\/\/www.naturparkmagazin.de\/sternberger-seenland\/#website"},"datePublished":"2017-05-16T11:00:21+00:00","dateModified":"2017-05-18T09:13:49+00:00","author":{"@id":"https:\/\/www.naturparkmagazin.de\/sternberger-seenland\/#\/schema\/person\/712a5f470a8c286777fddf77babba74a"},"breadcrumb":{"@id":"https:\/\/www.naturparkmagazin.de\/sternberger-seenland\/wanderung-radebachtal-2\/#breadcrumb"},"inLanguage":"de","potentialAction":[{"@type":"ReadAction","target":["https:\/\/www.naturparkmagazin.de\/sternberger-seenland\/wanderung-radebachtal-2\/"]}]},{"@type":"BreadcrumbList","@id":"https:\/\/www.naturparkmagazin.de\/sternberger-seenland\/wanderung-radebachtal-2\/#breadcrumb","itemListElement":[{"@type":"ListItem","position":1,"name":"Home","item":"https:\/\/www.naturparkmagazin.de\/sternberger-seenland\/"},{"@type":"ListItem","position":2,"name":"Wanderung Radebachtal"}]},{"@type":"WebSite","@id":"https:\/\/www.naturparkmagazin.de\/sternberger-seenland\/#website","url":"https:\/\/www.naturparkmagazin.de\/sternberger-seenland\/","name":"Naturpark Sternberger Seenland","description":"","potentialAction":[{"@type":"SearchAction","target":{"@type":"EntryPoint","urlTemplate":"https:\/\/www.naturparkmagazin.de\/sternberger-seenland\/?s={search_term_string}"},"query-input":"required name=search_term_string"}],"inLanguage":"de"},{"@type":"Person","@id":"https:\/\/www.naturparkmagazin.de\/sternberger-seenland\/#\/schema\/person\/712a5f470a8c286777fddf77babba74a","name":"janlippke","sameAs":["http:\/\/www.naturpark-sternberger-seenland.de"],"url":"https:\/\/www.naturparkmagazin.de\/sternberger-seenland\/author\/janlippke\/"}]}},"_links":{"self":[{"href":"https:\/\/www.naturparkmagazin.de\/sternberger-seenland\/wp-json\/wp\/v2\/posts\/1468"}],"collection":[{"href":"https:\/\/www.naturparkmagazin.de\/sternberger-seenland\/wp-json\/wp\/v2\/posts"}],"about":[{"href":"https:\/\/www.naturparkmagazin.de\/sternberger-seenland\/wp-json\/wp\/v2\/types\/post"}],"author":[{"embeddable":true,"href":"https:\/\/www.naturparkmagazin.de\/sternberger-seenland\/wp-json\/wp\/v2\/users\/27"}],"replies":[{"embeddable":true,"href":"https:\/\/www.naturparkmagazin.de\/sternberger-seenland\/wp-json\/wp\/v2\/comments?post=1468"}],"version-history":[{"count":3,"href":"https:\/\/www.naturparkmagazin.de\/sternberger-seenland\/wp-json\/wp\/v2\/posts\/1468\/revisions"}],"predecessor-version":[{"id":1493,"href":"https:\/\/www.naturparkmagazin.de\/sternberger-seenland\/wp-json\/wp\/v2\/posts\/1468\/revisions\/1493"}],"wp:featuredmedia":[{"embeddable":true,"href":"https:\/\/www.naturparkmagazin.de\/sternberger-seenland\/wp-json\/wp\/v2\/media\/1446"}],"wp:attachment":[{"href":"https:\/\/www.naturparkmagazin.de\/sternberger-seenland\/wp-json\/wp\/v2\/media?parent=1468"}],"wp:term":[{"taxonomy":"category","embeddable":true,"href":"https:\/\/www.naturparkmagazin.de\/sternberger-seenland\/wp-json\/wp\/v2\/categories?post=1468"},{"taxonomy":"post_tag","embeddable":true,"href":"https:\/\/www.naturparkmagazin.de\/sternberger-seenland\/wp-json\/wp\/v2\/tags?post=1468"}],"curies":[{"name":"wp","href":"https:\/\/api.w.org\/{rel}","templated":true}]}}