{"id":1486,"date":"2017-05-16T08:28:51","date_gmt":"2017-05-16T06:28:51","guid":{"rendered":"http:\/\/www.naturparkmagazin.de\/sternberger-seenland\/?p=1486"},"modified":"2017-05-16T08:28:51","modified_gmt":"2017-05-16T06:28:51","slug":"neubesetzung-unserer-foej-stelle","status":"publish","type":"post","link":"https:\/\/www.naturparkmagazin.de\/sternberger-seenland\/neubesetzung-unserer-foej-stelle\/","title":{"rendered":"Neubesetzung unserer F\u00d6J-Stelle"},"content":{"rendered":"<p>Unser F\u00d6J-ler verl\u00e4sst uns in diesem Jahr vorzeitig. Hannes will im Herbst ein Studium beginnen und muss dazu vorab noch ein Praktikum in der Landwirtschaft durchf\u00fchren. Deshalb wird unsere F\u00d6J-Stelle im Juli und August nicht besetzt sein.<\/p>\n<p>Wir hoffen sehr, dass sich zum Beginn des neuen F\u00d6J-Jahres wieder jemand f\u00fcr die neue Stelle ab 01. September findet. Bewerbungen k\u00f6nnen bereits jetzt an den Tr\u00e4ger, das Jugendwerk Aufbau Ost JAO gGmbH, Regionalb\u00fcro Waren, Haus des Gastes, Neuer Markt 21, in 17192 Waren (M\u00fcritz) gerichtet werden. Die Tel. Nr. ist 03991 \/ 663888 oder 0178\/3442405. Wir sind dann gern wieder ein Jahr lang als Einsatzstelle da, um den jungen Freiwilligen unsere Arbeit n\u00e4her zu bringen und damit vielleicht bei der Entscheidung f\u00fcr die Studienrichtung behilflich zu sein.<\/p>\n<div id=\"attachment_916\" style=\"width: 510px\" class=\"wp-caption alignnone\"><a href=\"https:\/\/www.naturparkmagazin.de\/sternberger-seenland\/wp-content\/uploads\/sites\/30\/Jolanda.jpg\"><img aria-describedby=\"caption-attachment-916\" decoding=\"async\" loading=\"lazy\" class=\"size-full wp-image-916\" src=\"https:\/\/www.naturparkmagazin.de\/sternberger-seenland\/wp-content\/uploads\/sites\/30\/Jolanda.jpg\" alt=\"Jolanda, unsere F\u00d6J-lerin 2015\/2016\" width=\"500\" height=\"300\" srcset=\"https:\/\/www.naturparkmagazin.de\/sternberger-seenland\/wp-content\/uploads\/sites\/30\/Jolanda.jpg 500w, https:\/\/www.naturparkmagazin.de\/sternberger-seenland\/wp-content\/uploads\/sites\/30\/Jolanda-300x180.jpg 300w, https:\/\/www.naturparkmagazin.de\/sternberger-seenland\/wp-content\/uploads\/sites\/30\/Jolanda-200x120.jpg 200w\" sizes=\"(max-width: 500px) 100vw, 500px\" \/><\/a><p id=\"caption-attachment-916\" class=\"wp-caption-text\">Jolanda, unsere F\u00d6J-lerin 2015\/2016<\/p><\/div>\n","protected":false},"excerpt":{"rendered":"<p>Unser F\u00d6J-ler verl\u00e4sst uns in diesem Jahr vorzeitig. Hannes will im Herbst ein Studium beginnen und muss dazu vorab noch ein Praktikum in der Landwirtschaft durchf\u00fchren. Deshalb wird unsere F\u00d6J-Stelle im Juli und August nicht besetzt sein. Wir hoffen sehr, dass sich zum Beginn des neuen F\u00d6J-Jahres wieder jemand f\u00fcr die neue Stelle ab 01.<\/p>\n","protected":false},"author":27,"featured_media":585,"comment_status":"open","ping_status":"open","sticky":false,"template":"","format":"standard","meta":[],"categories":[7],"tags":[],"yoast_head":"<!-- This site is optimized with the Yoast SEO plugin v19.10 - https:\/\/yoast.com\/wordpress\/plugins\/seo\/ -->\n<title>Neubesetzung unserer F\u00d6J-Stelle - Naturpark Sternberger Seenland<\/title>\n<meta name=\"robots\" content=\"index, follow, max-snippet:-1, max-image-preview:large, max-video-preview:-1\" \/>\n<link rel=\"canonical\" href=\"https:\/\/www.naturparkmagazin.de\/sternberger-seenland\/neubesetzung-unserer-foej-stelle\/\" \/>\n<meta property=\"og:locale\" content=\"de_DE\" \/>\n<meta property=\"og:type\" content=\"article\" \/>\n<meta property=\"og:title\" content=\"Neubesetzung unserer F\u00d6J-Stelle - Naturpark Sternberger Seenland\" \/>\n<meta property=\"og:description\" content=\"Unser F\u00d6J-ler verl\u00e4sst uns in diesem Jahr vorzeitig. Hannes will im Herbst ein Studium beginnen und muss dazu vorab noch ein Praktikum in der Landwirtschaft durchf\u00fchren. Deshalb wird unsere F\u00d6J-Stelle im Juli und August nicht besetzt sein. Wir hoffen sehr, dass sich zum Beginn des neuen F\u00d6J-Jahres wieder jemand f\u00fcr die neue Stelle ab 01.\" \/>\n<meta property=\"og:url\" content=\"https:\/\/www.naturparkmagazin.de\/sternberger-seenland\/neubesetzung-unserer-foej-stelle\/\" \/>\n<meta property=\"og:site_name\" content=\"Naturpark Sternberger Seenland\" \/>\n<meta property=\"article:published_time\" content=\"2017-05-16T06:28:51+00:00\" \/>\n<meta property=\"og:image\" content=\"https:\/\/www.naturparkmagazin.de\/sternberger-seenland\/wp-content\/uploads\/sites\/30\/Friederike.jpg\" \/>\n\t<meta property=\"og:image:width\" content=\"501\" \/>\n\t<meta property=\"og:image:height\" content=\"303\" \/>\n\t<meta property=\"og:image:type\" content=\"image\/jpeg\" \/>\n<meta name=\"author\" content=\"janlippke\" \/>\n<meta name=\"twitter:label1\" content=\"Verfasst von\" \/>\n\t<meta name=\"twitter:data1\" content=\"janlippke\" \/>\n\t<meta name=\"twitter:label2\" content=\"Gesch\u00e4tzte Lesezeit\" \/>\n\t<meta name=\"twitter:data2\" content=\"1\u00a0Minute\" \/>\n<script type=\"application\/ld+json\" class=\"yoast-schema-graph\">{\"@context\":\"https:\/\/schema.org\",\"@graph\":[{\"@type\":\"WebPage\",\"@id\":\"https:\/\/www.naturparkmagazin.de\/sternberger-seenland\/neubesetzung-unserer-foej-stelle\/\",\"url\":\"https:\/\/www.naturparkmagazin.de\/sternberger-seenland\/neubesetzung-unserer-foej-stelle\/\",\"name\":\"Neubesetzung unserer F\u00d6J-Stelle - Naturpark Sternberger Seenland\",\"isPartOf\":{\"@id\":\"https:\/\/www.naturparkmagazin.de\/sternberger-seenland\/#website\"},\"datePublished\":\"2017-05-16T06:28:51+00:00\",\"dateModified\":\"2017-05-16T06:28:51+00:00\",\"author\":{\"@id\":\"https:\/\/www.naturparkmagazin.de\/sternberger-seenland\/#\/schema\/person\/712a5f470a8c286777fddf77babba74a\"},\"breadcrumb\":{\"@id\":\"https:\/\/www.naturparkmagazin.de\/sternberger-seenland\/neubesetzung-unserer-foej-stelle\/#breadcrumb\"},\"inLanguage\":\"de\",\"potentialAction\":[{\"@type\":\"ReadAction\",\"target\":[\"https:\/\/www.naturparkmagazin.de\/sternberger-seenland\/neubesetzung-unserer-foej-stelle\/\"]}]},{\"@type\":\"BreadcrumbList\",\"@id\":\"https:\/\/www.naturparkmagazin.de\/sternberger-seenland\/neubesetzung-unserer-foej-stelle\/#breadcrumb\",\"itemListElement\":[{\"@type\":\"ListItem\",\"position\":1,\"name\":\"Home\",\"item\":\"https:\/\/www.naturparkmagazin.de\/sternberger-seenland\/\"},{\"@type\":\"ListItem\",\"position\":2,\"name\":\"Neubesetzung unserer F\u00d6J-Stelle\"}]},{\"@type\":\"WebSite\",\"@id\":\"https:\/\/www.naturparkmagazin.de\/sternberger-seenland\/#website\",\"url\":\"https:\/\/www.naturparkmagazin.de\/sternberger-seenland\/\",\"name\":\"Naturpark Sternberger Seenland\",\"description\":\"\",\"potentialAction\":[{\"@type\":\"SearchAction\",\"target\":{\"@type\":\"EntryPoint\",\"urlTemplate\":\"https:\/\/www.naturparkmagazin.de\/sternberger-seenland\/?s={search_term_string}\"},\"query-input\":\"required name=search_term_string\"}],\"inLanguage\":\"de\"},{\"@type\":\"Person\",\"@id\":\"https:\/\/www.naturparkmagazin.de\/sternberger-seenland\/#\/schema\/person\/712a5f470a8c286777fddf77babba74a\",\"name\":\"janlippke\",\"sameAs\":[\"http:\/\/www.naturpark-sternberger-seenland.de\"],\"url\":\"https:\/\/www.naturparkmagazin.de\/sternberger-seenland\/author\/janlippke\/\"}]}<\/script>\n<!-- \/ Yoast SEO plugin. -->","yoast_head_json":{"title":"Neubesetzung unserer F\u00d6J-Stelle - Naturpark Sternberger Seenland","robots":{"index":"index","follow":"follow","max-snippet":"max-snippet:-1","max-image-preview":"max-image-preview:large","max-video-preview":"max-video-preview:-1"},"canonical":"https:\/\/www.naturparkmagazin.de\/sternberger-seenland\/neubesetzung-unserer-foej-stelle\/","og_locale":"de_DE","og_type":"article","og_title":"Neubesetzung unserer F\u00d6J-Stelle - Naturpark Sternberger Seenland","og_description":"Unser F\u00d6J-ler verl\u00e4sst uns in diesem Jahr vorzeitig. Hannes will im Herbst ein Studium beginnen und muss dazu vorab noch ein Praktikum in der Landwirtschaft durchf\u00fchren. Deshalb wird unsere F\u00d6J-Stelle im Juli und August nicht besetzt sein. Wir hoffen sehr, dass sich zum Beginn des neuen F\u00d6J-Jahres wieder jemand f\u00fcr die neue Stelle ab 01.","og_url":"https:\/\/www.naturparkmagazin.de\/sternberger-seenland\/neubesetzung-unserer-foej-stelle\/","og_site_name":"Naturpark Sternberger Seenland","article_published_time":"2017-05-16T06:28:51+00:00","og_image":[{"width":501,"height":303,"url":"https:\/\/www.naturparkmagazin.de\/sternberger-seenland\/wp-content\/uploads\/sites\/30\/Friederike.jpg","type":"image\/jpeg"}],"author":"janlippke","twitter_misc":{"Verfasst von":"janlippke","Gesch\u00e4tzte Lesezeit":"1\u00a0Minute"},"schema":{"@context":"https:\/\/schema.org","@graph":[{"@type":"WebPage","@id":"https:\/\/www.naturparkmagazin.de\/sternberger-seenland\/neubesetzung-unserer-foej-stelle\/","url":"https:\/\/www.naturparkmagazin.de\/sternberger-seenland\/neubesetzung-unserer-foej-stelle\/","name":"Neubesetzung unserer F\u00d6J-Stelle - Naturpark Sternberger Seenland","isPartOf":{"@id":"https:\/\/www.naturparkmagazin.de\/sternberger-seenland\/#website"},"datePublished":"2017-05-16T06:28:51+00:00","dateModified":"2017-05-16T06:28:51+00:00","author":{"@id":"https:\/\/www.naturparkmagazin.de\/sternberger-seenland\/#\/schema\/person\/712a5f470a8c286777fddf77babba74a"},"breadcrumb":{"@id":"https:\/\/www.naturparkmagazin.de\/sternberger-seenland\/neubesetzung-unserer-foej-stelle\/#breadcrumb"},"inLanguage":"de","potentialAction":[{"@type":"ReadAction","target":["https:\/\/www.naturparkmagazin.de\/sternberger-seenland\/neubesetzung-unserer-foej-stelle\/"]}]},{"@type":"BreadcrumbList","@id":"https:\/\/www.naturparkmagazin.de\/sternberger-seenland\/neubesetzung-unserer-foej-stelle\/#breadcrumb","itemListElement":[{"@type":"ListItem","position":1,"name":"Home","item":"https:\/\/www.naturparkmagazin.de\/sternberger-seenland\/"},{"@type":"ListItem","position":2,"name":"Neubesetzung unserer F\u00d6J-Stelle"}]},{"@type":"WebSite","@id":"https:\/\/www.naturparkmagazin.de\/sternberger-seenland\/#website","url":"https:\/\/www.naturparkmagazin.de\/sternberger-seenland\/","name":"Naturpark Sternberger Seenland","description":"","potentialAction":[{"@type":"SearchAction","target":{"@type":"EntryPoint","urlTemplate":"https:\/\/www.naturparkmagazin.de\/sternberger-seenland\/?s={search_term_string}"},"query-input":"required name=search_term_string"}],"inLanguage":"de"},{"@type":"Person","@id":"https:\/\/www.naturparkmagazin.de\/sternberger-seenland\/#\/schema\/person\/712a5f470a8c286777fddf77babba74a","name":"janlippke","sameAs":["http:\/\/www.naturpark-sternberger-seenland.de"],"url":"https:\/\/www.naturparkmagazin.de\/sternberger-seenland\/author\/janlippke\/"}]}},"_links":{"self":[{"href":"https:\/\/www.naturparkmagazin.de\/sternberger-seenland\/wp-json\/wp\/v2\/posts\/1486"}],"collection":[{"href":"https:\/\/www.naturparkmagazin.de\/sternberger-seenland\/wp-json\/wp\/v2\/posts"}],"about":[{"href":"https:\/\/www.naturparkmagazin.de\/sternberger-seenland\/wp-json\/wp\/v2\/types\/post"}],"author":[{"embeddable":true,"href":"https:\/\/www.naturparkmagazin.de\/sternberger-seenland\/wp-json\/wp\/v2\/users\/27"}],"replies":[{"embeddable":true,"href":"https:\/\/www.naturparkmagazin.de\/sternberger-seenland\/wp-json\/wp\/v2\/comments?post=1486"}],"version-history":[{"count":1,"href":"https:\/\/www.naturparkmagazin.de\/sternberger-seenland\/wp-json\/wp\/v2\/posts\/1486\/revisions"}],"predecessor-version":[{"id":1487,"href":"https:\/\/www.naturparkmagazin.de\/sternberger-seenland\/wp-json\/wp\/v2\/posts\/1486\/revisions\/1487"}],"wp:featuredmedia":[{"embeddable":true,"href":"https:\/\/www.naturparkmagazin.de\/sternberger-seenland\/wp-json\/wp\/v2\/media\/585"}],"wp:attachment":[{"href":"https:\/\/www.naturparkmagazin.de\/sternberger-seenland\/wp-json\/wp\/v2\/media?parent=1486"}],"wp:term":[{"taxonomy":"category","embeddable":true,"href":"https:\/\/www.naturparkmagazin.de\/sternberger-seenland\/wp-json\/wp\/v2\/categories?post=1486"},{"taxonomy":"post_tag","embeddable":true,"href":"https:\/\/www.naturparkmagazin.de\/sternberger-seenland\/wp-json\/wp\/v2\/tags?post=1486"}],"curies":[{"name":"wp","href":"https:\/\/api.w.org\/{rel}","templated":true}]}}