{"id":1581,"date":"2017-09-15T09:44:54","date_gmt":"2017-09-15T07:44:54","guid":{"rendered":"http:\/\/www.naturparkmagazin.de\/sternberger-seenland\/?p=1581"},"modified":"2017-09-27T12:58:52","modified_gmt":"2017-09-27T10:58:52","slug":"neue-foej-lerin-im-naturpark-2","status":"publish","type":"post","link":"https:\/\/www.naturparkmagazin.de\/sternberger-seenland\/neue-foej-lerin-im-naturpark-2\/","title":{"rendered":"Neue F\u00d6J-lerin im Naturpark"},"content":{"rendered":"<p>Seit dem 01. September haben wir eine neue F\u00d6J-lerin im Naturpark. Wir freuen uns sehr, dass Alina Dams uns f\u00fcr ein Jahr bei der Arbeit im Naturpark unterst\u00fctzen wird. Hier stellt sie sich kurz vor:<\/p>\n<p>Mein Name ist Alina, ich bin 18 Jahre alt und mich hat es nach meinem Abitur von Sachsen nach Mecklenburg-Vorpommern in den Naturpark Sternberger Seenland verschlagen. Dort bin ich seit dem 1. September 2017 als F\u00d6Jlerin t\u00e4tig. Obwohl ich noch nicht lange hier bin, habe ich schon viele neue und vor allem nette Leute kennengelernt, mit denen ich zusammenarbeite oder die F\u00d6Jler aus den anderen Einsatzstellen. Meine bisherige Zeit hier habe ich haupts\u00e4chlich drau\u00dfen verbracht, was sehr viel Spa\u00df gemacht hat. Da das Aufgabenfeld hier sehr vielf\u00e4ltig ist, reichen die T\u00e4tigkeiten vom Arbeiten im Freien bis hin zu B\u00fcroarbeit, so dass man \u00fcberall einmal hinein schnuppern und alles kennenlernen kann. Das F\u00d6J gibt mir die M\u00f6glichkeit selbst\u00e4ndig zu arbeiten und auch eigene Projekte zu verwirklichen. F\u00fcr mich bedeutet das F\u00d6J eine Zeit zur genaueren Orientierung, da ich noch nicht genau wei\u00df, in welche berufliche Richtung ich einmal gehen m\u00f6chte und es ist eine Chance zwischen Schule und Studium eigene praktische Erfahrungen zu sammeln. F\u00fcr alle die in einer \u00e4hnlichen Situation sind, ist so ein Freiwilligendienst also die perfekte Gelegenheit neues auszuprobieren, mehr \u00fcber die Umwelt in der wir alle leben zu erfahren und auch um ein bisschen zu sich selbst zu finden, denn wer wei\u00df was sich daraus entwickeln kann.<\/p>\n<div id=\"attachment_1593\" style=\"width: 310px\" class=\"wp-caption alignnone\"><a href=\"https:\/\/www.naturparkmagazin.de\/sternberger-seenland\/wp-content\/uploads\/sites\/30\/Alina1.jpg\"><img aria-describedby=\"caption-attachment-1593\" decoding=\"async\" loading=\"lazy\" class=\"size-full wp-image-1593\" src=\"https:\/\/www.naturparkmagazin.de\/sternberger-seenland\/wp-content\/uploads\/sites\/30\/Alina1.jpg\" alt=\"unsere F\u00d6Jlerin Alina\" width=\"300\" height=\"500\" srcset=\"https:\/\/www.naturparkmagazin.de\/sternberger-seenland\/wp-content\/uploads\/sites\/30\/Alina1.jpg 300w, https:\/\/www.naturparkmagazin.de\/sternberger-seenland\/wp-content\/uploads\/sites\/30\/Alina1-200x333.jpg 200w\" sizes=\"(max-width: 300px) 100vw, 300px\" \/><\/a><p id=\"caption-attachment-1593\" class=\"wp-caption-text\">unsere F\u00d6Jlerin Alina<\/p><\/div>\n","protected":false},"excerpt":{"rendered":"<p>Seit dem 01. September haben wir eine neue F\u00d6J-lerin im Naturpark. Wir freuen uns sehr, dass Alina Dams uns f\u00fcr ein Jahr bei der Arbeit im Naturpark unterst\u00fctzen wird.<\/p>\n","protected":false},"author":27,"featured_media":1595,"comment_status":"open","ping_status":"open","sticky":false,"template":"","format":"standard","meta":[],"categories":[7],"tags":[],"yoast_head":"<!-- This site is optimized with the Yoast SEO plugin v19.10 - https:\/\/yoast.com\/wordpress\/plugins\/seo\/ -->\n<title>Neue F\u00d6J-lerin im Naturpark - Naturpark Sternberger Seenland<\/title>\n<meta name=\"robots\" content=\"index, follow, max-snippet:-1, max-image-preview:large, max-video-preview:-1\" \/>\n<link rel=\"canonical\" href=\"https:\/\/www.naturparkmagazin.de\/sternberger-seenland\/neue-foej-lerin-im-naturpark-2\/\" \/>\n<meta property=\"og:locale\" content=\"de_DE\" \/>\n<meta property=\"og:type\" content=\"article\" \/>\n<meta property=\"og:title\" content=\"Neue F\u00d6J-lerin im Naturpark - Naturpark Sternberger Seenland\" \/>\n<meta property=\"og:description\" content=\"Seit dem 01. September haben wir eine neue F\u00d6J-lerin im Naturpark. Wir freuen uns sehr, dass Alina Dams uns f\u00fcr ein Jahr bei der Arbeit im Naturpark unterst\u00fctzen wird.\" \/>\n<meta property=\"og:url\" content=\"https:\/\/www.naturparkmagazin.de\/sternberger-seenland\/neue-foej-lerin-im-naturpark-2\/\" \/>\n<meta property=\"og:site_name\" content=\"Naturpark Sternberger Seenland\" \/>\n<meta property=\"article:published_time\" content=\"2017-09-15T07:44:54+00:00\" \/>\n<meta property=\"article:modified_time\" content=\"2017-09-27T10:58:52+00:00\" \/>\n<meta property=\"og:image\" content=\"https:\/\/www.naturparkmagazin.de\/sternberger-seenland\/wp-content\/uploads\/sites\/30\/Alina2.jpg\" \/>\n\t<meta property=\"og:image:width\" content=\"300\" \/>\n\t<meta property=\"og:image:height\" content=\"500\" \/>\n\t<meta property=\"og:image:type\" content=\"image\/jpeg\" \/>\n<meta name=\"author\" content=\"janlippke\" \/>\n<meta name=\"twitter:label1\" content=\"Verfasst von\" \/>\n\t<meta name=\"twitter:data1\" content=\"janlippke\" \/>\n\t<meta name=\"twitter:label2\" content=\"Gesch\u00e4tzte Lesezeit\" \/>\n\t<meta name=\"twitter:data2\" content=\"1\u00a0Minute\" \/>\n<script type=\"application\/ld+json\" class=\"yoast-schema-graph\">{\"@context\":\"https:\/\/schema.org\",\"@graph\":[{\"@type\":\"WebPage\",\"@id\":\"https:\/\/www.naturparkmagazin.de\/sternberger-seenland\/neue-foej-lerin-im-naturpark-2\/\",\"url\":\"https:\/\/www.naturparkmagazin.de\/sternberger-seenland\/neue-foej-lerin-im-naturpark-2\/\",\"name\":\"Neue F\u00d6J-lerin im Naturpark - Naturpark Sternberger Seenland\",\"isPartOf\":{\"@id\":\"https:\/\/www.naturparkmagazin.de\/sternberger-seenland\/#website\"},\"datePublished\":\"2017-09-15T07:44:54+00:00\",\"dateModified\":\"2017-09-27T10:58:52+00:00\",\"author\":{\"@id\":\"https:\/\/www.naturparkmagazin.de\/sternberger-seenland\/#\/schema\/person\/712a5f470a8c286777fddf77babba74a\"},\"breadcrumb\":{\"@id\":\"https:\/\/www.naturparkmagazin.de\/sternberger-seenland\/neue-foej-lerin-im-naturpark-2\/#breadcrumb\"},\"inLanguage\":\"de\",\"potentialAction\":[{\"@type\":\"ReadAction\",\"target\":[\"https:\/\/www.naturparkmagazin.de\/sternberger-seenland\/neue-foej-lerin-im-naturpark-2\/\"]}]},{\"@type\":\"BreadcrumbList\",\"@id\":\"https:\/\/www.naturparkmagazin.de\/sternberger-seenland\/neue-foej-lerin-im-naturpark-2\/#breadcrumb\",\"itemListElement\":[{\"@type\":\"ListItem\",\"position\":1,\"name\":\"Home\",\"item\":\"https:\/\/www.naturparkmagazin.de\/sternberger-seenland\/\"},{\"@type\":\"ListItem\",\"position\":2,\"name\":\"Neue F\u00d6J-lerin im Naturpark\"}]},{\"@type\":\"WebSite\",\"@id\":\"https:\/\/www.naturparkmagazin.de\/sternberger-seenland\/#website\",\"url\":\"https:\/\/www.naturparkmagazin.de\/sternberger-seenland\/\",\"name\":\"Naturpark Sternberger Seenland\",\"description\":\"\",\"potentialAction\":[{\"@type\":\"SearchAction\",\"target\":{\"@type\":\"EntryPoint\",\"urlTemplate\":\"https:\/\/www.naturparkmagazin.de\/sternberger-seenland\/?s={search_term_string}\"},\"query-input\":\"required name=search_term_string\"}],\"inLanguage\":\"de\"},{\"@type\":\"Person\",\"@id\":\"https:\/\/www.naturparkmagazin.de\/sternberger-seenland\/#\/schema\/person\/712a5f470a8c286777fddf77babba74a\",\"name\":\"janlippke\",\"sameAs\":[\"http:\/\/www.naturpark-sternberger-seenland.de\"],\"url\":\"https:\/\/www.naturparkmagazin.de\/sternberger-seenland\/author\/janlippke\/\"}]}<\/script>\n<!-- \/ Yoast SEO plugin. -->","yoast_head_json":{"title":"Neue F\u00d6J-lerin im Naturpark - Naturpark Sternberger Seenland","robots":{"index":"index","follow":"follow","max-snippet":"max-snippet:-1","max-image-preview":"max-image-preview:large","max-video-preview":"max-video-preview:-1"},"canonical":"https:\/\/www.naturparkmagazin.de\/sternberger-seenland\/neue-foej-lerin-im-naturpark-2\/","og_locale":"de_DE","og_type":"article","og_title":"Neue F\u00d6J-lerin im Naturpark - Naturpark Sternberger Seenland","og_description":"Seit dem 01. September haben wir eine neue F\u00d6J-lerin im Naturpark. Wir freuen uns sehr, dass Alina Dams uns f\u00fcr ein Jahr bei der Arbeit im Naturpark unterst\u00fctzen wird.","og_url":"https:\/\/www.naturparkmagazin.de\/sternberger-seenland\/neue-foej-lerin-im-naturpark-2\/","og_site_name":"Naturpark Sternberger Seenland","article_published_time":"2017-09-15T07:44:54+00:00","article_modified_time":"2017-09-27T10:58:52+00:00","og_image":[{"width":300,"height":500,"url":"https:\/\/www.naturparkmagazin.de\/sternberger-seenland\/wp-content\/uploads\/sites\/30\/Alina2.jpg","type":"image\/jpeg"}],"author":"janlippke","twitter_misc":{"Verfasst von":"janlippke","Gesch\u00e4tzte Lesezeit":"1\u00a0Minute"},"schema":{"@context":"https:\/\/schema.org","@graph":[{"@type":"WebPage","@id":"https:\/\/www.naturparkmagazin.de\/sternberger-seenland\/neue-foej-lerin-im-naturpark-2\/","url":"https:\/\/www.naturparkmagazin.de\/sternberger-seenland\/neue-foej-lerin-im-naturpark-2\/","name":"Neue F\u00d6J-lerin im Naturpark - Naturpark Sternberger Seenland","isPartOf":{"@id":"https:\/\/www.naturparkmagazin.de\/sternberger-seenland\/#website"},"datePublished":"2017-09-15T07:44:54+00:00","dateModified":"2017-09-27T10:58:52+00:00","author":{"@id":"https:\/\/www.naturparkmagazin.de\/sternberger-seenland\/#\/schema\/person\/712a5f470a8c286777fddf77babba74a"},"breadcrumb":{"@id":"https:\/\/www.naturparkmagazin.de\/sternberger-seenland\/neue-foej-lerin-im-naturpark-2\/#breadcrumb"},"inLanguage":"de","potentialAction":[{"@type":"ReadAction","target":["https:\/\/www.naturparkmagazin.de\/sternberger-seenland\/neue-foej-lerin-im-naturpark-2\/"]}]},{"@type":"BreadcrumbList","@id":"https:\/\/www.naturparkmagazin.de\/sternberger-seenland\/neue-foej-lerin-im-naturpark-2\/#breadcrumb","itemListElement":[{"@type":"ListItem","position":1,"name":"Home","item":"https:\/\/www.naturparkmagazin.de\/sternberger-seenland\/"},{"@type":"ListItem","position":2,"name":"Neue F\u00d6J-lerin im Naturpark"}]},{"@type":"WebSite","@id":"https:\/\/www.naturparkmagazin.de\/sternberger-seenland\/#website","url":"https:\/\/www.naturparkmagazin.de\/sternberger-seenland\/","name":"Naturpark Sternberger Seenland","description":"","potentialAction":[{"@type":"SearchAction","target":{"@type":"EntryPoint","urlTemplate":"https:\/\/www.naturparkmagazin.de\/sternberger-seenland\/?s={search_term_string}"},"query-input":"required name=search_term_string"}],"inLanguage":"de"},{"@type":"Person","@id":"https:\/\/www.naturparkmagazin.de\/sternberger-seenland\/#\/schema\/person\/712a5f470a8c286777fddf77babba74a","name":"janlippke","sameAs":["http:\/\/www.naturpark-sternberger-seenland.de"],"url":"https:\/\/www.naturparkmagazin.de\/sternberger-seenland\/author\/janlippke\/"}]}},"_links":{"self":[{"href":"https:\/\/www.naturparkmagazin.de\/sternberger-seenland\/wp-json\/wp\/v2\/posts\/1581"}],"collection":[{"href":"https:\/\/www.naturparkmagazin.de\/sternberger-seenland\/wp-json\/wp\/v2\/posts"}],"about":[{"href":"https:\/\/www.naturparkmagazin.de\/sternberger-seenland\/wp-json\/wp\/v2\/types\/post"}],"author":[{"embeddable":true,"href":"https:\/\/www.naturparkmagazin.de\/sternberger-seenland\/wp-json\/wp\/v2\/users\/27"}],"replies":[{"embeddable":true,"href":"https:\/\/www.naturparkmagazin.de\/sternberger-seenland\/wp-json\/wp\/v2\/comments?post=1581"}],"version-history":[{"count":3,"href":"https:\/\/www.naturparkmagazin.de\/sternberger-seenland\/wp-json\/wp\/v2\/posts\/1581\/revisions"}],"predecessor-version":[{"id":1602,"href":"https:\/\/www.naturparkmagazin.de\/sternberger-seenland\/wp-json\/wp\/v2\/posts\/1581\/revisions\/1602"}],"wp:featuredmedia":[{"embeddable":true,"href":"https:\/\/www.naturparkmagazin.de\/sternberger-seenland\/wp-json\/wp\/v2\/media\/1595"}],"wp:attachment":[{"href":"https:\/\/www.naturparkmagazin.de\/sternberger-seenland\/wp-json\/wp\/v2\/media?parent=1581"}],"wp:term":[{"taxonomy":"category","embeddable":true,"href":"https:\/\/www.naturparkmagazin.de\/sternberger-seenland\/wp-json\/wp\/v2\/categories?post=1581"},{"taxonomy":"post_tag","embeddable":true,"href":"https:\/\/www.naturparkmagazin.de\/sternberger-seenland\/wp-json\/wp\/v2\/tags?post=1581"}],"curies":[{"name":"wp","href":"https:\/\/api.w.org\/{rel}","templated":true}]}}