{"id":1611,"date":"2017-10-16T09:31:03","date_gmt":"2017-10-16T07:31:03","guid":{"rendered":"http:\/\/www.naturparkmagazin.de\/sternberger-seenland\/?p=1611"},"modified":"2017-10-16T09:31:55","modified_gmt":"2017-10-16T07:31:55","slug":"vortrag-im-naturparkzentrum-8","status":"publish","type":"post","link":"https:\/\/www.naturparkmagazin.de\/sternberger-seenland\/vortrag-im-naturparkzentrum-8\/","title":{"rendered":"Vortrag im Naturparkzentrum"},"content":{"rendered":"<p>Am 23. November findet der letzte Vortrag in diesem Jahr im Naturparkzentrum statt. Beginn ist um 19 Uhr, der Eintritt ist frei. Das Thema lautet &#8222;Volksmusikgeschichten aus Mecklenburg&#8220; und wird von Dr. Ralf Gehler vorgetragen.<\/p>\n<p><!-- [if IE]&gt;&lt;![endif]--> <!-- HTML5 element support for IE6-8 --> <!-- [if lt IE 9]&gt;--><\/p>\n<div class=\"main-container container\">\n<div class=\"row\">\n<section class=\"col-sm-12\">\n<div class=\"region region-content\">\n<section id=\"block-system-main\" class=\"block block-system clearfix\">\n<div class=\"node node-autor view-mode-full\">\n<div class=\"row\">\n<div class=\"col-sm-8 \">\n<div class=\"field field-name-body\">\n<p>Dr. phil. Ralf Gehler studierte 1990 bis 1996 Europ\u00e4ische Ethnologie und Neuere und Neueste Geschichte an der Humboldt-Universit\u00e4t Berlin. Mehrere Jahre freiberuflicher Volksmusikant, Lehrer f\u00fcr Sackpfeifen und Mitglied der Gruppen \u00bbClasen und Consorten\u00ab, \u00bbKwart\u00ab und \u00bbMalbrook\u00ab, zuletzt Mitarbeiter des Museums f\u00fcr Alltagskultur der Griesen Gegend in Hagenow und ab April 2014 freiberuflich unter anderem im Mecklenburgischen Freilichtmuseum f\u00fcr Volkskunde Schwerin-Mue\u00df t\u00e4tig.<\/p>\n<p>Der F\u00f6rderverein des Naturparks bietet vor und w\u00e4hrend des Vortrages Getr\u00e4nke zum Selbstkostenpreis an.<\/p>\n<div id=\"attachment_1618\" style=\"width: 310px\" class=\"wp-caption alignnone\"><a href=\"https:\/\/www.naturparkmagazin.de\/sternberger-seenland\/wp-content\/uploads\/sites\/30\/gehler.jpg\"><img aria-describedby=\"caption-attachment-1618\" decoding=\"async\" loading=\"lazy\" class=\"size-full wp-image-1618\" src=\"https:\/\/www.naturparkmagazin.de\/sternberger-seenland\/wp-content\/uploads\/sites\/30\/gehler.jpg\" alt=\"Dr. Ralf Gehler\" width=\"300\" height=\"500\" srcset=\"https:\/\/www.naturparkmagazin.de\/sternberger-seenland\/wp-content\/uploads\/sites\/30\/gehler.jpg 300w, https:\/\/www.naturparkmagazin.de\/sternberger-seenland\/wp-content\/uploads\/sites\/30\/gehler-200x333.jpg 200w\" sizes=\"(max-width: 300px) 100vw, 300px\" \/><\/a><p id=\"caption-attachment-1618\" class=\"wp-caption-text\">Dr. Ralf Gehler<\/p><\/div>\n<\/div>\n<\/div>\n<\/div>\n<\/div>\n<\/section>\n<\/div>\n<\/section>\n<\/div>\n<\/div>\n","protected":false},"excerpt":{"rendered":"<p>Am 23. November findet der letzte Vortrag in diesem Jahr im Naturparkzentrum statt. Beginn ist um 19 Uhr, der Eintritt ist frei. Das Thema lautet &#8222;Volksmusikgeschichten aus Mecklenburg&#8220; und wird von Dr. Ralf Gehler vorgetragen. Dr. phil. Ralf Gehler studierte 1990 bis 1996 Europ\u00e4ische Ethnologie und Neuere und Neueste Geschichte an der Humboldt-Universit\u00e4t Berlin. Mehrere<\/p>\n","protected":false},"author":27,"featured_media":1618,"comment_status":"open","ping_status":"open","sticky":false,"template":"","format":"standard","meta":[],"categories":[11],"tags":[],"yoast_head":"<!-- This site is optimized with the Yoast SEO plugin v19.10 - https:\/\/yoast.com\/wordpress\/plugins\/seo\/ -->\n<title>Vortrag im Naturparkzentrum - Naturpark Sternberger Seenland<\/title>\n<meta name=\"robots\" content=\"index, follow, max-snippet:-1, max-image-preview:large, max-video-preview:-1\" \/>\n<link rel=\"canonical\" href=\"https:\/\/www.naturparkmagazin.de\/sternberger-seenland\/vortrag-im-naturparkzentrum-8\/\" \/>\n<meta property=\"og:locale\" content=\"de_DE\" \/>\n<meta property=\"og:type\" content=\"article\" \/>\n<meta property=\"og:title\" content=\"Vortrag im Naturparkzentrum - Naturpark Sternberger Seenland\" \/>\n<meta property=\"og:description\" content=\"Am 23. November findet der letzte Vortrag in diesem Jahr im Naturparkzentrum statt. Beginn ist um 19 Uhr, der Eintritt ist frei. Das Thema lautet &#8222;Volksmusikgeschichten aus Mecklenburg&#8220; und wird von Dr. Ralf Gehler vorgetragen. Dr. phil. Ralf Gehler studierte 1990 bis 1996 Europ\u00e4ische Ethnologie und Neuere und Neueste Geschichte an der Humboldt-Universit\u00e4t Berlin. Mehrere\" \/>\n<meta property=\"og:url\" content=\"https:\/\/www.naturparkmagazin.de\/sternberger-seenland\/vortrag-im-naturparkzentrum-8\/\" \/>\n<meta property=\"og:site_name\" content=\"Naturpark Sternberger Seenland\" \/>\n<meta property=\"article:published_time\" content=\"2017-10-16T07:31:03+00:00\" \/>\n<meta property=\"article:modified_time\" content=\"2017-10-16T07:31:55+00:00\" \/>\n<meta property=\"og:image\" content=\"https:\/\/www.naturparkmagazin.de\/sternberger-seenland\/wp-content\/uploads\/sites\/30\/gehler.jpg\" \/>\n\t<meta property=\"og:image:width\" content=\"300\" \/>\n\t<meta property=\"og:image:height\" content=\"500\" \/>\n\t<meta property=\"og:image:type\" content=\"image\/jpeg\" \/>\n<meta name=\"author\" content=\"janlippke\" \/>\n<meta name=\"twitter:label1\" content=\"Verfasst von\" \/>\n\t<meta name=\"twitter:data1\" content=\"janlippke\" \/>\n\t<meta name=\"twitter:label2\" content=\"Gesch\u00e4tzte Lesezeit\" \/>\n\t<meta name=\"twitter:data2\" content=\"1\u00a0Minute\" \/>\n<script type=\"application\/ld+json\" class=\"yoast-schema-graph\">{\"@context\":\"https:\/\/schema.org\",\"@graph\":[{\"@type\":\"WebPage\",\"@id\":\"https:\/\/www.naturparkmagazin.de\/sternberger-seenland\/vortrag-im-naturparkzentrum-8\/\",\"url\":\"https:\/\/www.naturparkmagazin.de\/sternberger-seenland\/vortrag-im-naturparkzentrum-8\/\",\"name\":\"Vortrag im Naturparkzentrum - Naturpark Sternberger Seenland\",\"isPartOf\":{\"@id\":\"https:\/\/www.naturparkmagazin.de\/sternberger-seenland\/#website\"},\"datePublished\":\"2017-10-16T07:31:03+00:00\",\"dateModified\":\"2017-10-16T07:31:55+00:00\",\"author\":{\"@id\":\"https:\/\/www.naturparkmagazin.de\/sternberger-seenland\/#\/schema\/person\/712a5f470a8c286777fddf77babba74a\"},\"breadcrumb\":{\"@id\":\"https:\/\/www.naturparkmagazin.de\/sternberger-seenland\/vortrag-im-naturparkzentrum-8\/#breadcrumb\"},\"inLanguage\":\"de\",\"potentialAction\":[{\"@type\":\"ReadAction\",\"target\":[\"https:\/\/www.naturparkmagazin.de\/sternberger-seenland\/vortrag-im-naturparkzentrum-8\/\"]}]},{\"@type\":\"BreadcrumbList\",\"@id\":\"https:\/\/www.naturparkmagazin.de\/sternberger-seenland\/vortrag-im-naturparkzentrum-8\/#breadcrumb\",\"itemListElement\":[{\"@type\":\"ListItem\",\"position\":1,\"name\":\"Home\",\"item\":\"https:\/\/www.naturparkmagazin.de\/sternberger-seenland\/\"},{\"@type\":\"ListItem\",\"position\":2,\"name\":\"Vortrag im Naturparkzentrum\"}]},{\"@type\":\"WebSite\",\"@id\":\"https:\/\/www.naturparkmagazin.de\/sternberger-seenland\/#website\",\"url\":\"https:\/\/www.naturparkmagazin.de\/sternberger-seenland\/\",\"name\":\"Naturpark Sternberger Seenland\",\"description\":\"\",\"potentialAction\":[{\"@type\":\"SearchAction\",\"target\":{\"@type\":\"EntryPoint\",\"urlTemplate\":\"https:\/\/www.naturparkmagazin.de\/sternberger-seenland\/?s={search_term_string}\"},\"query-input\":\"required name=search_term_string\"}],\"inLanguage\":\"de\"},{\"@type\":\"Person\",\"@id\":\"https:\/\/www.naturparkmagazin.de\/sternberger-seenland\/#\/schema\/person\/712a5f470a8c286777fddf77babba74a\",\"name\":\"janlippke\",\"sameAs\":[\"http:\/\/www.naturpark-sternberger-seenland.de\"],\"url\":\"https:\/\/www.naturparkmagazin.de\/sternberger-seenland\/author\/janlippke\/\"}]}<\/script>\n<!-- \/ Yoast SEO plugin. -->","yoast_head_json":{"title":"Vortrag im Naturparkzentrum - Naturpark Sternberger Seenland","robots":{"index":"index","follow":"follow","max-snippet":"max-snippet:-1","max-image-preview":"max-image-preview:large","max-video-preview":"max-video-preview:-1"},"canonical":"https:\/\/www.naturparkmagazin.de\/sternberger-seenland\/vortrag-im-naturparkzentrum-8\/","og_locale":"de_DE","og_type":"article","og_title":"Vortrag im Naturparkzentrum - Naturpark Sternberger Seenland","og_description":"Am 23. November findet der letzte Vortrag in diesem Jahr im Naturparkzentrum statt. Beginn ist um 19 Uhr, der Eintritt ist frei. Das Thema lautet &#8222;Volksmusikgeschichten aus Mecklenburg&#8220; und wird von Dr. Ralf Gehler vorgetragen. Dr. phil. Ralf Gehler studierte 1990 bis 1996 Europ\u00e4ische Ethnologie und Neuere und Neueste Geschichte an der Humboldt-Universit\u00e4t Berlin. Mehrere","og_url":"https:\/\/www.naturparkmagazin.de\/sternberger-seenland\/vortrag-im-naturparkzentrum-8\/","og_site_name":"Naturpark Sternberger Seenland","article_published_time":"2017-10-16T07:31:03+00:00","article_modified_time":"2017-10-16T07:31:55+00:00","og_image":[{"width":300,"height":500,"url":"https:\/\/www.naturparkmagazin.de\/sternberger-seenland\/wp-content\/uploads\/sites\/30\/gehler.jpg","type":"image\/jpeg"}],"author":"janlippke","twitter_misc":{"Verfasst von":"janlippke","Gesch\u00e4tzte Lesezeit":"1\u00a0Minute"},"schema":{"@context":"https:\/\/schema.org","@graph":[{"@type":"WebPage","@id":"https:\/\/www.naturparkmagazin.de\/sternberger-seenland\/vortrag-im-naturparkzentrum-8\/","url":"https:\/\/www.naturparkmagazin.de\/sternberger-seenland\/vortrag-im-naturparkzentrum-8\/","name":"Vortrag im Naturparkzentrum - Naturpark Sternberger Seenland","isPartOf":{"@id":"https:\/\/www.naturparkmagazin.de\/sternberger-seenland\/#website"},"datePublished":"2017-10-16T07:31:03+00:00","dateModified":"2017-10-16T07:31:55+00:00","author":{"@id":"https:\/\/www.naturparkmagazin.de\/sternberger-seenland\/#\/schema\/person\/712a5f470a8c286777fddf77babba74a"},"breadcrumb":{"@id":"https:\/\/www.naturparkmagazin.de\/sternberger-seenland\/vortrag-im-naturparkzentrum-8\/#breadcrumb"},"inLanguage":"de","potentialAction":[{"@type":"ReadAction","target":["https:\/\/www.naturparkmagazin.de\/sternberger-seenland\/vortrag-im-naturparkzentrum-8\/"]}]},{"@type":"BreadcrumbList","@id":"https:\/\/www.naturparkmagazin.de\/sternberger-seenland\/vortrag-im-naturparkzentrum-8\/#breadcrumb","itemListElement":[{"@type":"ListItem","position":1,"name":"Home","item":"https:\/\/www.naturparkmagazin.de\/sternberger-seenland\/"},{"@type":"ListItem","position":2,"name":"Vortrag im Naturparkzentrum"}]},{"@type":"WebSite","@id":"https:\/\/www.naturparkmagazin.de\/sternberger-seenland\/#website","url":"https:\/\/www.naturparkmagazin.de\/sternberger-seenland\/","name":"Naturpark Sternberger Seenland","description":"","potentialAction":[{"@type":"SearchAction","target":{"@type":"EntryPoint","urlTemplate":"https:\/\/www.naturparkmagazin.de\/sternberger-seenland\/?s={search_term_string}"},"query-input":"required name=search_term_string"}],"inLanguage":"de"},{"@type":"Person","@id":"https:\/\/www.naturparkmagazin.de\/sternberger-seenland\/#\/schema\/person\/712a5f470a8c286777fddf77babba74a","name":"janlippke","sameAs":["http:\/\/www.naturpark-sternberger-seenland.de"],"url":"https:\/\/www.naturparkmagazin.de\/sternberger-seenland\/author\/janlippke\/"}]}},"_links":{"self":[{"href":"https:\/\/www.naturparkmagazin.de\/sternberger-seenland\/wp-json\/wp\/v2\/posts\/1611"}],"collection":[{"href":"https:\/\/www.naturparkmagazin.de\/sternberger-seenland\/wp-json\/wp\/v2\/posts"}],"about":[{"href":"https:\/\/www.naturparkmagazin.de\/sternberger-seenland\/wp-json\/wp\/v2\/types\/post"}],"author":[{"embeddable":true,"href":"https:\/\/www.naturparkmagazin.de\/sternberger-seenland\/wp-json\/wp\/v2\/users\/27"}],"replies":[{"embeddable":true,"href":"https:\/\/www.naturparkmagazin.de\/sternberger-seenland\/wp-json\/wp\/v2\/comments?post=1611"}],"version-history":[{"count":3,"href":"https:\/\/www.naturparkmagazin.de\/sternberger-seenland\/wp-json\/wp\/v2\/posts\/1611\/revisions"}],"predecessor-version":[{"id":1620,"href":"https:\/\/www.naturparkmagazin.de\/sternberger-seenland\/wp-json\/wp\/v2\/posts\/1611\/revisions\/1620"}],"wp:featuredmedia":[{"embeddable":true,"href":"https:\/\/www.naturparkmagazin.de\/sternberger-seenland\/wp-json\/wp\/v2\/media\/1618"}],"wp:attachment":[{"href":"https:\/\/www.naturparkmagazin.de\/sternberger-seenland\/wp-json\/wp\/v2\/media?parent=1611"}],"wp:term":[{"taxonomy":"category","embeddable":true,"href":"https:\/\/www.naturparkmagazin.de\/sternberger-seenland\/wp-json\/wp\/v2\/categories?post=1611"},{"taxonomy":"post_tag","embeddable":true,"href":"https:\/\/www.naturparkmagazin.de\/sternberger-seenland\/wp-json\/wp\/v2\/tags?post=1611"}],"curies":[{"name":"wp","href":"https:\/\/api.w.org\/{rel}","templated":true}]}}