{"id":1613,"date":"2017-10-16T09:21:30","date_gmt":"2017-10-16T07:21:30","guid":{"rendered":"http:\/\/www.naturparkmagazin.de\/sternberger-seenland\/?p=1613"},"modified":"2017-10-24T13:06:42","modified_gmt":"2017-10-24T11:06:42","slug":"mitgliederversammlung-des-foerdervereins-3","status":"publish","type":"post","link":"https:\/\/www.naturparkmagazin.de\/sternberger-seenland\/mitgliederversammlung-des-foerdervereins-3\/","title":{"rendered":"Mitgliederversammlung des F\u00f6rdervereins"},"content":{"rendered":"<p>Am 30. November um 17 Uhr findet im Naturparkzentrum in Warin die diesj\u00e4hrige Mitgliederversammlung des F\u00f6rdervereins Naturpark Sternberger Seenland e.V. statt. Alle Mitglieder des Vereins und auch interessierte B\u00fcrger sind dazu herzlich eingeladen. Der Vorstand wird in seinem Rechenschaftsbericht \u00fcber das laufende Jahr berichten und einen Ausblick auf kommende und geplante Projekte geben.<\/p>\n<p>Vielleicht bekommt ja noch jemand Lust, sich im Verein zu engagieren und damit die Arbeit des Naturparks zu unterst\u00fctzen.<\/p>\n<div id=\"attachment_622\" style=\"width: 510px\" class=\"wp-caption alignnone\"><a href=\"https:\/\/www.naturparkmagazin.de\/sternberger-seenland\/wp-content\/uploads\/sites\/30\/Sitzung-F\u00f6rderverein.jpg\"><img aria-describedby=\"caption-attachment-622\" decoding=\"async\" loading=\"lazy\" class=\"size-full wp-image-622\" src=\"https:\/\/www.naturparkmagazin.de\/sternberger-seenland\/wp-content\/uploads\/sites\/30\/Sitzung-F\u00f6rderverein.jpg\" alt=\"Sitzung F\u00f6rderverein\" width=\"500\" height=\"300\" srcset=\"https:\/\/www.naturparkmagazin.de\/sternberger-seenland\/wp-content\/uploads\/sites\/30\/Sitzung-F\u00f6rderverein.jpg 500w, https:\/\/www.naturparkmagazin.de\/sternberger-seenland\/wp-content\/uploads\/sites\/30\/Sitzung-F\u00f6rderverein-300x180.jpg 300w, https:\/\/www.naturparkmagazin.de\/sternberger-seenland\/wp-content\/uploads\/sites\/30\/Sitzung-F\u00f6rderverein-200x120.jpg 200w\" sizes=\"(max-width: 500px) 100vw, 500px\" \/><\/a><p id=\"caption-attachment-622\" class=\"wp-caption-text\">Sitzung F\u00f6rderverein<\/p><\/div>\n","protected":false},"excerpt":{"rendered":"<p>Am 30. November um 17 Uhr findet im Naturparkzentrum in Warin die diesj\u00e4hrige Mitgliederversammlung des F\u00f6rdervereins Naturpark Sternberger Seenland e.V. statt.<\/p>\n","protected":false},"author":27,"featured_media":620,"comment_status":"open","ping_status":"open","sticky":false,"template":"","format":"standard","meta":[],"categories":[7],"tags":[],"yoast_head":"<!-- This site is optimized with the Yoast SEO plugin v19.10 - https:\/\/yoast.com\/wordpress\/plugins\/seo\/ -->\n<title>Mitgliederversammlung des F\u00f6rdervereins - Naturpark Sternberger Seenland<\/title>\n<meta name=\"robots\" content=\"index, follow, max-snippet:-1, max-image-preview:large, max-video-preview:-1\" \/>\n<link rel=\"canonical\" href=\"https:\/\/www.naturparkmagazin.de\/sternberger-seenland\/mitgliederversammlung-des-foerdervereins-3\/\" \/>\n<meta property=\"og:locale\" content=\"de_DE\" \/>\n<meta property=\"og:type\" content=\"article\" \/>\n<meta property=\"og:title\" content=\"Mitgliederversammlung des F\u00f6rdervereins - Naturpark Sternberger Seenland\" \/>\n<meta property=\"og:description\" content=\"Am 30. November um 17 Uhr findet im Naturparkzentrum in Warin die diesj\u00e4hrige Mitgliederversammlung des F\u00f6rdervereins Naturpark Sternberger Seenland e.V. statt.\" \/>\n<meta property=\"og:url\" content=\"https:\/\/www.naturparkmagazin.de\/sternberger-seenland\/mitgliederversammlung-des-foerdervereins-3\/\" \/>\n<meta property=\"og:site_name\" content=\"Naturpark Sternberger Seenland\" \/>\n<meta property=\"article:published_time\" content=\"2017-10-16T07:21:30+00:00\" \/>\n<meta property=\"article:modified_time\" content=\"2017-10-24T11:06:42+00:00\" \/>\n<meta property=\"og:image\" content=\"https:\/\/www.naturparkmagazin.de\/sternberger-seenland\/wp-content\/uploads\/sites\/30\/F\u00f6rderverein.jpg\" \/>\n\t<meta property=\"og:image:width\" content=\"500\" \/>\n\t<meta property=\"og:image:height\" content=\"301\" \/>\n\t<meta property=\"og:image:type\" content=\"image\/jpeg\" \/>\n<meta name=\"author\" content=\"janlippke\" \/>\n<meta name=\"twitter:label1\" content=\"Verfasst von\" \/>\n\t<meta name=\"twitter:data1\" content=\"janlippke\" \/>\n<script type=\"application\/ld+json\" class=\"yoast-schema-graph\">{\"@context\":\"https:\/\/schema.org\",\"@graph\":[{\"@type\":\"WebPage\",\"@id\":\"https:\/\/www.naturparkmagazin.de\/sternberger-seenland\/mitgliederversammlung-des-foerdervereins-3\/\",\"url\":\"https:\/\/www.naturparkmagazin.de\/sternberger-seenland\/mitgliederversammlung-des-foerdervereins-3\/\",\"name\":\"Mitgliederversammlung des F\u00f6rdervereins - Naturpark Sternberger Seenland\",\"isPartOf\":{\"@id\":\"https:\/\/www.naturparkmagazin.de\/sternberger-seenland\/#website\"},\"datePublished\":\"2017-10-16T07:21:30+00:00\",\"dateModified\":\"2017-10-24T11:06:42+00:00\",\"author\":{\"@id\":\"https:\/\/www.naturparkmagazin.de\/sternberger-seenland\/#\/schema\/person\/712a5f470a8c286777fddf77babba74a\"},\"breadcrumb\":{\"@id\":\"https:\/\/www.naturparkmagazin.de\/sternberger-seenland\/mitgliederversammlung-des-foerdervereins-3\/#breadcrumb\"},\"inLanguage\":\"de\",\"potentialAction\":[{\"@type\":\"ReadAction\",\"target\":[\"https:\/\/www.naturparkmagazin.de\/sternberger-seenland\/mitgliederversammlung-des-foerdervereins-3\/\"]}]},{\"@type\":\"BreadcrumbList\",\"@id\":\"https:\/\/www.naturparkmagazin.de\/sternberger-seenland\/mitgliederversammlung-des-foerdervereins-3\/#breadcrumb\",\"itemListElement\":[{\"@type\":\"ListItem\",\"position\":1,\"name\":\"Home\",\"item\":\"https:\/\/www.naturparkmagazin.de\/sternberger-seenland\/\"},{\"@type\":\"ListItem\",\"position\":2,\"name\":\"Mitgliederversammlung des F\u00f6rdervereins\"}]},{\"@type\":\"WebSite\",\"@id\":\"https:\/\/www.naturparkmagazin.de\/sternberger-seenland\/#website\",\"url\":\"https:\/\/www.naturparkmagazin.de\/sternberger-seenland\/\",\"name\":\"Naturpark Sternberger Seenland\",\"description\":\"\",\"potentialAction\":[{\"@type\":\"SearchAction\",\"target\":{\"@type\":\"EntryPoint\",\"urlTemplate\":\"https:\/\/www.naturparkmagazin.de\/sternberger-seenland\/?s={search_term_string}\"},\"query-input\":\"required name=search_term_string\"}],\"inLanguage\":\"de\"},{\"@type\":\"Person\",\"@id\":\"https:\/\/www.naturparkmagazin.de\/sternberger-seenland\/#\/schema\/person\/712a5f470a8c286777fddf77babba74a\",\"name\":\"janlippke\",\"sameAs\":[\"http:\/\/www.naturpark-sternberger-seenland.de\"],\"url\":\"https:\/\/www.naturparkmagazin.de\/sternberger-seenland\/author\/janlippke\/\"}]}<\/script>\n<!-- \/ Yoast SEO plugin. -->","yoast_head_json":{"title":"Mitgliederversammlung des F\u00f6rdervereins - Naturpark Sternberger Seenland","robots":{"index":"index","follow":"follow","max-snippet":"max-snippet:-1","max-image-preview":"max-image-preview:large","max-video-preview":"max-video-preview:-1"},"canonical":"https:\/\/www.naturparkmagazin.de\/sternberger-seenland\/mitgliederversammlung-des-foerdervereins-3\/","og_locale":"de_DE","og_type":"article","og_title":"Mitgliederversammlung des F\u00f6rdervereins - Naturpark Sternberger Seenland","og_description":"Am 30. November um 17 Uhr findet im Naturparkzentrum in Warin die diesj\u00e4hrige Mitgliederversammlung des F\u00f6rdervereins Naturpark Sternberger Seenland e.V. statt.","og_url":"https:\/\/www.naturparkmagazin.de\/sternberger-seenland\/mitgliederversammlung-des-foerdervereins-3\/","og_site_name":"Naturpark Sternberger Seenland","article_published_time":"2017-10-16T07:21:30+00:00","article_modified_time":"2017-10-24T11:06:42+00:00","og_image":[{"width":500,"height":301,"url":"https:\/\/www.naturparkmagazin.de\/sternberger-seenland\/wp-content\/uploads\/sites\/30\/F\u00f6rderverein.jpg","type":"image\/jpeg"}],"author":"janlippke","twitter_misc":{"Verfasst von":"janlippke"},"schema":{"@context":"https:\/\/schema.org","@graph":[{"@type":"WebPage","@id":"https:\/\/www.naturparkmagazin.de\/sternberger-seenland\/mitgliederversammlung-des-foerdervereins-3\/","url":"https:\/\/www.naturparkmagazin.de\/sternberger-seenland\/mitgliederversammlung-des-foerdervereins-3\/","name":"Mitgliederversammlung des F\u00f6rdervereins - Naturpark Sternberger Seenland","isPartOf":{"@id":"https:\/\/www.naturparkmagazin.de\/sternberger-seenland\/#website"},"datePublished":"2017-10-16T07:21:30+00:00","dateModified":"2017-10-24T11:06:42+00:00","author":{"@id":"https:\/\/www.naturparkmagazin.de\/sternberger-seenland\/#\/schema\/person\/712a5f470a8c286777fddf77babba74a"},"breadcrumb":{"@id":"https:\/\/www.naturparkmagazin.de\/sternberger-seenland\/mitgliederversammlung-des-foerdervereins-3\/#breadcrumb"},"inLanguage":"de","potentialAction":[{"@type":"ReadAction","target":["https:\/\/www.naturparkmagazin.de\/sternberger-seenland\/mitgliederversammlung-des-foerdervereins-3\/"]}]},{"@type":"BreadcrumbList","@id":"https:\/\/www.naturparkmagazin.de\/sternberger-seenland\/mitgliederversammlung-des-foerdervereins-3\/#breadcrumb","itemListElement":[{"@type":"ListItem","position":1,"name":"Home","item":"https:\/\/www.naturparkmagazin.de\/sternberger-seenland\/"},{"@type":"ListItem","position":2,"name":"Mitgliederversammlung des F\u00f6rdervereins"}]},{"@type":"WebSite","@id":"https:\/\/www.naturparkmagazin.de\/sternberger-seenland\/#website","url":"https:\/\/www.naturparkmagazin.de\/sternberger-seenland\/","name":"Naturpark Sternberger Seenland","description":"","potentialAction":[{"@type":"SearchAction","target":{"@type":"EntryPoint","urlTemplate":"https:\/\/www.naturparkmagazin.de\/sternberger-seenland\/?s={search_term_string}"},"query-input":"required name=search_term_string"}],"inLanguage":"de"},{"@type":"Person","@id":"https:\/\/www.naturparkmagazin.de\/sternberger-seenland\/#\/schema\/person\/712a5f470a8c286777fddf77babba74a","name":"janlippke","sameAs":["http:\/\/www.naturpark-sternberger-seenland.de"],"url":"https:\/\/www.naturparkmagazin.de\/sternberger-seenland\/author\/janlippke\/"}]}},"_links":{"self":[{"href":"https:\/\/www.naturparkmagazin.de\/sternberger-seenland\/wp-json\/wp\/v2\/posts\/1613"}],"collection":[{"href":"https:\/\/www.naturparkmagazin.de\/sternberger-seenland\/wp-json\/wp\/v2\/posts"}],"about":[{"href":"https:\/\/www.naturparkmagazin.de\/sternberger-seenland\/wp-json\/wp\/v2\/types\/post"}],"author":[{"embeddable":true,"href":"https:\/\/www.naturparkmagazin.de\/sternberger-seenland\/wp-json\/wp\/v2\/users\/27"}],"replies":[{"embeddable":true,"href":"https:\/\/www.naturparkmagazin.de\/sternberger-seenland\/wp-json\/wp\/v2\/comments?post=1613"}],"version-history":[{"count":4,"href":"https:\/\/www.naturparkmagazin.de\/sternberger-seenland\/wp-json\/wp\/v2\/posts\/1613\/revisions"}],"predecessor-version":[{"id":1622,"href":"https:\/\/www.naturparkmagazin.de\/sternberger-seenland\/wp-json\/wp\/v2\/posts\/1613\/revisions\/1622"}],"wp:featuredmedia":[{"embeddable":true,"href":"https:\/\/www.naturparkmagazin.de\/sternberger-seenland\/wp-json\/wp\/v2\/media\/620"}],"wp:attachment":[{"href":"https:\/\/www.naturparkmagazin.de\/sternberger-seenland\/wp-json\/wp\/v2\/media?parent=1613"}],"wp:term":[{"taxonomy":"category","embeddable":true,"href":"https:\/\/www.naturparkmagazin.de\/sternberger-seenland\/wp-json\/wp\/v2\/categories?post=1613"},{"taxonomy":"post_tag","embeddable":true,"href":"https:\/\/www.naturparkmagazin.de\/sternberger-seenland\/wp-json\/wp\/v2\/tags?post=1613"}],"curies":[{"name":"wp","href":"https:\/\/api.w.org\/{rel}","templated":true}]}}