{"id":1653,"date":"2018-03-12T08:44:20","date_gmt":"2018-03-12T07:44:20","guid":{"rendered":"http:\/\/www.naturparkmagazin.de\/sternberger-seenland\/?p=1653"},"modified":"2018-03-13T08:57:39","modified_gmt":"2018-03-13T07:57:39","slug":"obstschnittseminar-im-naturpark-2","status":"publish","type":"post","link":"https:\/\/www.naturparkmagazin.de\/sternberger-seenland\/obstschnittseminar-im-naturpark-2\/","title":{"rendered":"Obstschnittseminar im Naturpark"},"content":{"rendered":"<p><span style=\"color: #ff0000\"><strong>Das Seminar wurde wegen zu starkem Frost auf den 07. April verschoben.<\/strong><\/span><\/p>\n<p>Die Naturparkverwaltung des Naturparks Sternberger Seenland bietet auch in diesem Jahr wieder ein Obstbaumschnittseminar an. Die Veranstaltung findet am <del><strong>03. M\u00e4rz<\/strong> <\/del>von <strong>09:00 Uhr bis ca. 15:00 Uhr in Warin<\/strong> statt. Treff ist im Naturparkzentrum Warin und die Schnittvorf\u00fchrungen erfolgen im Pfarrgarten Warin. Aufgrund der positiven Resonanz der Veranstaltung in den vergangenen Jahren rechnet die Naturparkverwaltung wieder mit einem gro\u00dfen Teilnehmerkreis. Da die Teilnehmerzahl auf 25 bis 30 Personen begrenzt ist, wird um rechtzeitige Voranmeldung gebeten.<\/p>\n<p>Ein Anmeldeformular kann unter <a href=\"http:\/\/www.naturpark-sternberger-seenland.de\">www.naturpark-sternberger-seenland.de<\/a> in der Rubrik Veranstaltungen heruntergeladen werden. Anmeldungen sind aber auch telefonisch oder per Fax bei der Naturparkverwaltung in Warin bis zum 03.04.2018 m\u00f6glich.<\/p>\n<p>Als Seminarleiter konnte auch f\u00fcr 2018 wieder Herr Thomas Franiel aus Crivitz gewonnen werden. Er wird das Thema in gewohnter Weise spannend vermitteln, so dass die Seminarteilnehmer ein interessanter Tag erwartet.<\/p>\n<p>Begr\u00fc\u00dfung und Vortrag erfolgen im Naturparkzentrum Warin, Am Markt 1. Die Teilnahmegeb\u00fchr betr\u00e4gt 30 \u20ac und ist vor Ort direkt zu entrichten. Darin ist auch ein kleiner Imbiss inbegriffen.<\/p>\n<div id=\"attachment_1064\" style=\"width: 510px\" class=\"wp-caption alignnone\"><a href=\"https:\/\/www.naturparkmagazin.de\/sternberger-seenland\/wp-content\/uploads\/sites\/30\/Obstschnitt_2015_1.jpg\"><img aria-describedby=\"caption-attachment-1064\" decoding=\"async\" loading=\"lazy\" class=\"size-full wp-image-1064\" src=\"https:\/\/www.naturparkmagazin.de\/sternberger-seenland\/wp-content\/uploads\/sites\/30\/Obstschnitt_2015_1.jpg\" alt=\"Obstschnitt-Seminar 2015\" width=\"500\" height=\"300\" srcset=\"https:\/\/www.naturparkmagazin.de\/sternberger-seenland\/wp-content\/uploads\/sites\/30\/Obstschnitt_2015_1.jpg 500w, https:\/\/www.naturparkmagazin.de\/sternberger-seenland\/wp-content\/uploads\/sites\/30\/Obstschnitt_2015_1-300x180.jpg 300w, https:\/\/www.naturparkmagazin.de\/sternberger-seenland\/wp-content\/uploads\/sites\/30\/Obstschnitt_2015_1-200x120.jpg 200w\" sizes=\"(max-width: 500px) 100vw, 500px\" \/><\/a><p id=\"caption-attachment-1064\" class=\"wp-caption-text\">Obstschnitt-Seminar 2015<\/p><\/div>\n","protected":false},"excerpt":{"rendered":"<p>Das Seminar wurde wegen zu starkem Frost auf den 07. April verschoben. Die Naturparkverwaltung des Naturparks Sternberger Seenland bietet auch in diesem Jahr wieder ein Obstbaumschnittseminar an. Die Veranstaltung findet am 03. M\u00e4rz von 09:00 Uhr bis ca. 15:00 Uhr in Warin statt. Treff ist im Naturparkzentrum Warin und die Schnittvorf\u00fchrungen erfolgen im Pfarrgarten Warin.<\/p>\n","protected":false},"author":27,"featured_media":1062,"comment_status":"open","ping_status":"open","sticky":false,"template":"","format":"standard","meta":[],"categories":[11],"tags":[],"yoast_head":"<!-- This site is optimized with the Yoast SEO plugin v19.10 - https:\/\/yoast.com\/wordpress\/plugins\/seo\/ -->\n<title>Obstschnittseminar im Naturpark - Naturpark Sternberger Seenland<\/title>\n<meta name=\"robots\" content=\"index, follow, max-snippet:-1, max-image-preview:large, max-video-preview:-1\" \/>\n<link rel=\"canonical\" href=\"https:\/\/www.naturparkmagazin.de\/sternberger-seenland\/obstschnittseminar-im-naturpark-2\/\" \/>\n<meta property=\"og:locale\" content=\"de_DE\" \/>\n<meta property=\"og:type\" content=\"article\" \/>\n<meta property=\"og:title\" content=\"Obstschnittseminar im Naturpark - Naturpark Sternberger Seenland\" \/>\n<meta property=\"og:description\" content=\"Das Seminar wurde wegen zu starkem Frost auf den 07. April verschoben. Die Naturparkverwaltung des Naturparks Sternberger Seenland bietet auch in diesem Jahr wieder ein Obstbaumschnittseminar an. Die Veranstaltung findet am 03. M\u00e4rz von 09:00 Uhr bis ca. 15:00 Uhr in Warin statt. Treff ist im Naturparkzentrum Warin und die Schnittvorf\u00fchrungen erfolgen im Pfarrgarten Warin.\" \/>\n<meta property=\"og:url\" content=\"https:\/\/www.naturparkmagazin.de\/sternberger-seenland\/obstschnittseminar-im-naturpark-2\/\" \/>\n<meta property=\"og:site_name\" content=\"Naturpark Sternberger Seenland\" \/>\n<meta property=\"article:published_time\" content=\"2018-03-12T07:44:20+00:00\" \/>\n<meta property=\"article:modified_time\" content=\"2018-03-13T07:57:39+00:00\" \/>\n<meta property=\"og:image\" content=\"https:\/\/www.naturparkmagazin.de\/sternberger-seenland\/wp-content\/uploads\/sites\/30\/Obstschnitt_2015_2.jpg\" \/>\n\t<meta property=\"og:image:width\" content=\"300\" \/>\n\t<meta property=\"og:image:height\" content=\"500\" \/>\n\t<meta property=\"og:image:type\" content=\"image\/jpeg\" \/>\n<meta name=\"author\" content=\"janlippke\" \/>\n<meta name=\"twitter:label1\" content=\"Verfasst von\" \/>\n\t<meta name=\"twitter:data1\" content=\"janlippke\" \/>\n\t<meta name=\"twitter:label2\" content=\"Gesch\u00e4tzte Lesezeit\" \/>\n\t<meta name=\"twitter:data2\" content=\"1\u00a0Minute\" \/>\n<script type=\"application\/ld+json\" class=\"yoast-schema-graph\">{\"@context\":\"https:\/\/schema.org\",\"@graph\":[{\"@type\":\"WebPage\",\"@id\":\"https:\/\/www.naturparkmagazin.de\/sternberger-seenland\/obstschnittseminar-im-naturpark-2\/\",\"url\":\"https:\/\/www.naturparkmagazin.de\/sternberger-seenland\/obstschnittseminar-im-naturpark-2\/\",\"name\":\"Obstschnittseminar im Naturpark - Naturpark Sternberger Seenland\",\"isPartOf\":{\"@id\":\"https:\/\/www.naturparkmagazin.de\/sternberger-seenland\/#website\"},\"datePublished\":\"2018-03-12T07:44:20+00:00\",\"dateModified\":\"2018-03-13T07:57:39+00:00\",\"author\":{\"@id\":\"https:\/\/www.naturparkmagazin.de\/sternberger-seenland\/#\/schema\/person\/712a5f470a8c286777fddf77babba74a\"},\"breadcrumb\":{\"@id\":\"https:\/\/www.naturparkmagazin.de\/sternberger-seenland\/obstschnittseminar-im-naturpark-2\/#breadcrumb\"},\"inLanguage\":\"de\",\"potentialAction\":[{\"@type\":\"ReadAction\",\"target\":[\"https:\/\/www.naturparkmagazin.de\/sternberger-seenland\/obstschnittseminar-im-naturpark-2\/\"]}]},{\"@type\":\"BreadcrumbList\",\"@id\":\"https:\/\/www.naturparkmagazin.de\/sternberger-seenland\/obstschnittseminar-im-naturpark-2\/#breadcrumb\",\"itemListElement\":[{\"@type\":\"ListItem\",\"position\":1,\"name\":\"Home\",\"item\":\"https:\/\/www.naturparkmagazin.de\/sternberger-seenland\/\"},{\"@type\":\"ListItem\",\"position\":2,\"name\":\"Obstschnittseminar im Naturpark\"}]},{\"@type\":\"WebSite\",\"@id\":\"https:\/\/www.naturparkmagazin.de\/sternberger-seenland\/#website\",\"url\":\"https:\/\/www.naturparkmagazin.de\/sternberger-seenland\/\",\"name\":\"Naturpark Sternberger Seenland\",\"description\":\"\",\"potentialAction\":[{\"@type\":\"SearchAction\",\"target\":{\"@type\":\"EntryPoint\",\"urlTemplate\":\"https:\/\/www.naturparkmagazin.de\/sternberger-seenland\/?s={search_term_string}\"},\"query-input\":\"required name=search_term_string\"}],\"inLanguage\":\"de\"},{\"@type\":\"Person\",\"@id\":\"https:\/\/www.naturparkmagazin.de\/sternberger-seenland\/#\/schema\/person\/712a5f470a8c286777fddf77babba74a\",\"name\":\"janlippke\",\"sameAs\":[\"http:\/\/www.naturpark-sternberger-seenland.de\"],\"url\":\"https:\/\/www.naturparkmagazin.de\/sternberger-seenland\/author\/janlippke\/\"}]}<\/script>\n<!-- \/ Yoast SEO plugin. -->","yoast_head_json":{"title":"Obstschnittseminar im Naturpark - Naturpark Sternberger Seenland","robots":{"index":"index","follow":"follow","max-snippet":"max-snippet:-1","max-image-preview":"max-image-preview:large","max-video-preview":"max-video-preview:-1"},"canonical":"https:\/\/www.naturparkmagazin.de\/sternberger-seenland\/obstschnittseminar-im-naturpark-2\/","og_locale":"de_DE","og_type":"article","og_title":"Obstschnittseminar im Naturpark - Naturpark Sternberger Seenland","og_description":"Das Seminar wurde wegen zu starkem Frost auf den 07. April verschoben. Die Naturparkverwaltung des Naturparks Sternberger Seenland bietet auch in diesem Jahr wieder ein Obstbaumschnittseminar an. Die Veranstaltung findet am 03. M\u00e4rz von 09:00 Uhr bis ca. 15:00 Uhr in Warin statt. Treff ist im Naturparkzentrum Warin und die Schnittvorf\u00fchrungen erfolgen im Pfarrgarten Warin.","og_url":"https:\/\/www.naturparkmagazin.de\/sternberger-seenland\/obstschnittseminar-im-naturpark-2\/","og_site_name":"Naturpark Sternberger Seenland","article_published_time":"2018-03-12T07:44:20+00:00","article_modified_time":"2018-03-13T07:57:39+00:00","og_image":[{"width":300,"height":500,"url":"https:\/\/www.naturparkmagazin.de\/sternberger-seenland\/wp-content\/uploads\/sites\/30\/Obstschnitt_2015_2.jpg","type":"image\/jpeg"}],"author":"janlippke","twitter_misc":{"Verfasst von":"janlippke","Gesch\u00e4tzte Lesezeit":"1\u00a0Minute"},"schema":{"@context":"https:\/\/schema.org","@graph":[{"@type":"WebPage","@id":"https:\/\/www.naturparkmagazin.de\/sternberger-seenland\/obstschnittseminar-im-naturpark-2\/","url":"https:\/\/www.naturparkmagazin.de\/sternberger-seenland\/obstschnittseminar-im-naturpark-2\/","name":"Obstschnittseminar im Naturpark - Naturpark Sternberger Seenland","isPartOf":{"@id":"https:\/\/www.naturparkmagazin.de\/sternberger-seenland\/#website"},"datePublished":"2018-03-12T07:44:20+00:00","dateModified":"2018-03-13T07:57:39+00:00","author":{"@id":"https:\/\/www.naturparkmagazin.de\/sternberger-seenland\/#\/schema\/person\/712a5f470a8c286777fddf77babba74a"},"breadcrumb":{"@id":"https:\/\/www.naturparkmagazin.de\/sternberger-seenland\/obstschnittseminar-im-naturpark-2\/#breadcrumb"},"inLanguage":"de","potentialAction":[{"@type":"ReadAction","target":["https:\/\/www.naturparkmagazin.de\/sternberger-seenland\/obstschnittseminar-im-naturpark-2\/"]}]},{"@type":"BreadcrumbList","@id":"https:\/\/www.naturparkmagazin.de\/sternberger-seenland\/obstschnittseminar-im-naturpark-2\/#breadcrumb","itemListElement":[{"@type":"ListItem","position":1,"name":"Home","item":"https:\/\/www.naturparkmagazin.de\/sternberger-seenland\/"},{"@type":"ListItem","position":2,"name":"Obstschnittseminar im Naturpark"}]},{"@type":"WebSite","@id":"https:\/\/www.naturparkmagazin.de\/sternberger-seenland\/#website","url":"https:\/\/www.naturparkmagazin.de\/sternberger-seenland\/","name":"Naturpark Sternberger Seenland","description":"","potentialAction":[{"@type":"SearchAction","target":{"@type":"EntryPoint","urlTemplate":"https:\/\/www.naturparkmagazin.de\/sternberger-seenland\/?s={search_term_string}"},"query-input":"required name=search_term_string"}],"inLanguage":"de"},{"@type":"Person","@id":"https:\/\/www.naturparkmagazin.de\/sternberger-seenland\/#\/schema\/person\/712a5f470a8c286777fddf77babba74a","name":"janlippke","sameAs":["http:\/\/www.naturpark-sternberger-seenland.de"],"url":"https:\/\/www.naturparkmagazin.de\/sternberger-seenland\/author\/janlippke\/"}]}},"_links":{"self":[{"href":"https:\/\/www.naturparkmagazin.de\/sternberger-seenland\/wp-json\/wp\/v2\/posts\/1653"}],"collection":[{"href":"https:\/\/www.naturparkmagazin.de\/sternberger-seenland\/wp-json\/wp\/v2\/posts"}],"about":[{"href":"https:\/\/www.naturparkmagazin.de\/sternberger-seenland\/wp-json\/wp\/v2\/types\/post"}],"author":[{"embeddable":true,"href":"https:\/\/www.naturparkmagazin.de\/sternberger-seenland\/wp-json\/wp\/v2\/users\/27"}],"replies":[{"embeddable":true,"href":"https:\/\/www.naturparkmagazin.de\/sternberger-seenland\/wp-json\/wp\/v2\/comments?post=1653"}],"version-history":[{"count":6,"href":"https:\/\/www.naturparkmagazin.de\/sternberger-seenland\/wp-json\/wp\/v2\/posts\/1653\/revisions"}],"predecessor-version":[{"id":1700,"href":"https:\/\/www.naturparkmagazin.de\/sternberger-seenland\/wp-json\/wp\/v2\/posts\/1653\/revisions\/1700"}],"wp:featuredmedia":[{"embeddable":true,"href":"https:\/\/www.naturparkmagazin.de\/sternberger-seenland\/wp-json\/wp\/v2\/media\/1062"}],"wp:attachment":[{"href":"https:\/\/www.naturparkmagazin.de\/sternberger-seenland\/wp-json\/wp\/v2\/media?parent=1653"}],"wp:term":[{"taxonomy":"category","embeddable":true,"href":"https:\/\/www.naturparkmagazin.de\/sternberger-seenland\/wp-json\/wp\/v2\/categories?post=1653"},{"taxonomy":"post_tag","embeddable":true,"href":"https:\/\/www.naturparkmagazin.de\/sternberger-seenland\/wp-json\/wp\/v2\/tags?post=1653"}],"curies":[{"name":"wp","href":"https:\/\/api.w.org\/{rel}","templated":true}]}}