{"id":1677,"date":"2018-03-13T09:01:36","date_gmt":"2018-03-13T08:01:36","guid":{"rendered":"http:\/\/www.naturparkmagazin.de\/sternberger-seenland\/?p=1677"},"modified":"2018-03-13T09:01:36","modified_gmt":"2018-03-13T08:01:36","slug":"19-bibertag-in-alt-necheln","status":"publish","type":"post","link":"https:\/\/www.naturparkmagazin.de\/sternberger-seenland\/19-bibertag-in-alt-necheln\/","title":{"rendered":"19. Bibertag in Alt Necheln"},"content":{"rendered":"<p>Am 14. April beginnt um 9:30 Uhr in Alt Necheln beim Haus Biber &amp; Co. der 19. Bibertag. Am Vormittag wird es verschiedene Vortr\u00e4ge zum Biber und seiner Lebensweise geben, zu Problemen und L\u00f6sungsm\u00f6glichkeiten und Erfahrungsberichte aus anderen Regionen.<\/p>\n<p>Zum Mittag gibt es die M\u00f6glichkeit, einen Imbiss im Gutshaus Alt Necheln f\u00fcr geringes Entgelt zu bekommen, um sich f\u00fcr die anstehenden Exkursionen ins Gel\u00e4nde zu st\u00e4rken.<\/p>\n<p>Am Nachmittag wird es dann Exkursionen in verschiedene Biberreviere geben, um den Teilnehmern im Lebensraum der Biber spannende Eindr\u00fccke zu vermitteln.<\/p>\n<div id=\"attachment_1446\" style=\"width: 510px\" class=\"wp-caption alignnone\"><a href=\"https:\/\/www.naturparkmagazin.de\/sternberger-seenland\/wp-content\/uploads\/sites\/30\/Radebach_Biberdamm.jpg\"><img aria-describedby=\"caption-attachment-1446\" decoding=\"async\" loading=\"lazy\" class=\"size-full wp-image-1446\" src=\"https:\/\/www.naturparkmagazin.de\/sternberger-seenland\/wp-content\/uploads\/sites\/30\/Radebach_Biberdamm.jpg\" alt=\"Biberdamm im Radebachtal\" width=\"500\" height=\"300\" srcset=\"https:\/\/www.naturparkmagazin.de\/sternberger-seenland\/wp-content\/uploads\/sites\/30\/Radebach_Biberdamm.jpg 500w, https:\/\/www.naturparkmagazin.de\/sternberger-seenland\/wp-content\/uploads\/sites\/30\/Radebach_Biberdamm-300x180.jpg 300w, https:\/\/www.naturparkmagazin.de\/sternberger-seenland\/wp-content\/uploads\/sites\/30\/Radebach_Biberdamm-200x120.jpg 200w\" sizes=\"(max-width: 500px) 100vw, 500px\" \/><\/a><p id=\"caption-attachment-1446\" class=\"wp-caption-text\">Biberdamm im Radebachtal<\/p><\/div>\n","protected":false},"excerpt":{"rendered":"<p>Am 14. April beginnt um 9:30 Uhr in Alt Necheln beim Haus Biber &amp; Co. der 19. Bibertag. Am Vormittag wird es verschiedene Vortr\u00e4ge zum Biber und seiner Lebensweise geben, zu Problemen und L\u00f6sungsm\u00f6glichkeiten und Erfahrungsberichte aus anderen Regionen. Zum Mittag gibt es die M\u00f6glichkeit, einen Imbiss im Gutshaus Alt Necheln f\u00fcr geringes Entgelt zu<\/p>\n","protected":false},"author":27,"featured_media":1678,"comment_status":"open","ping_status":"open","sticky":false,"template":"","format":"standard","meta":[],"categories":[11],"tags":[],"yoast_head":"<!-- This site is optimized with the Yoast SEO plugin v19.10 - https:\/\/yoast.com\/wordpress\/plugins\/seo\/ -->\n<title>19. Bibertag in Alt Necheln - Naturpark Sternberger Seenland<\/title>\n<meta name=\"robots\" content=\"index, follow, max-snippet:-1, max-image-preview:large, max-video-preview:-1\" \/>\n<link rel=\"canonical\" href=\"https:\/\/www.naturparkmagazin.de\/sternberger-seenland\/19-bibertag-in-alt-necheln\/\" \/>\n<meta property=\"og:locale\" content=\"de_DE\" \/>\n<meta property=\"og:type\" content=\"article\" \/>\n<meta property=\"og:title\" content=\"19. Bibertag in Alt Necheln - Naturpark Sternberger Seenland\" \/>\n<meta property=\"og:description\" content=\"Am 14. April beginnt um 9:30 Uhr in Alt Necheln beim Haus Biber &amp; Co. der 19. Bibertag. Am Vormittag wird es verschiedene Vortr\u00e4ge zum Biber und seiner Lebensweise geben, zu Problemen und L\u00f6sungsm\u00f6glichkeiten und Erfahrungsberichte aus anderen Regionen. Zum Mittag gibt es die M\u00f6glichkeit, einen Imbiss im Gutshaus Alt Necheln f\u00fcr geringes Entgelt zu\" \/>\n<meta property=\"og:url\" content=\"https:\/\/www.naturparkmagazin.de\/sternberger-seenland\/19-bibertag-in-alt-necheln\/\" \/>\n<meta property=\"og:site_name\" content=\"Naturpark Sternberger Seenland\" \/>\n<meta property=\"article:published_time\" content=\"2018-03-13T08:01:36+00:00\" \/>\n<meta property=\"og:image\" content=\"https:\/\/www.naturparkmagazin.de\/sternberger-seenland\/wp-content\/uploads\/sites\/30\/Biber_Augustenhof.jpg\" \/>\n\t<meta property=\"og:image:width\" content=\"500\" \/>\n\t<meta property=\"og:image:height\" content=\"300\" \/>\n\t<meta property=\"og:image:type\" content=\"image\/jpeg\" \/>\n<meta name=\"author\" content=\"janlippke\" \/>\n<meta name=\"twitter:label1\" content=\"Verfasst von\" \/>\n\t<meta name=\"twitter:data1\" content=\"janlippke\" \/>\n\t<meta name=\"twitter:label2\" content=\"Gesch\u00e4tzte Lesezeit\" \/>\n\t<meta name=\"twitter:data2\" content=\"1\u00a0Minute\" \/>\n<script type=\"application\/ld+json\" class=\"yoast-schema-graph\">{\"@context\":\"https:\/\/schema.org\",\"@graph\":[{\"@type\":\"WebPage\",\"@id\":\"https:\/\/www.naturparkmagazin.de\/sternberger-seenland\/19-bibertag-in-alt-necheln\/\",\"url\":\"https:\/\/www.naturparkmagazin.de\/sternberger-seenland\/19-bibertag-in-alt-necheln\/\",\"name\":\"19. Bibertag in Alt Necheln - Naturpark Sternberger Seenland\",\"isPartOf\":{\"@id\":\"https:\/\/www.naturparkmagazin.de\/sternberger-seenland\/#website\"},\"datePublished\":\"2018-03-13T08:01:36+00:00\",\"dateModified\":\"2018-03-13T08:01:36+00:00\",\"author\":{\"@id\":\"https:\/\/www.naturparkmagazin.de\/sternberger-seenland\/#\/schema\/person\/712a5f470a8c286777fddf77babba74a\"},\"breadcrumb\":{\"@id\":\"https:\/\/www.naturparkmagazin.de\/sternberger-seenland\/19-bibertag-in-alt-necheln\/#breadcrumb\"},\"inLanguage\":\"de\",\"potentialAction\":[{\"@type\":\"ReadAction\",\"target\":[\"https:\/\/www.naturparkmagazin.de\/sternberger-seenland\/19-bibertag-in-alt-necheln\/\"]}]},{\"@type\":\"BreadcrumbList\",\"@id\":\"https:\/\/www.naturparkmagazin.de\/sternberger-seenland\/19-bibertag-in-alt-necheln\/#breadcrumb\",\"itemListElement\":[{\"@type\":\"ListItem\",\"position\":1,\"name\":\"Home\",\"item\":\"https:\/\/www.naturparkmagazin.de\/sternberger-seenland\/\"},{\"@type\":\"ListItem\",\"position\":2,\"name\":\"19. Bibertag in Alt Necheln\"}]},{\"@type\":\"WebSite\",\"@id\":\"https:\/\/www.naturparkmagazin.de\/sternberger-seenland\/#website\",\"url\":\"https:\/\/www.naturparkmagazin.de\/sternberger-seenland\/\",\"name\":\"Naturpark Sternberger Seenland\",\"description\":\"\",\"potentialAction\":[{\"@type\":\"SearchAction\",\"target\":{\"@type\":\"EntryPoint\",\"urlTemplate\":\"https:\/\/www.naturparkmagazin.de\/sternberger-seenland\/?s={search_term_string}\"},\"query-input\":\"required name=search_term_string\"}],\"inLanguage\":\"de\"},{\"@type\":\"Person\",\"@id\":\"https:\/\/www.naturparkmagazin.de\/sternberger-seenland\/#\/schema\/person\/712a5f470a8c286777fddf77babba74a\",\"name\":\"janlippke\",\"sameAs\":[\"http:\/\/www.naturpark-sternberger-seenland.de\"],\"url\":\"https:\/\/www.naturparkmagazin.de\/sternberger-seenland\/author\/janlippke\/\"}]}<\/script>\n<!-- \/ Yoast SEO plugin. -->","yoast_head_json":{"title":"19. Bibertag in Alt Necheln - Naturpark Sternberger Seenland","robots":{"index":"index","follow":"follow","max-snippet":"max-snippet:-1","max-image-preview":"max-image-preview:large","max-video-preview":"max-video-preview:-1"},"canonical":"https:\/\/www.naturparkmagazin.de\/sternberger-seenland\/19-bibertag-in-alt-necheln\/","og_locale":"de_DE","og_type":"article","og_title":"19. Bibertag in Alt Necheln - Naturpark Sternberger Seenland","og_description":"Am 14. April beginnt um 9:30 Uhr in Alt Necheln beim Haus Biber &amp; Co. der 19. Bibertag. Am Vormittag wird es verschiedene Vortr\u00e4ge zum Biber und seiner Lebensweise geben, zu Problemen und L\u00f6sungsm\u00f6glichkeiten und Erfahrungsberichte aus anderen Regionen. Zum Mittag gibt es die M\u00f6glichkeit, einen Imbiss im Gutshaus Alt Necheln f\u00fcr geringes Entgelt zu","og_url":"https:\/\/www.naturparkmagazin.de\/sternberger-seenland\/19-bibertag-in-alt-necheln\/","og_site_name":"Naturpark Sternberger Seenland","article_published_time":"2018-03-13T08:01:36+00:00","og_image":[{"width":500,"height":300,"url":"https:\/\/www.naturparkmagazin.de\/sternberger-seenland\/wp-content\/uploads\/sites\/30\/Biber_Augustenhof.jpg","type":"image\/jpeg"}],"author":"janlippke","twitter_misc":{"Verfasst von":"janlippke","Gesch\u00e4tzte Lesezeit":"1\u00a0Minute"},"schema":{"@context":"https:\/\/schema.org","@graph":[{"@type":"WebPage","@id":"https:\/\/www.naturparkmagazin.de\/sternberger-seenland\/19-bibertag-in-alt-necheln\/","url":"https:\/\/www.naturparkmagazin.de\/sternberger-seenland\/19-bibertag-in-alt-necheln\/","name":"19. Bibertag in Alt Necheln - Naturpark Sternberger Seenland","isPartOf":{"@id":"https:\/\/www.naturparkmagazin.de\/sternberger-seenland\/#website"},"datePublished":"2018-03-13T08:01:36+00:00","dateModified":"2018-03-13T08:01:36+00:00","author":{"@id":"https:\/\/www.naturparkmagazin.de\/sternberger-seenland\/#\/schema\/person\/712a5f470a8c286777fddf77babba74a"},"breadcrumb":{"@id":"https:\/\/www.naturparkmagazin.de\/sternberger-seenland\/19-bibertag-in-alt-necheln\/#breadcrumb"},"inLanguage":"de","potentialAction":[{"@type":"ReadAction","target":["https:\/\/www.naturparkmagazin.de\/sternberger-seenland\/19-bibertag-in-alt-necheln\/"]}]},{"@type":"BreadcrumbList","@id":"https:\/\/www.naturparkmagazin.de\/sternberger-seenland\/19-bibertag-in-alt-necheln\/#breadcrumb","itemListElement":[{"@type":"ListItem","position":1,"name":"Home","item":"https:\/\/www.naturparkmagazin.de\/sternberger-seenland\/"},{"@type":"ListItem","position":2,"name":"19. Bibertag in Alt Necheln"}]},{"@type":"WebSite","@id":"https:\/\/www.naturparkmagazin.de\/sternberger-seenland\/#website","url":"https:\/\/www.naturparkmagazin.de\/sternberger-seenland\/","name":"Naturpark Sternberger Seenland","description":"","potentialAction":[{"@type":"SearchAction","target":{"@type":"EntryPoint","urlTemplate":"https:\/\/www.naturparkmagazin.de\/sternberger-seenland\/?s={search_term_string}"},"query-input":"required name=search_term_string"}],"inLanguage":"de"},{"@type":"Person","@id":"https:\/\/www.naturparkmagazin.de\/sternberger-seenland\/#\/schema\/person\/712a5f470a8c286777fddf77babba74a","name":"janlippke","sameAs":["http:\/\/www.naturpark-sternberger-seenland.de"],"url":"https:\/\/www.naturparkmagazin.de\/sternberger-seenland\/author\/janlippke\/"}]}},"_links":{"self":[{"href":"https:\/\/www.naturparkmagazin.de\/sternberger-seenland\/wp-json\/wp\/v2\/posts\/1677"}],"collection":[{"href":"https:\/\/www.naturparkmagazin.de\/sternberger-seenland\/wp-json\/wp\/v2\/posts"}],"about":[{"href":"https:\/\/www.naturparkmagazin.de\/sternberger-seenland\/wp-json\/wp\/v2\/types\/post"}],"author":[{"embeddable":true,"href":"https:\/\/www.naturparkmagazin.de\/sternberger-seenland\/wp-json\/wp\/v2\/users\/27"}],"replies":[{"embeddable":true,"href":"https:\/\/www.naturparkmagazin.de\/sternberger-seenland\/wp-json\/wp\/v2\/comments?post=1677"}],"version-history":[{"count":1,"href":"https:\/\/www.naturparkmagazin.de\/sternberger-seenland\/wp-json\/wp\/v2\/posts\/1677\/revisions"}],"predecessor-version":[{"id":1679,"href":"https:\/\/www.naturparkmagazin.de\/sternberger-seenland\/wp-json\/wp\/v2\/posts\/1677\/revisions\/1679"}],"wp:featuredmedia":[{"embeddable":true,"href":"https:\/\/www.naturparkmagazin.de\/sternberger-seenland\/wp-json\/wp\/v2\/media\/1678"}],"wp:attachment":[{"href":"https:\/\/www.naturparkmagazin.de\/sternberger-seenland\/wp-json\/wp\/v2\/media?parent=1677"}],"wp:term":[{"taxonomy":"category","embeddable":true,"href":"https:\/\/www.naturparkmagazin.de\/sternberger-seenland\/wp-json\/wp\/v2\/categories?post=1677"},{"taxonomy":"post_tag","embeddable":true,"href":"https:\/\/www.naturparkmagazin.de\/sternberger-seenland\/wp-json\/wp\/v2\/tags?post=1677"}],"curies":[{"name":"wp","href":"https:\/\/api.w.org\/{rel}","templated":true}]}}