{"id":168,"date":"2013-09-03T11:15:39","date_gmt":"2013-09-03T09:15:39","guid":{"rendered":"http:\/\/www.naturparkmagazin.de\/sternberger-seenland\/?p=168"},"modified":"2013-09-05T10:42:17","modified_gmt":"2013-09-05T08:42:17","slug":"ab-september-wieder-freiwilliges-oekologisches-jahr","status":"publish","type":"post","link":"https:\/\/www.naturparkmagazin.de\/sternberger-seenland\/ab-september-wieder-freiwilliges-oekologisches-jahr\/","title":{"rendered":"Ab September wieder Freiwilliges \u00d6kologisches Jahr"},"content":{"rendered":"<div id=\"attachment_169\" style=\"width: 310px\" class=\"wp-caption aligncenter\"><a href=\"https:\/\/www.naturparkmagazin.de\/sternberger-seenland\/wp-content\/uploads\/sites\/30\/Kita-Warin-Insektenhotel.jpg\"><img aria-describedby=\"caption-attachment-169\" decoding=\"async\" loading=\"lazy\" class=\"size-full wp-image-169 \" alt=\"Unsere ehemalige F\u00d6J-lerin Isabell beim Bau eines Insektenhotels\" src=\"https:\/\/www.naturparkmagazin.de\/sternberger-seenland\/wp-content\/uploads\/sites\/30\/Kita-Warin-Insektenhotel.jpg\" width=\"300\" height=\"199\" srcset=\"https:\/\/www.naturparkmagazin.de\/sternberger-seenland\/wp-content\/uploads\/sites\/30\/Kita-Warin-Insektenhotel.jpg 300w, https:\/\/www.naturparkmagazin.de\/sternberger-seenland\/wp-content\/uploads\/sites\/30\/Kita-Warin-Insektenhotel-200x133.jpg 200w\" sizes=\"(max-width: 300px) 100vw, 300px\" \/><\/a><p id=\"caption-attachment-169\" class=\"wp-caption-text\">Unsere ehemalige F\u00d6J-lerin Isabell beim Bau eines Insektenhotels<\/p><\/div>\n<p>Ab 02.09.2013 ist die Stelle f\u00fcr das freiwillige \u00f6kologische Jahr im Naturpark Sternberger Seenland wieder besetzt. Lineke Lenferink wird das Naturpark-Team f\u00fcr ein Jahr verst\u00e4rken. Dabei wird sie u.a. die Naturwacht bei allen anfallenden Arbeiten unterst\u00fctzen, aber auch verschiedene Aufgaben in der Verwaltung \u00fcbernehmen. Dieses Jahr soll dazu dienen, Erfahrungen im Arbeitsalltag zu sammeln, evtl. neue Sichtweisen zu erschlie\u00dfen und dann auch bei der\u00a0Orientierung zu helfen, was man denn studieren m\u00f6chte.<\/p>\n<p>In einem der n\u00e4chsten Newsletter werden wir Lineke und ihre Aufgaben im Naturpark Sternberger Seenland etwas genauer vorstellen.<\/p>\n","protected":false},"excerpt":{"rendered":"<p>Ab 02.09.2013 ist die Stelle f\u00fcr das freiwillige \u00f6kologische Jahr im Naturpark Sternberger Seenland wieder besetzt. Lineke Lenferink wird das Naturpark-Team f\u00fcr ein Jahr verst\u00e4rken. Dabei wird sie u.a. die Naturwacht bei allen anfallenden Arbeiten unterst\u00fctzen, aber auch verschiedene Aufgaben in der Verwaltung \u00fcbernehmen. Dieses Jahr soll dazu dienen, Erfahrungen im Arbeitsalltag zu sammeln, evtl.<\/p>\n","protected":false},"author":27,"featured_media":169,"comment_status":"open","ping_status":"open","sticky":false,"template":"","format":"standard","meta":[],"categories":[7],"tags":[],"yoast_head":"<!-- This site is optimized with the Yoast SEO plugin v19.10 - https:\/\/yoast.com\/wordpress\/plugins\/seo\/ -->\n<title>Ab September wieder Freiwilliges \u00d6kologisches Jahr - Naturpark Sternberger Seenland<\/title>\n<meta name=\"robots\" content=\"index, follow, max-snippet:-1, max-image-preview:large, max-video-preview:-1\" \/>\n<link rel=\"canonical\" href=\"https:\/\/www.naturparkmagazin.de\/sternberger-seenland\/ab-september-wieder-freiwilliges-oekologisches-jahr\/\" \/>\n<meta property=\"og:locale\" content=\"de_DE\" \/>\n<meta property=\"og:type\" content=\"article\" \/>\n<meta property=\"og:title\" content=\"Ab September wieder Freiwilliges \u00d6kologisches Jahr - Naturpark Sternberger Seenland\" \/>\n<meta property=\"og:description\" content=\"Ab 02.09.2013 ist die Stelle f\u00fcr das freiwillige \u00f6kologische Jahr im Naturpark Sternberger Seenland wieder besetzt. Lineke Lenferink wird das Naturpark-Team f\u00fcr ein Jahr verst\u00e4rken. Dabei wird sie u.a. die Naturwacht bei allen anfallenden Arbeiten unterst\u00fctzen, aber auch verschiedene Aufgaben in der Verwaltung \u00fcbernehmen. Dieses Jahr soll dazu dienen, Erfahrungen im Arbeitsalltag zu sammeln, evtl.\" \/>\n<meta property=\"og:url\" content=\"https:\/\/www.naturparkmagazin.de\/sternberger-seenland\/ab-september-wieder-freiwilliges-oekologisches-jahr\/\" \/>\n<meta property=\"og:site_name\" content=\"Naturpark Sternberger Seenland\" \/>\n<meta property=\"article:published_time\" content=\"2013-09-03T09:15:39+00:00\" \/>\n<meta property=\"article:modified_time\" content=\"2013-09-05T08:42:17+00:00\" \/>\n<meta property=\"og:image\" content=\"https:\/\/www.naturparkmagazin.de\/sternberger-seenland\/wp-content\/uploads\/sites\/30\/Kita-Warin-Insektenhotel.jpg\" \/>\n\t<meta property=\"og:image:width\" content=\"300\" \/>\n\t<meta property=\"og:image:height\" content=\"199\" \/>\n\t<meta property=\"og:image:type\" content=\"image\/jpeg\" \/>\n<meta name=\"author\" content=\"janlippke\" \/>\n<meta name=\"twitter:label1\" content=\"Verfasst von\" \/>\n\t<meta name=\"twitter:data1\" content=\"janlippke\" \/>\n\t<meta name=\"twitter:label2\" content=\"Gesch\u00e4tzte Lesezeit\" \/>\n\t<meta name=\"twitter:data2\" content=\"1\u00a0Minute\" \/>\n<script type=\"application\/ld+json\" class=\"yoast-schema-graph\">{\"@context\":\"https:\/\/schema.org\",\"@graph\":[{\"@type\":\"WebPage\",\"@id\":\"https:\/\/www.naturparkmagazin.de\/sternberger-seenland\/ab-september-wieder-freiwilliges-oekologisches-jahr\/\",\"url\":\"https:\/\/www.naturparkmagazin.de\/sternberger-seenland\/ab-september-wieder-freiwilliges-oekologisches-jahr\/\",\"name\":\"Ab September wieder Freiwilliges \u00d6kologisches Jahr - Naturpark Sternberger Seenland\",\"isPartOf\":{\"@id\":\"https:\/\/www.naturparkmagazin.de\/sternberger-seenland\/#website\"},\"datePublished\":\"2013-09-03T09:15:39+00:00\",\"dateModified\":\"2013-09-05T08:42:17+00:00\",\"author\":{\"@id\":\"https:\/\/www.naturparkmagazin.de\/sternberger-seenland\/#\/schema\/person\/712a5f470a8c286777fddf77babba74a\"},\"breadcrumb\":{\"@id\":\"https:\/\/www.naturparkmagazin.de\/sternberger-seenland\/ab-september-wieder-freiwilliges-oekologisches-jahr\/#breadcrumb\"},\"inLanguage\":\"de\",\"potentialAction\":[{\"@type\":\"ReadAction\",\"target\":[\"https:\/\/www.naturparkmagazin.de\/sternberger-seenland\/ab-september-wieder-freiwilliges-oekologisches-jahr\/\"]}]},{\"@type\":\"BreadcrumbList\",\"@id\":\"https:\/\/www.naturparkmagazin.de\/sternberger-seenland\/ab-september-wieder-freiwilliges-oekologisches-jahr\/#breadcrumb\",\"itemListElement\":[{\"@type\":\"ListItem\",\"position\":1,\"name\":\"Home\",\"item\":\"https:\/\/www.naturparkmagazin.de\/sternberger-seenland\/\"},{\"@type\":\"ListItem\",\"position\":2,\"name\":\"Ab September wieder Freiwilliges \u00d6kologisches Jahr\"}]},{\"@type\":\"WebSite\",\"@id\":\"https:\/\/www.naturparkmagazin.de\/sternberger-seenland\/#website\",\"url\":\"https:\/\/www.naturparkmagazin.de\/sternberger-seenland\/\",\"name\":\"Naturpark Sternberger Seenland\",\"description\":\"\",\"potentialAction\":[{\"@type\":\"SearchAction\",\"target\":{\"@type\":\"EntryPoint\",\"urlTemplate\":\"https:\/\/www.naturparkmagazin.de\/sternberger-seenland\/?s={search_term_string}\"},\"query-input\":\"required name=search_term_string\"}],\"inLanguage\":\"de\"},{\"@type\":\"Person\",\"@id\":\"https:\/\/www.naturparkmagazin.de\/sternberger-seenland\/#\/schema\/person\/712a5f470a8c286777fddf77babba74a\",\"name\":\"janlippke\",\"sameAs\":[\"http:\/\/www.naturpark-sternberger-seenland.de\"],\"url\":\"https:\/\/www.naturparkmagazin.de\/sternberger-seenland\/author\/janlippke\/\"}]}<\/script>\n<!-- \/ Yoast SEO plugin. -->","yoast_head_json":{"title":"Ab September wieder Freiwilliges \u00d6kologisches Jahr - Naturpark Sternberger Seenland","robots":{"index":"index","follow":"follow","max-snippet":"max-snippet:-1","max-image-preview":"max-image-preview:large","max-video-preview":"max-video-preview:-1"},"canonical":"https:\/\/www.naturparkmagazin.de\/sternberger-seenland\/ab-september-wieder-freiwilliges-oekologisches-jahr\/","og_locale":"de_DE","og_type":"article","og_title":"Ab September wieder Freiwilliges \u00d6kologisches Jahr - Naturpark Sternberger Seenland","og_description":"Ab 02.09.2013 ist die Stelle f\u00fcr das freiwillige \u00f6kologische Jahr im Naturpark Sternberger Seenland wieder besetzt. Lineke Lenferink wird das Naturpark-Team f\u00fcr ein Jahr verst\u00e4rken. Dabei wird sie u.a. die Naturwacht bei allen anfallenden Arbeiten unterst\u00fctzen, aber auch verschiedene Aufgaben in der Verwaltung \u00fcbernehmen. Dieses Jahr soll dazu dienen, Erfahrungen im Arbeitsalltag zu sammeln, evtl.","og_url":"https:\/\/www.naturparkmagazin.de\/sternberger-seenland\/ab-september-wieder-freiwilliges-oekologisches-jahr\/","og_site_name":"Naturpark Sternberger Seenland","article_published_time":"2013-09-03T09:15:39+00:00","article_modified_time":"2013-09-05T08:42:17+00:00","og_image":[{"width":300,"height":199,"url":"https:\/\/www.naturparkmagazin.de\/sternberger-seenland\/wp-content\/uploads\/sites\/30\/Kita-Warin-Insektenhotel.jpg","type":"image\/jpeg"}],"author":"janlippke","twitter_misc":{"Verfasst von":"janlippke","Gesch\u00e4tzte Lesezeit":"1\u00a0Minute"},"schema":{"@context":"https:\/\/schema.org","@graph":[{"@type":"WebPage","@id":"https:\/\/www.naturparkmagazin.de\/sternberger-seenland\/ab-september-wieder-freiwilliges-oekologisches-jahr\/","url":"https:\/\/www.naturparkmagazin.de\/sternberger-seenland\/ab-september-wieder-freiwilliges-oekologisches-jahr\/","name":"Ab September wieder Freiwilliges \u00d6kologisches Jahr - Naturpark Sternberger Seenland","isPartOf":{"@id":"https:\/\/www.naturparkmagazin.de\/sternberger-seenland\/#website"},"datePublished":"2013-09-03T09:15:39+00:00","dateModified":"2013-09-05T08:42:17+00:00","author":{"@id":"https:\/\/www.naturparkmagazin.de\/sternberger-seenland\/#\/schema\/person\/712a5f470a8c286777fddf77babba74a"},"breadcrumb":{"@id":"https:\/\/www.naturparkmagazin.de\/sternberger-seenland\/ab-september-wieder-freiwilliges-oekologisches-jahr\/#breadcrumb"},"inLanguage":"de","potentialAction":[{"@type":"ReadAction","target":["https:\/\/www.naturparkmagazin.de\/sternberger-seenland\/ab-september-wieder-freiwilliges-oekologisches-jahr\/"]}]},{"@type":"BreadcrumbList","@id":"https:\/\/www.naturparkmagazin.de\/sternberger-seenland\/ab-september-wieder-freiwilliges-oekologisches-jahr\/#breadcrumb","itemListElement":[{"@type":"ListItem","position":1,"name":"Home","item":"https:\/\/www.naturparkmagazin.de\/sternberger-seenland\/"},{"@type":"ListItem","position":2,"name":"Ab September wieder Freiwilliges \u00d6kologisches Jahr"}]},{"@type":"WebSite","@id":"https:\/\/www.naturparkmagazin.de\/sternberger-seenland\/#website","url":"https:\/\/www.naturparkmagazin.de\/sternberger-seenland\/","name":"Naturpark Sternberger Seenland","description":"","potentialAction":[{"@type":"SearchAction","target":{"@type":"EntryPoint","urlTemplate":"https:\/\/www.naturparkmagazin.de\/sternberger-seenland\/?s={search_term_string}"},"query-input":"required name=search_term_string"}],"inLanguage":"de"},{"@type":"Person","@id":"https:\/\/www.naturparkmagazin.de\/sternberger-seenland\/#\/schema\/person\/712a5f470a8c286777fddf77babba74a","name":"janlippke","sameAs":["http:\/\/www.naturpark-sternberger-seenland.de"],"url":"https:\/\/www.naturparkmagazin.de\/sternberger-seenland\/author\/janlippke\/"}]}},"_links":{"self":[{"href":"https:\/\/www.naturparkmagazin.de\/sternberger-seenland\/wp-json\/wp\/v2\/posts\/168"}],"collection":[{"href":"https:\/\/www.naturparkmagazin.de\/sternberger-seenland\/wp-json\/wp\/v2\/posts"}],"about":[{"href":"https:\/\/www.naturparkmagazin.de\/sternberger-seenland\/wp-json\/wp\/v2\/types\/post"}],"author":[{"embeddable":true,"href":"https:\/\/www.naturparkmagazin.de\/sternberger-seenland\/wp-json\/wp\/v2\/users\/27"}],"replies":[{"embeddable":true,"href":"https:\/\/www.naturparkmagazin.de\/sternberger-seenland\/wp-json\/wp\/v2\/comments?post=168"}],"version-history":[{"count":2,"href":"https:\/\/www.naturparkmagazin.de\/sternberger-seenland\/wp-json\/wp\/v2\/posts\/168\/revisions"}],"predecessor-version":[{"id":190,"href":"https:\/\/www.naturparkmagazin.de\/sternberger-seenland\/wp-json\/wp\/v2\/posts\/168\/revisions\/190"}],"wp:featuredmedia":[{"embeddable":true,"href":"https:\/\/www.naturparkmagazin.de\/sternberger-seenland\/wp-json\/wp\/v2\/media\/169"}],"wp:attachment":[{"href":"https:\/\/www.naturparkmagazin.de\/sternberger-seenland\/wp-json\/wp\/v2\/media?parent=168"}],"wp:term":[{"taxonomy":"category","embeddable":true,"href":"https:\/\/www.naturparkmagazin.de\/sternberger-seenland\/wp-json\/wp\/v2\/categories?post=168"},{"taxonomy":"post_tag","embeddable":true,"href":"https:\/\/www.naturparkmagazin.de\/sternberger-seenland\/wp-json\/wp\/v2\/tags?post=168"}],"curies":[{"name":"wp","href":"https:\/\/api.w.org\/{rel}","templated":true}]}}