{"id":1709,"date":"2018-04-12T11:39:05","date_gmt":"2018-04-12T09:39:05","guid":{"rendered":"http:\/\/www.naturparkmagazin.de\/sternberger-seenland\/?p=1709"},"modified":"2018-04-24T13:45:47","modified_gmt":"2018-04-24T11:45:47","slug":"pflanz-und-topftag-in-lenzen-bei-sternberg","status":"publish","type":"post","link":"https:\/\/www.naturparkmagazin.de\/sternberger-seenland\/pflanz-und-topftag-in-lenzen-bei-sternberg\/","title":{"rendered":"Pflanz- und Topftag in Lenzen bei Sternberg"},"content":{"rendered":"<p>Am 01. Mai erwartet die Besucher in Lenzen bei Sternberg wieder ein buntes Treiben beim Pflanz- und Topfmarkt. Die Organisatoren haben ein sch\u00f6nes Programm zusammengestellt und es wird viel zu sehen und zu erleben geben. Der Naturpark Sternberger Seenland ist mit einem Info-Stand vertreten. Dort k\u00f6nnen Kinder ein Wissensquiz machen oder sich f\u00fcr den heimischen Garten einen Nistkasten zusammen bauen. F\u00fcr die Erwachsenen haben wir reichlich Informationen rund um den Naturpark dabei. Es wird bestimmt ein toller ereignisreicher Tag in Lenzen werden. Wir freuen uns auf Ihren Besuch!<\/p>\n<div id=\"attachment_755\" style=\"width: 510px\" class=\"wp-caption alignnone\"><a href=\"https:\/\/www.naturparkmagazin.de\/sternberger-seenland\/wp-content\/uploads\/sites\/30\/Lenzen_2014_2.jpg\"><img aria-describedby=\"caption-attachment-755\" decoding=\"async\" loading=\"lazy\" class=\"size-full wp-image-755\" src=\"https:\/\/www.naturparkmagazin.de\/sternberger-seenland\/wp-content\/uploads\/sites\/30\/Lenzen_2014_2.jpg\" alt=\"beim T\u00f6pferhof in Lenzen\" width=\"500\" height=\"300\" srcset=\"https:\/\/www.naturparkmagazin.de\/sternberger-seenland\/wp-content\/uploads\/sites\/30\/Lenzen_2014_2.jpg 500w, https:\/\/www.naturparkmagazin.de\/sternberger-seenland\/wp-content\/uploads\/sites\/30\/Lenzen_2014_2-300x180.jpg 300w, https:\/\/www.naturparkmagazin.de\/sternberger-seenland\/wp-content\/uploads\/sites\/30\/Lenzen_2014_2-200x120.jpg 200w\" sizes=\"(max-width: 500px) 100vw, 500px\" \/><\/a><p id=\"caption-attachment-755\" class=\"wp-caption-text\">beim T\u00f6pferhof in Lenzen<\/p><\/div>\n","protected":false},"excerpt":{"rendered":"<p>Am 01. Mai erwartet die Besucher in Lenzen bei Sternberg wieder ein buntes Treiben beim Pflanz- und Topfmarkt, bei dem es viel zu sehen und zu erleben geben wird. <\/p>\n","protected":false},"author":27,"featured_media":1431,"comment_status":"open","ping_status":"open","sticky":false,"template":"","format":"standard","meta":[],"categories":[11],"tags":[],"yoast_head":"<!-- This site is optimized with the Yoast SEO plugin v19.10 - https:\/\/yoast.com\/wordpress\/plugins\/seo\/ -->\n<title>Pflanz- und Topftag in Lenzen bei Sternberg - Naturpark Sternberger Seenland<\/title>\n<meta name=\"robots\" content=\"index, follow, max-snippet:-1, max-image-preview:large, max-video-preview:-1\" \/>\n<link rel=\"canonical\" href=\"https:\/\/www.naturparkmagazin.de\/sternberger-seenland\/pflanz-und-topftag-in-lenzen-bei-sternberg\/\" \/>\n<meta property=\"og:locale\" content=\"de_DE\" \/>\n<meta property=\"og:type\" content=\"article\" \/>\n<meta property=\"og:title\" content=\"Pflanz- und Topftag in Lenzen bei Sternberg - Naturpark Sternberger Seenland\" \/>\n<meta property=\"og:description\" content=\"Am 01. Mai erwartet die Besucher in Lenzen bei Sternberg wieder ein buntes Treiben beim Pflanz- und Topfmarkt, bei dem es viel zu sehen und zu erleben geben wird.\" \/>\n<meta property=\"og:url\" content=\"https:\/\/www.naturparkmagazin.de\/sternberger-seenland\/pflanz-und-topftag-in-lenzen-bei-sternberg\/\" \/>\n<meta property=\"og:site_name\" content=\"Naturpark Sternberger Seenland\" \/>\n<meta property=\"article:published_time\" content=\"2018-04-12T09:39:05+00:00\" \/>\n<meta property=\"article:modified_time\" content=\"2018-04-24T11:45:47+00:00\" \/>\n<meta property=\"og:image\" content=\"https:\/\/www.naturparkmagazin.de\/sternberger-seenland\/wp-content\/uploads\/sites\/30\/Lenzen-1.Mai_.jpg\" \/>\n\t<meta property=\"og:image:width\" content=\"500\" \/>\n\t<meta property=\"og:image:height\" content=\"300\" \/>\n\t<meta property=\"og:image:type\" content=\"image\/jpeg\" \/>\n<meta name=\"author\" content=\"janlippke\" \/>\n<meta name=\"twitter:label1\" content=\"Verfasst von\" \/>\n\t<meta name=\"twitter:data1\" content=\"janlippke\" \/>\n\t<meta name=\"twitter:label2\" content=\"Gesch\u00e4tzte Lesezeit\" \/>\n\t<meta name=\"twitter:data2\" content=\"1\u00a0Minute\" \/>\n<script type=\"application\/ld+json\" class=\"yoast-schema-graph\">{\"@context\":\"https:\/\/schema.org\",\"@graph\":[{\"@type\":\"WebPage\",\"@id\":\"https:\/\/www.naturparkmagazin.de\/sternberger-seenland\/pflanz-und-topftag-in-lenzen-bei-sternberg\/\",\"url\":\"https:\/\/www.naturparkmagazin.de\/sternberger-seenland\/pflanz-und-topftag-in-lenzen-bei-sternberg\/\",\"name\":\"Pflanz- und Topftag in Lenzen bei Sternberg - Naturpark Sternberger Seenland\",\"isPartOf\":{\"@id\":\"https:\/\/www.naturparkmagazin.de\/sternberger-seenland\/#website\"},\"datePublished\":\"2018-04-12T09:39:05+00:00\",\"dateModified\":\"2018-04-24T11:45:47+00:00\",\"author\":{\"@id\":\"https:\/\/www.naturparkmagazin.de\/sternberger-seenland\/#\/schema\/person\/712a5f470a8c286777fddf77babba74a\"},\"breadcrumb\":{\"@id\":\"https:\/\/www.naturparkmagazin.de\/sternberger-seenland\/pflanz-und-topftag-in-lenzen-bei-sternberg\/#breadcrumb\"},\"inLanguage\":\"de\",\"potentialAction\":[{\"@type\":\"ReadAction\",\"target\":[\"https:\/\/www.naturparkmagazin.de\/sternberger-seenland\/pflanz-und-topftag-in-lenzen-bei-sternberg\/\"]}]},{\"@type\":\"BreadcrumbList\",\"@id\":\"https:\/\/www.naturparkmagazin.de\/sternberger-seenland\/pflanz-und-topftag-in-lenzen-bei-sternberg\/#breadcrumb\",\"itemListElement\":[{\"@type\":\"ListItem\",\"position\":1,\"name\":\"Home\",\"item\":\"https:\/\/www.naturparkmagazin.de\/sternberger-seenland\/\"},{\"@type\":\"ListItem\",\"position\":2,\"name\":\"Pflanz- und Topftag in Lenzen bei Sternberg\"}]},{\"@type\":\"WebSite\",\"@id\":\"https:\/\/www.naturparkmagazin.de\/sternberger-seenland\/#website\",\"url\":\"https:\/\/www.naturparkmagazin.de\/sternberger-seenland\/\",\"name\":\"Naturpark Sternberger Seenland\",\"description\":\"\",\"potentialAction\":[{\"@type\":\"SearchAction\",\"target\":{\"@type\":\"EntryPoint\",\"urlTemplate\":\"https:\/\/www.naturparkmagazin.de\/sternberger-seenland\/?s={search_term_string}\"},\"query-input\":\"required name=search_term_string\"}],\"inLanguage\":\"de\"},{\"@type\":\"Person\",\"@id\":\"https:\/\/www.naturparkmagazin.de\/sternberger-seenland\/#\/schema\/person\/712a5f470a8c286777fddf77babba74a\",\"name\":\"janlippke\",\"sameAs\":[\"http:\/\/www.naturpark-sternberger-seenland.de\"],\"url\":\"https:\/\/www.naturparkmagazin.de\/sternberger-seenland\/author\/janlippke\/\"}]}<\/script>\n<!-- \/ Yoast SEO plugin. -->","yoast_head_json":{"title":"Pflanz- und Topftag in Lenzen bei Sternberg - Naturpark Sternberger Seenland","robots":{"index":"index","follow":"follow","max-snippet":"max-snippet:-1","max-image-preview":"max-image-preview:large","max-video-preview":"max-video-preview:-1"},"canonical":"https:\/\/www.naturparkmagazin.de\/sternberger-seenland\/pflanz-und-topftag-in-lenzen-bei-sternberg\/","og_locale":"de_DE","og_type":"article","og_title":"Pflanz- und Topftag in Lenzen bei Sternberg - Naturpark Sternberger Seenland","og_description":"Am 01. Mai erwartet die Besucher in Lenzen bei Sternberg wieder ein buntes Treiben beim Pflanz- und Topfmarkt, bei dem es viel zu sehen und zu erleben geben wird.","og_url":"https:\/\/www.naturparkmagazin.de\/sternberger-seenland\/pflanz-und-topftag-in-lenzen-bei-sternberg\/","og_site_name":"Naturpark Sternberger Seenland","article_published_time":"2018-04-12T09:39:05+00:00","article_modified_time":"2018-04-24T11:45:47+00:00","og_image":[{"width":500,"height":300,"url":"https:\/\/www.naturparkmagazin.de\/sternberger-seenland\/wp-content\/uploads\/sites\/30\/Lenzen-1.Mai_.jpg","type":"image\/jpeg"}],"author":"janlippke","twitter_misc":{"Verfasst von":"janlippke","Gesch\u00e4tzte Lesezeit":"1\u00a0Minute"},"schema":{"@context":"https:\/\/schema.org","@graph":[{"@type":"WebPage","@id":"https:\/\/www.naturparkmagazin.de\/sternberger-seenland\/pflanz-und-topftag-in-lenzen-bei-sternberg\/","url":"https:\/\/www.naturparkmagazin.de\/sternberger-seenland\/pflanz-und-topftag-in-lenzen-bei-sternberg\/","name":"Pflanz- und Topftag in Lenzen bei Sternberg - Naturpark Sternberger Seenland","isPartOf":{"@id":"https:\/\/www.naturparkmagazin.de\/sternberger-seenland\/#website"},"datePublished":"2018-04-12T09:39:05+00:00","dateModified":"2018-04-24T11:45:47+00:00","author":{"@id":"https:\/\/www.naturparkmagazin.de\/sternberger-seenland\/#\/schema\/person\/712a5f470a8c286777fddf77babba74a"},"breadcrumb":{"@id":"https:\/\/www.naturparkmagazin.de\/sternberger-seenland\/pflanz-und-topftag-in-lenzen-bei-sternberg\/#breadcrumb"},"inLanguage":"de","potentialAction":[{"@type":"ReadAction","target":["https:\/\/www.naturparkmagazin.de\/sternberger-seenland\/pflanz-und-topftag-in-lenzen-bei-sternberg\/"]}]},{"@type":"BreadcrumbList","@id":"https:\/\/www.naturparkmagazin.de\/sternberger-seenland\/pflanz-und-topftag-in-lenzen-bei-sternberg\/#breadcrumb","itemListElement":[{"@type":"ListItem","position":1,"name":"Home","item":"https:\/\/www.naturparkmagazin.de\/sternberger-seenland\/"},{"@type":"ListItem","position":2,"name":"Pflanz- und Topftag in Lenzen bei Sternberg"}]},{"@type":"WebSite","@id":"https:\/\/www.naturparkmagazin.de\/sternberger-seenland\/#website","url":"https:\/\/www.naturparkmagazin.de\/sternberger-seenland\/","name":"Naturpark Sternberger Seenland","description":"","potentialAction":[{"@type":"SearchAction","target":{"@type":"EntryPoint","urlTemplate":"https:\/\/www.naturparkmagazin.de\/sternberger-seenland\/?s={search_term_string}"},"query-input":"required name=search_term_string"}],"inLanguage":"de"},{"@type":"Person","@id":"https:\/\/www.naturparkmagazin.de\/sternberger-seenland\/#\/schema\/person\/712a5f470a8c286777fddf77babba74a","name":"janlippke","sameAs":["http:\/\/www.naturpark-sternberger-seenland.de"],"url":"https:\/\/www.naturparkmagazin.de\/sternberger-seenland\/author\/janlippke\/"}]}},"_links":{"self":[{"href":"https:\/\/www.naturparkmagazin.de\/sternberger-seenland\/wp-json\/wp\/v2\/posts\/1709"}],"collection":[{"href":"https:\/\/www.naturparkmagazin.de\/sternberger-seenland\/wp-json\/wp\/v2\/posts"}],"about":[{"href":"https:\/\/www.naturparkmagazin.de\/sternberger-seenland\/wp-json\/wp\/v2\/types\/post"}],"author":[{"embeddable":true,"href":"https:\/\/www.naturparkmagazin.de\/sternberger-seenland\/wp-json\/wp\/v2\/users\/27"}],"replies":[{"embeddable":true,"href":"https:\/\/www.naturparkmagazin.de\/sternberger-seenland\/wp-json\/wp\/v2\/comments?post=1709"}],"version-history":[{"count":3,"href":"https:\/\/www.naturparkmagazin.de\/sternberger-seenland\/wp-json\/wp\/v2\/posts\/1709\/revisions"}],"predecessor-version":[{"id":1737,"href":"https:\/\/www.naturparkmagazin.de\/sternberger-seenland\/wp-json\/wp\/v2\/posts\/1709\/revisions\/1737"}],"wp:featuredmedia":[{"embeddable":true,"href":"https:\/\/www.naturparkmagazin.de\/sternberger-seenland\/wp-json\/wp\/v2\/media\/1431"}],"wp:attachment":[{"href":"https:\/\/www.naturparkmagazin.de\/sternberger-seenland\/wp-json\/wp\/v2\/media?parent=1709"}],"wp:term":[{"taxonomy":"category","embeddable":true,"href":"https:\/\/www.naturparkmagazin.de\/sternberger-seenland\/wp-json\/wp\/v2\/categories?post=1709"},{"taxonomy":"post_tag","embeddable":true,"href":"https:\/\/www.naturparkmagazin.de\/sternberger-seenland\/wp-json\/wp\/v2\/tags?post=1709"}],"curies":[{"name":"wp","href":"https:\/\/api.w.org\/{rel}","templated":true}]}}