{"id":1831,"date":"2018-07-11T15:34:26","date_gmt":"2018-07-11T13:34:26","guid":{"rendered":"https:\/\/www.naturparkmagazin.de\/sternberger-seenland\/?p=1831"},"modified":"2018-07-24T17:02:26","modified_gmt":"2018-07-24T15:02:26","slug":"foej-stelle-ab-september-noch-nicht-besetzt-interessenten-gesucht","status":"publish","type":"post","link":"https:\/\/www.naturparkmagazin.de\/sternberger-seenland\/foej-stelle-ab-september-noch-nicht-besetzt-interessenten-gesucht\/","title":{"rendered":"F\u00d6J-Stelle ab September noch nicht besetzt &#8211; Interessenten gesucht!"},"content":{"rendered":"<p>Der Naturpark Sternberger Seenland ist seit vielen Jahren anerkannte Einsatzstelle f\u00fcr das freiwillige \u00f6kologische Jahr (F\u00d6J). Wir hatten in den vergangenen Jahren immer wieder sehr interessierte Jugendliche, die nach der Schule oder auch nach dem Studium noch etwas Orientierung brauchten, bevor sie sich dann f\u00fcr einen bestimmten beruflichen Werdegang entschieden haben. Ab September w\u00e4re die F\u00d6J-Stelle im Naturpark Sternberger Seenland wieder neu zu besetzen, leider hat sich bisher bei uns und auch beim Tr\u00e4ger niemand gemeldet, der ein Jahr lang die Naturparkarbeit kennen lernen m\u00f6chte.<\/p>\n<p>Interessenten k\u00f6nnen sich noch <span style=\"text-decoration: underline;\">kurzfristig<\/span> direkt beim Naturpark oder auch beim Tr\u00e4ger, dem\u00a0Jugendwerk Aufbau Ost JAO gGmbH melden.<\/p>\n<p>F\u00d6J-Regionalb\u00fcro der JAO gGmbH, Neuer Markt 21, 17192 Waren (M\u00fcritz), Telefon: 0 39 91 \/ 66 38 88\u00a0\u00a0\u00a0\u00a0\u00a0\u00a0\u00a0 Fax: 03991 \/ 6749646<\/p>\n<p>E-Mail:\u00a0 <a href=\"mailto:fabian.foej@jao-berlin.de\">fabian.foej@jao-berlin.de<\/a> , <a href=\"http:\/\/www.foej-jao.de\/\">www.foej-jao.de<\/a><\/p>\n<div id=\"attachment_916\" style=\"width: 510px\" class=\"wp-caption alignnone\"><a href=\"https:\/\/www.naturparkmagazin.de\/sternberger-seenland\/wp-content\/uploads\/sites\/30\/Jolanda.jpg\"><img aria-describedby=\"caption-attachment-916\" decoding=\"async\" loading=\"lazy\" class=\"size-full wp-image-916\" src=\"https:\/\/www.naturparkmagazin.de\/sternberger-seenland\/wp-content\/uploads\/sites\/30\/Jolanda.jpg\" alt=\"Jolanda, unsere F\u00d6J-lerin 2015\/2016\" width=\"500\" height=\"300\" srcset=\"https:\/\/www.naturparkmagazin.de\/sternberger-seenland\/wp-content\/uploads\/sites\/30\/Jolanda.jpg 500w, https:\/\/www.naturparkmagazin.de\/sternberger-seenland\/wp-content\/uploads\/sites\/30\/Jolanda-300x180.jpg 300w, https:\/\/www.naturparkmagazin.de\/sternberger-seenland\/wp-content\/uploads\/sites\/30\/Jolanda-200x120.jpg 200w\" sizes=\"(max-width: 500px) 100vw, 500px\" \/><\/a><p id=\"caption-attachment-916\" class=\"wp-caption-text\">Jolanda, unsere F\u00d6J-lerin 2015\/2016<\/p><\/div>\n<p>&nbsp;<\/p>\n","protected":false},"excerpt":{"rendered":"<p>Gesucht sind interessierte Jugendliche, die nach der Schule oder auch nach dem Studium noch etwas Orientierung brauchten, bevor sie sich dann f\u00fcr einen bestimmten beruflichen Werdegang entscheiden <\/p>\n","protected":false},"author":27,"featured_media":585,"comment_status":"open","ping_status":"open","sticky":false,"template":"","format":"standard","meta":[],"categories":[7],"tags":[],"yoast_head":"<!-- This site is optimized with the Yoast SEO plugin v19.10 - https:\/\/yoast.com\/wordpress\/plugins\/seo\/ -->\n<title>F\u00d6J-Stelle ab September noch nicht besetzt - Interessenten gesucht! - Naturpark Sternberger Seenland<\/title>\n<meta name=\"robots\" content=\"index, follow, max-snippet:-1, max-image-preview:large, max-video-preview:-1\" \/>\n<link rel=\"canonical\" href=\"https:\/\/www.naturparkmagazin.de\/sternberger-seenland\/foej-stelle-ab-september-noch-nicht-besetzt-interessenten-gesucht\/\" \/>\n<meta property=\"og:locale\" content=\"de_DE\" \/>\n<meta property=\"og:type\" content=\"article\" \/>\n<meta property=\"og:title\" content=\"F\u00d6J-Stelle ab September noch nicht besetzt - Interessenten gesucht! - Naturpark Sternberger Seenland\" \/>\n<meta property=\"og:description\" content=\"Gesucht sind interessierte Jugendliche, die nach der Schule oder auch nach dem Studium noch etwas Orientierung brauchten, bevor sie sich dann f\u00fcr einen bestimmten beruflichen Werdegang entscheiden\" \/>\n<meta property=\"og:url\" content=\"https:\/\/www.naturparkmagazin.de\/sternberger-seenland\/foej-stelle-ab-september-noch-nicht-besetzt-interessenten-gesucht\/\" \/>\n<meta property=\"og:site_name\" content=\"Naturpark Sternberger Seenland\" \/>\n<meta property=\"article:published_time\" content=\"2018-07-11T13:34:26+00:00\" \/>\n<meta property=\"article:modified_time\" content=\"2018-07-24T15:02:26+00:00\" \/>\n<meta property=\"og:image\" content=\"https:\/\/www.naturparkmagazin.de\/sternberger-seenland\/wp-content\/uploads\/sites\/30\/Friederike.jpg\" \/>\n\t<meta property=\"og:image:width\" content=\"501\" \/>\n\t<meta property=\"og:image:height\" content=\"303\" \/>\n\t<meta property=\"og:image:type\" content=\"image\/jpeg\" \/>\n<meta name=\"author\" content=\"janlippke\" \/>\n<meta name=\"twitter:label1\" content=\"Verfasst von\" \/>\n\t<meta name=\"twitter:data1\" content=\"janlippke\" \/>\n\t<meta name=\"twitter:label2\" content=\"Gesch\u00e4tzte Lesezeit\" \/>\n\t<meta name=\"twitter:data2\" content=\"1\u00a0Minute\" \/>\n<script type=\"application\/ld+json\" class=\"yoast-schema-graph\">{\"@context\":\"https:\/\/schema.org\",\"@graph\":[{\"@type\":\"WebPage\",\"@id\":\"https:\/\/www.naturparkmagazin.de\/sternberger-seenland\/foej-stelle-ab-september-noch-nicht-besetzt-interessenten-gesucht\/\",\"url\":\"https:\/\/www.naturparkmagazin.de\/sternberger-seenland\/foej-stelle-ab-september-noch-nicht-besetzt-interessenten-gesucht\/\",\"name\":\"F\u00d6J-Stelle ab September noch nicht besetzt - Interessenten gesucht! - Naturpark Sternberger Seenland\",\"isPartOf\":{\"@id\":\"https:\/\/www.naturparkmagazin.de\/sternberger-seenland\/#website\"},\"datePublished\":\"2018-07-11T13:34:26+00:00\",\"dateModified\":\"2018-07-24T15:02:26+00:00\",\"author\":{\"@id\":\"https:\/\/www.naturparkmagazin.de\/sternberger-seenland\/#\/schema\/person\/712a5f470a8c286777fddf77babba74a\"},\"breadcrumb\":{\"@id\":\"https:\/\/www.naturparkmagazin.de\/sternberger-seenland\/foej-stelle-ab-september-noch-nicht-besetzt-interessenten-gesucht\/#breadcrumb\"},\"inLanguage\":\"de\",\"potentialAction\":[{\"@type\":\"ReadAction\",\"target\":[\"https:\/\/www.naturparkmagazin.de\/sternberger-seenland\/foej-stelle-ab-september-noch-nicht-besetzt-interessenten-gesucht\/\"]}]},{\"@type\":\"BreadcrumbList\",\"@id\":\"https:\/\/www.naturparkmagazin.de\/sternberger-seenland\/foej-stelle-ab-september-noch-nicht-besetzt-interessenten-gesucht\/#breadcrumb\",\"itemListElement\":[{\"@type\":\"ListItem\",\"position\":1,\"name\":\"Home\",\"item\":\"https:\/\/www.naturparkmagazin.de\/sternberger-seenland\/\"},{\"@type\":\"ListItem\",\"position\":2,\"name\":\"F\u00d6J-Stelle ab September noch nicht besetzt &#8211; Interessenten gesucht!\"}]},{\"@type\":\"WebSite\",\"@id\":\"https:\/\/www.naturparkmagazin.de\/sternberger-seenland\/#website\",\"url\":\"https:\/\/www.naturparkmagazin.de\/sternberger-seenland\/\",\"name\":\"Naturpark Sternberger Seenland\",\"description\":\"\",\"potentialAction\":[{\"@type\":\"SearchAction\",\"target\":{\"@type\":\"EntryPoint\",\"urlTemplate\":\"https:\/\/www.naturparkmagazin.de\/sternberger-seenland\/?s={search_term_string}\"},\"query-input\":\"required name=search_term_string\"}],\"inLanguage\":\"de\"},{\"@type\":\"Person\",\"@id\":\"https:\/\/www.naturparkmagazin.de\/sternberger-seenland\/#\/schema\/person\/712a5f470a8c286777fddf77babba74a\",\"name\":\"janlippke\",\"sameAs\":[\"http:\/\/www.naturpark-sternberger-seenland.de\"],\"url\":\"https:\/\/www.naturparkmagazin.de\/sternberger-seenland\/author\/janlippke\/\"}]}<\/script>\n<!-- \/ Yoast SEO plugin. -->","yoast_head_json":{"title":"F\u00d6J-Stelle ab September noch nicht besetzt - Interessenten gesucht! - Naturpark Sternberger Seenland","robots":{"index":"index","follow":"follow","max-snippet":"max-snippet:-1","max-image-preview":"max-image-preview:large","max-video-preview":"max-video-preview:-1"},"canonical":"https:\/\/www.naturparkmagazin.de\/sternberger-seenland\/foej-stelle-ab-september-noch-nicht-besetzt-interessenten-gesucht\/","og_locale":"de_DE","og_type":"article","og_title":"F\u00d6J-Stelle ab September noch nicht besetzt - Interessenten gesucht! - Naturpark Sternberger Seenland","og_description":"Gesucht sind interessierte Jugendliche, die nach der Schule oder auch nach dem Studium noch etwas Orientierung brauchten, bevor sie sich dann f\u00fcr einen bestimmten beruflichen Werdegang entscheiden","og_url":"https:\/\/www.naturparkmagazin.de\/sternberger-seenland\/foej-stelle-ab-september-noch-nicht-besetzt-interessenten-gesucht\/","og_site_name":"Naturpark Sternberger Seenland","article_published_time":"2018-07-11T13:34:26+00:00","article_modified_time":"2018-07-24T15:02:26+00:00","og_image":[{"width":501,"height":303,"url":"https:\/\/www.naturparkmagazin.de\/sternberger-seenland\/wp-content\/uploads\/sites\/30\/Friederike.jpg","type":"image\/jpeg"}],"author":"janlippke","twitter_misc":{"Verfasst von":"janlippke","Gesch\u00e4tzte Lesezeit":"1\u00a0Minute"},"schema":{"@context":"https:\/\/schema.org","@graph":[{"@type":"WebPage","@id":"https:\/\/www.naturparkmagazin.de\/sternberger-seenland\/foej-stelle-ab-september-noch-nicht-besetzt-interessenten-gesucht\/","url":"https:\/\/www.naturparkmagazin.de\/sternberger-seenland\/foej-stelle-ab-september-noch-nicht-besetzt-interessenten-gesucht\/","name":"F\u00d6J-Stelle ab September noch nicht besetzt - Interessenten gesucht! - Naturpark Sternberger Seenland","isPartOf":{"@id":"https:\/\/www.naturparkmagazin.de\/sternberger-seenland\/#website"},"datePublished":"2018-07-11T13:34:26+00:00","dateModified":"2018-07-24T15:02:26+00:00","author":{"@id":"https:\/\/www.naturparkmagazin.de\/sternberger-seenland\/#\/schema\/person\/712a5f470a8c286777fddf77babba74a"},"breadcrumb":{"@id":"https:\/\/www.naturparkmagazin.de\/sternberger-seenland\/foej-stelle-ab-september-noch-nicht-besetzt-interessenten-gesucht\/#breadcrumb"},"inLanguage":"de","potentialAction":[{"@type":"ReadAction","target":["https:\/\/www.naturparkmagazin.de\/sternberger-seenland\/foej-stelle-ab-september-noch-nicht-besetzt-interessenten-gesucht\/"]}]},{"@type":"BreadcrumbList","@id":"https:\/\/www.naturparkmagazin.de\/sternberger-seenland\/foej-stelle-ab-september-noch-nicht-besetzt-interessenten-gesucht\/#breadcrumb","itemListElement":[{"@type":"ListItem","position":1,"name":"Home","item":"https:\/\/www.naturparkmagazin.de\/sternberger-seenland\/"},{"@type":"ListItem","position":2,"name":"F\u00d6J-Stelle ab September noch nicht besetzt &#8211; Interessenten gesucht!"}]},{"@type":"WebSite","@id":"https:\/\/www.naturparkmagazin.de\/sternberger-seenland\/#website","url":"https:\/\/www.naturparkmagazin.de\/sternberger-seenland\/","name":"Naturpark Sternberger Seenland","description":"","potentialAction":[{"@type":"SearchAction","target":{"@type":"EntryPoint","urlTemplate":"https:\/\/www.naturparkmagazin.de\/sternberger-seenland\/?s={search_term_string}"},"query-input":"required name=search_term_string"}],"inLanguage":"de"},{"@type":"Person","@id":"https:\/\/www.naturparkmagazin.de\/sternberger-seenland\/#\/schema\/person\/712a5f470a8c286777fddf77babba74a","name":"janlippke","sameAs":["http:\/\/www.naturpark-sternberger-seenland.de"],"url":"https:\/\/www.naturparkmagazin.de\/sternberger-seenland\/author\/janlippke\/"}]}},"_links":{"self":[{"href":"https:\/\/www.naturparkmagazin.de\/sternberger-seenland\/wp-json\/wp\/v2\/posts\/1831"}],"collection":[{"href":"https:\/\/www.naturparkmagazin.de\/sternberger-seenland\/wp-json\/wp\/v2\/posts"}],"about":[{"href":"https:\/\/www.naturparkmagazin.de\/sternberger-seenland\/wp-json\/wp\/v2\/types\/post"}],"author":[{"embeddable":true,"href":"https:\/\/www.naturparkmagazin.de\/sternberger-seenland\/wp-json\/wp\/v2\/users\/27"}],"replies":[{"embeddable":true,"href":"https:\/\/www.naturparkmagazin.de\/sternberger-seenland\/wp-json\/wp\/v2\/comments?post=1831"}],"version-history":[{"count":3,"href":"https:\/\/www.naturparkmagazin.de\/sternberger-seenland\/wp-json\/wp\/v2\/posts\/1831\/revisions"}],"predecessor-version":[{"id":1862,"href":"https:\/\/www.naturparkmagazin.de\/sternberger-seenland\/wp-json\/wp\/v2\/posts\/1831\/revisions\/1862"}],"wp:featuredmedia":[{"embeddable":true,"href":"https:\/\/www.naturparkmagazin.de\/sternberger-seenland\/wp-json\/wp\/v2\/media\/585"}],"wp:attachment":[{"href":"https:\/\/www.naturparkmagazin.de\/sternberger-seenland\/wp-json\/wp\/v2\/media?parent=1831"}],"wp:term":[{"taxonomy":"category","embeddable":true,"href":"https:\/\/www.naturparkmagazin.de\/sternberger-seenland\/wp-json\/wp\/v2\/categories?post=1831"},{"taxonomy":"post_tag","embeddable":true,"href":"https:\/\/www.naturparkmagazin.de\/sternberger-seenland\/wp-json\/wp\/v2\/tags?post=1831"}],"curies":[{"name":"wp","href":"https:\/\/api.w.org\/{rel}","templated":true}]}}