{"id":1900,"date":"2018-09-14T08:32:50","date_gmt":"2018-09-14T06:32:50","guid":{"rendered":"https:\/\/www.naturparkmagazin.de\/sternberger-seenland\/?p=1900"},"modified":"2018-09-25T13:49:13","modified_gmt":"2018-09-25T11:49:13","slug":"neue-foto-ausstellung-im-naturparkzentrum","status":"publish","type":"post","link":"https:\/\/www.naturparkmagazin.de\/sternberger-seenland\/neue-foto-ausstellung-im-naturparkzentrum\/","title":{"rendered":"Neue Foto-Ausstellung im Naturparkzentrum"},"content":{"rendered":"<p>Unter dem Titel \u201eInterim\u201c zeigen Bob van der Wilt und Birgit Engel verschiedene Fotografien vom Gel\u00e4nde der ehemaligen Ziegelei in Blankenberg. Die Fotos sind Anfang der 2000er Jahre entstanden. Die Fotografen interessierte vor allem das Gel\u00e4nde und die Bauten durch die Gr\u00f6\u00dfe und die Architektur. Auch wie es aussieht, wenn so ein Gel\u00e4nde aufgegeben und abgeschrieben ist. Alte Industriegel\u00e4nde, auf denen viele Jahre oder Jahrzehnte gearbeitet wurden, besitzen immer eine besondere Ausstrahlung.<\/p>\n<p>Die Rhythmik der Geb\u00e4ude f\u00fcr den Fotografen koppelt an die Perkussion f\u00fcr Birgit Engel als Musikerin- wie klingt es darin, Ger\u00e4usche, Hall, Improvisation.<\/p>\n<p>Bob van der Wilt kommt aus Bilthoven in den Niederlanden, er fotografiert seit seinem 12.Lebensjahr. Er hat eine Vorliebe f\u00fcr Fotografie, die immer auch vom Alltag erz\u00e4hlt.<\/p>\n<p>Birgit Engel wohnt seit 28 Jahren in Fahren, kommt urspr\u00fcnglich aus Magdeburg und ist freiberufliche Perkussionistin.<\/p>\n<p>Zu besichtigen ist die Ausstellung noch bis zum 30. Oktober zu den regul\u00e4ren \u00d6ffnungszeiten des Naturparkzentrums. Im September ist montags bis samstags von 10 bis 17 Uhr ge\u00f6ffnet, im Oktober montags bis freitags von 10 bis 16 Uhr. (An Feiertagen geschlossen).<\/p>\n<div id=\"attachment_1901\" style=\"width: 510px\" class=\"wp-caption alignnone\"><a href=\"https:\/\/www.naturparkmagazin.de\/sternberger-seenland\/wp-content\/uploads\/sites\/30\/Blankenberg_Interim.jpg\"><img aria-describedby=\"caption-attachment-1901\" decoding=\"async\" loading=\"lazy\" class=\"size-full wp-image-1901\" src=\"https:\/\/www.naturparkmagazin.de\/sternberger-seenland\/wp-content\/uploads\/sites\/30\/Blankenberg_Interim.jpg\" alt=\"Gel\u00e4nde der alten Ziegelei in Blankenberg (um 2000)\" width=\"500\" height=\"300\" srcset=\"https:\/\/www.naturparkmagazin.de\/sternberger-seenland\/wp-content\/uploads\/sites\/30\/Blankenberg_Interim.jpg 500w, https:\/\/www.naturparkmagazin.de\/sternberger-seenland\/wp-content\/uploads\/sites\/30\/Blankenberg_Interim-300x180.jpg 300w, https:\/\/www.naturparkmagazin.de\/sternberger-seenland\/wp-content\/uploads\/sites\/30\/Blankenberg_Interim-200x120.jpg 200w\" sizes=\"(max-width: 500px) 100vw, 500px\" \/><\/a><p id=\"caption-attachment-1901\" class=\"wp-caption-text\">Gel\u00e4nde der alten Ziegelei in Blankenberg (um 2000)<\/p><\/div>\n<p>&nbsp;<\/p>\n<p>&nbsp;<\/p>\n","protected":false},"excerpt":{"rendered":"<p>Unter dem Titel \u201eInterim\u201c zeigen Bob van der Wilt und Birgit Engel verschiedene Fotografien vom Gel\u00e4nde der ehemaligen Ziegelei in Blankenberg. Die Fotos sind Anfang der 2000er Jahre entstanden.<\/p>\n","protected":false},"author":27,"featured_media":1902,"comment_status":"open","ping_status":"open","sticky":false,"template":"","format":"standard","meta":[],"categories":[7],"tags":[],"yoast_head":"<!-- This site is optimized with the Yoast SEO plugin v19.10 - https:\/\/yoast.com\/wordpress\/plugins\/seo\/ -->\n<title>Neue Foto-Ausstellung im Naturparkzentrum - Naturpark Sternberger Seenland<\/title>\n<meta name=\"robots\" content=\"index, follow, max-snippet:-1, max-image-preview:large, max-video-preview:-1\" \/>\n<link rel=\"canonical\" href=\"https:\/\/www.naturparkmagazin.de\/sternberger-seenland\/neue-foto-ausstellung-im-naturparkzentrum\/\" \/>\n<meta property=\"og:locale\" content=\"de_DE\" \/>\n<meta property=\"og:type\" content=\"article\" \/>\n<meta property=\"og:title\" content=\"Neue Foto-Ausstellung im Naturparkzentrum - Naturpark Sternberger Seenland\" \/>\n<meta property=\"og:description\" content=\"Unter dem Titel \u201eInterim\u201c zeigen Bob van der Wilt und Birgit Engel verschiedene Fotografien vom Gel\u00e4nde der ehemaligen Ziegelei in Blankenberg. Die Fotos sind Anfang der 2000er Jahre entstanden.\" \/>\n<meta property=\"og:url\" content=\"https:\/\/www.naturparkmagazin.de\/sternberger-seenland\/neue-foto-ausstellung-im-naturparkzentrum\/\" \/>\n<meta property=\"og:site_name\" content=\"Naturpark Sternberger Seenland\" \/>\n<meta property=\"article:published_time\" content=\"2018-09-14T06:32:50+00:00\" \/>\n<meta property=\"article:modified_time\" content=\"2018-09-25T11:49:13+00:00\" \/>\n<meta property=\"og:image\" content=\"https:\/\/www.naturparkmagazin.de\/sternberger-seenland\/wp-content\/uploads\/sites\/30\/Blankenberg_Interim2.jpg\" \/>\n\t<meta property=\"og:image:width\" content=\"500\" \/>\n\t<meta property=\"og:image:height\" content=\"300\" \/>\n\t<meta property=\"og:image:type\" content=\"image\/jpeg\" \/>\n<meta name=\"author\" content=\"janlippke\" \/>\n<meta name=\"twitter:label1\" content=\"Verfasst von\" \/>\n\t<meta name=\"twitter:data1\" content=\"janlippke\" \/>\n\t<meta name=\"twitter:label2\" content=\"Gesch\u00e4tzte Lesezeit\" \/>\n\t<meta name=\"twitter:data2\" content=\"1\u00a0Minute\" \/>\n<script type=\"application\/ld+json\" class=\"yoast-schema-graph\">{\"@context\":\"https:\/\/schema.org\",\"@graph\":[{\"@type\":\"WebPage\",\"@id\":\"https:\/\/www.naturparkmagazin.de\/sternberger-seenland\/neue-foto-ausstellung-im-naturparkzentrum\/\",\"url\":\"https:\/\/www.naturparkmagazin.de\/sternberger-seenland\/neue-foto-ausstellung-im-naturparkzentrum\/\",\"name\":\"Neue Foto-Ausstellung im Naturparkzentrum - Naturpark Sternberger Seenland\",\"isPartOf\":{\"@id\":\"https:\/\/www.naturparkmagazin.de\/sternberger-seenland\/#website\"},\"datePublished\":\"2018-09-14T06:32:50+00:00\",\"dateModified\":\"2018-09-25T11:49:13+00:00\",\"author\":{\"@id\":\"https:\/\/www.naturparkmagazin.de\/sternberger-seenland\/#\/schema\/person\/712a5f470a8c286777fddf77babba74a\"},\"breadcrumb\":{\"@id\":\"https:\/\/www.naturparkmagazin.de\/sternberger-seenland\/neue-foto-ausstellung-im-naturparkzentrum\/#breadcrumb\"},\"inLanguage\":\"de\",\"potentialAction\":[{\"@type\":\"ReadAction\",\"target\":[\"https:\/\/www.naturparkmagazin.de\/sternberger-seenland\/neue-foto-ausstellung-im-naturparkzentrum\/\"]}]},{\"@type\":\"BreadcrumbList\",\"@id\":\"https:\/\/www.naturparkmagazin.de\/sternberger-seenland\/neue-foto-ausstellung-im-naturparkzentrum\/#breadcrumb\",\"itemListElement\":[{\"@type\":\"ListItem\",\"position\":1,\"name\":\"Home\",\"item\":\"https:\/\/www.naturparkmagazin.de\/sternberger-seenland\/\"},{\"@type\":\"ListItem\",\"position\":2,\"name\":\"Neue Foto-Ausstellung im Naturparkzentrum\"}]},{\"@type\":\"WebSite\",\"@id\":\"https:\/\/www.naturparkmagazin.de\/sternberger-seenland\/#website\",\"url\":\"https:\/\/www.naturparkmagazin.de\/sternberger-seenland\/\",\"name\":\"Naturpark Sternberger Seenland\",\"description\":\"\",\"potentialAction\":[{\"@type\":\"SearchAction\",\"target\":{\"@type\":\"EntryPoint\",\"urlTemplate\":\"https:\/\/www.naturparkmagazin.de\/sternberger-seenland\/?s={search_term_string}\"},\"query-input\":\"required name=search_term_string\"}],\"inLanguage\":\"de\"},{\"@type\":\"Person\",\"@id\":\"https:\/\/www.naturparkmagazin.de\/sternberger-seenland\/#\/schema\/person\/712a5f470a8c286777fddf77babba74a\",\"name\":\"janlippke\",\"sameAs\":[\"http:\/\/www.naturpark-sternberger-seenland.de\"],\"url\":\"https:\/\/www.naturparkmagazin.de\/sternberger-seenland\/author\/janlippke\/\"}]}<\/script>\n<!-- \/ Yoast SEO plugin. -->","yoast_head_json":{"title":"Neue Foto-Ausstellung im Naturparkzentrum - Naturpark Sternberger Seenland","robots":{"index":"index","follow":"follow","max-snippet":"max-snippet:-1","max-image-preview":"max-image-preview:large","max-video-preview":"max-video-preview:-1"},"canonical":"https:\/\/www.naturparkmagazin.de\/sternberger-seenland\/neue-foto-ausstellung-im-naturparkzentrum\/","og_locale":"de_DE","og_type":"article","og_title":"Neue Foto-Ausstellung im Naturparkzentrum - Naturpark Sternberger Seenland","og_description":"Unter dem Titel \u201eInterim\u201c zeigen Bob van der Wilt und Birgit Engel verschiedene Fotografien vom Gel\u00e4nde der ehemaligen Ziegelei in Blankenberg. Die Fotos sind Anfang der 2000er Jahre entstanden.","og_url":"https:\/\/www.naturparkmagazin.de\/sternberger-seenland\/neue-foto-ausstellung-im-naturparkzentrum\/","og_site_name":"Naturpark Sternberger Seenland","article_published_time":"2018-09-14T06:32:50+00:00","article_modified_time":"2018-09-25T11:49:13+00:00","og_image":[{"width":500,"height":300,"url":"https:\/\/www.naturparkmagazin.de\/sternberger-seenland\/wp-content\/uploads\/sites\/30\/Blankenberg_Interim2.jpg","type":"image\/jpeg"}],"author":"janlippke","twitter_misc":{"Verfasst von":"janlippke","Gesch\u00e4tzte Lesezeit":"1\u00a0Minute"},"schema":{"@context":"https:\/\/schema.org","@graph":[{"@type":"WebPage","@id":"https:\/\/www.naturparkmagazin.de\/sternberger-seenland\/neue-foto-ausstellung-im-naturparkzentrum\/","url":"https:\/\/www.naturparkmagazin.de\/sternberger-seenland\/neue-foto-ausstellung-im-naturparkzentrum\/","name":"Neue Foto-Ausstellung im Naturparkzentrum - Naturpark Sternberger Seenland","isPartOf":{"@id":"https:\/\/www.naturparkmagazin.de\/sternberger-seenland\/#website"},"datePublished":"2018-09-14T06:32:50+00:00","dateModified":"2018-09-25T11:49:13+00:00","author":{"@id":"https:\/\/www.naturparkmagazin.de\/sternberger-seenland\/#\/schema\/person\/712a5f470a8c286777fddf77babba74a"},"breadcrumb":{"@id":"https:\/\/www.naturparkmagazin.de\/sternberger-seenland\/neue-foto-ausstellung-im-naturparkzentrum\/#breadcrumb"},"inLanguage":"de","potentialAction":[{"@type":"ReadAction","target":["https:\/\/www.naturparkmagazin.de\/sternberger-seenland\/neue-foto-ausstellung-im-naturparkzentrum\/"]}]},{"@type":"BreadcrumbList","@id":"https:\/\/www.naturparkmagazin.de\/sternberger-seenland\/neue-foto-ausstellung-im-naturparkzentrum\/#breadcrumb","itemListElement":[{"@type":"ListItem","position":1,"name":"Home","item":"https:\/\/www.naturparkmagazin.de\/sternberger-seenland\/"},{"@type":"ListItem","position":2,"name":"Neue Foto-Ausstellung im Naturparkzentrum"}]},{"@type":"WebSite","@id":"https:\/\/www.naturparkmagazin.de\/sternberger-seenland\/#website","url":"https:\/\/www.naturparkmagazin.de\/sternberger-seenland\/","name":"Naturpark Sternberger Seenland","description":"","potentialAction":[{"@type":"SearchAction","target":{"@type":"EntryPoint","urlTemplate":"https:\/\/www.naturparkmagazin.de\/sternberger-seenland\/?s={search_term_string}"},"query-input":"required name=search_term_string"}],"inLanguage":"de"},{"@type":"Person","@id":"https:\/\/www.naturparkmagazin.de\/sternberger-seenland\/#\/schema\/person\/712a5f470a8c286777fddf77babba74a","name":"janlippke","sameAs":["http:\/\/www.naturpark-sternberger-seenland.de"],"url":"https:\/\/www.naturparkmagazin.de\/sternberger-seenland\/author\/janlippke\/"}]}},"_links":{"self":[{"href":"https:\/\/www.naturparkmagazin.de\/sternberger-seenland\/wp-json\/wp\/v2\/posts\/1900"}],"collection":[{"href":"https:\/\/www.naturparkmagazin.de\/sternberger-seenland\/wp-json\/wp\/v2\/posts"}],"about":[{"href":"https:\/\/www.naturparkmagazin.de\/sternberger-seenland\/wp-json\/wp\/v2\/types\/post"}],"author":[{"embeddable":true,"href":"https:\/\/www.naturparkmagazin.de\/sternberger-seenland\/wp-json\/wp\/v2\/users\/27"}],"replies":[{"embeddable":true,"href":"https:\/\/www.naturparkmagazin.de\/sternberger-seenland\/wp-json\/wp\/v2\/comments?post=1900"}],"version-history":[{"count":2,"href":"https:\/\/www.naturparkmagazin.de\/sternberger-seenland\/wp-json\/wp\/v2\/posts\/1900\/revisions"}],"predecessor-version":[{"id":1905,"href":"https:\/\/www.naturparkmagazin.de\/sternberger-seenland\/wp-json\/wp\/v2\/posts\/1900\/revisions\/1905"}],"wp:featuredmedia":[{"embeddable":true,"href":"https:\/\/www.naturparkmagazin.de\/sternberger-seenland\/wp-json\/wp\/v2\/media\/1902"}],"wp:attachment":[{"href":"https:\/\/www.naturparkmagazin.de\/sternberger-seenland\/wp-json\/wp\/v2\/media?parent=1900"}],"wp:term":[{"taxonomy":"category","embeddable":true,"href":"https:\/\/www.naturparkmagazin.de\/sternberger-seenland\/wp-json\/wp\/v2\/categories?post=1900"},{"taxonomy":"post_tag","embeddable":true,"href":"https:\/\/www.naturparkmagazin.de\/sternberger-seenland\/wp-json\/wp\/v2\/tags?post=1900"}],"curies":[{"name":"wp","href":"https:\/\/api.w.org\/{rel}","templated":true}]}}