{"id":1989,"date":"2019-02-12T14:12:37","date_gmt":"2019-02-12T13:12:37","guid":{"rendered":"https:\/\/www.naturparkmagazin.de\/sternberger-seenland\/?p=1989"},"modified":"2019-02-12T14:12:37","modified_gmt":"2019-02-12T13:12:37","slug":"obstbaumschnittseminar-im-naturpark-2","status":"publish","type":"post","link":"https:\/\/www.naturparkmagazin.de\/sternberger-seenland\/obstbaumschnittseminar-im-naturpark-2\/","title":{"rendered":"Obstbaumschnittseminar im Naturpark"},"content":{"rendered":"<p>Die Naturparkverwaltung des Naturparks Sternberger Seenland bietet auch in diesem Jahr wieder ein Obstbaumschnittseminar an.<\/p>\n<p>Lassen Sie sich vom G\u00e4rtnermeister Thomas Franiel aus Crivitz den fachgerechten Obstschnitt erkl\u00e4ren. Anhand eines Vortrages und praktischen Vorf\u00fchrungen wird gezeigt, wie der Fachmann Obstgeh\u00f6lze schneidet. Danach kann unter Anleitung selbst Hand angelegt werden, um das Erlernte in der Praxis zu \u00fcben.<\/p>\n<p>Die Veranstaltung findet am <b>02. M\u00e4rz 2019<\/b> von <b>09:00 Uhr bis ca. 15:00 Uhr in Warin im Naturparkzentrum<\/b> statt.<\/p>\n<p>Da die Teilnehmerzahl auf 25 bis 30 Personen begrenzt ist, wird um rechtzeitige Voranmeldung gebeten. Ein Anmeldeformular kann unter <a href=\"http:\/\/www.naturpark-sternberger-seenland.de\">www.naturpark-sternberger-seenland.de<\/a> in der Rubrik Veranstaltungen heruntergeladen werden. Anmeldungen sind aber auch telefonisch unter 038482 \/ 23527-0 oder per Fax unter 038482 \/ 23527-20 in der Naturparkverwaltung in Warin bis zum 25.02.2019 m\u00f6glich.<\/p>\n<p>Die Teilnahmegeb\u00fchr betr\u00e4gt 30 \u20ac und ist direkt vor Ort an Herrn Franiel zu entrichten. Ein kleiner Imbiss f\u00fcr die Mittagspause ist in der Teilnahmegeb\u00fchr enthalten.<\/p>\n<p>Vorab bereits ein gro\u00dfes Dankesch\u00f6n an Familie Kunert und die Kirchgemeinde Warin, die den Pfarrgarten f\u00fcr die praktischen \u00dcbungen und die Vorf\u00fchrung der Schnitttechnik zur Verf\u00fcgung stellt und damit einen wesentlichen Beitrag zum Gelingen des Seminars leistet.<\/p>\n<div id=\"attachment_1991\" style=\"width: 310px\" class=\"wp-caption alignnone\"><a href=\"https:\/\/www.naturparkmagazin.de\/sternberger-seenland\/wp-content\/uploads\/sites\/30\/Obstschnittseminar-2018_1.jpg\"><img aria-describedby=\"caption-attachment-1991\" decoding=\"async\" loading=\"lazy\" class=\"size-full wp-image-1991\" src=\"https:\/\/www.naturparkmagazin.de\/sternberger-seenland\/wp-content\/uploads\/sites\/30\/Obstschnittseminar-2018_1.jpg\" alt=\"Obstschnittseminar 2018\" width=\"300\" height=\"500\" srcset=\"https:\/\/www.naturparkmagazin.de\/sternberger-seenland\/wp-content\/uploads\/sites\/30\/Obstschnittseminar-2018_1.jpg 300w, https:\/\/www.naturparkmagazin.de\/sternberger-seenland\/wp-content\/uploads\/sites\/30\/Obstschnittseminar-2018_1-200x333.jpg 200w\" sizes=\"(max-width: 300px) 100vw, 300px\" \/><\/a><p id=\"caption-attachment-1991\" class=\"wp-caption-text\">Obstschnittseminar 2018<\/p><\/div>\n<div id=\"attachment_1992\" style=\"width: 510px\" class=\"wp-caption alignnone\"><a href=\"https:\/\/www.naturparkmagazin.de\/sternberger-seenland\/wp-content\/uploads\/sites\/30\/Obstschnittseminar-2018_2.jpg\"><img aria-describedby=\"caption-attachment-1992\" decoding=\"async\" loading=\"lazy\" class=\"size-full wp-image-1992\" src=\"https:\/\/www.naturparkmagazin.de\/sternberger-seenland\/wp-content\/uploads\/sites\/30\/Obstschnittseminar-2018_2.jpg\" alt=\"Obstschnittseminar 2018\" width=\"500\" height=\"300\" srcset=\"https:\/\/www.naturparkmagazin.de\/sternberger-seenland\/wp-content\/uploads\/sites\/30\/Obstschnittseminar-2018_2.jpg 500w, https:\/\/www.naturparkmagazin.de\/sternberger-seenland\/wp-content\/uploads\/sites\/30\/Obstschnittseminar-2018_2-300x180.jpg 300w, https:\/\/www.naturparkmagazin.de\/sternberger-seenland\/wp-content\/uploads\/sites\/30\/Obstschnittseminar-2018_2-200x120.jpg 200w\" sizes=\"(max-width: 500px) 100vw, 500px\" \/><\/a><p id=\"caption-attachment-1992\" class=\"wp-caption-text\">Obstschnittseminar 2018<\/p><\/div>\n","protected":false},"excerpt":{"rendered":"<p>Die Naturparkverwaltung des Naturparks Sternberger Seenland bietet auch in diesem Jahr wieder ein Obstbaumschnittseminar an. Lassen Sie sich vom G\u00e4rtnermeister Thomas Franiel aus Crivitz den fachgerechten Obstschnitt erkl\u00e4ren. Anhand eines Vortrages und praktischen Vorf\u00fchrungen wird gezeigt, wie der Fachmann Obstgeh\u00f6lze schneidet. Danach kann unter Anleitung selbst Hand angelegt werden, um das Erlernte in der Praxis<\/p>\n","protected":false},"author":27,"featured_media":1064,"comment_status":"open","ping_status":"open","sticky":false,"template":"","format":"standard","meta":[],"categories":[11],"tags":[],"yoast_head":"<!-- This site is optimized with the Yoast SEO plugin v19.10 - https:\/\/yoast.com\/wordpress\/plugins\/seo\/ -->\n<title>Obstbaumschnittseminar im Naturpark - Naturpark Sternberger Seenland<\/title>\n<meta name=\"robots\" content=\"index, follow, max-snippet:-1, max-image-preview:large, max-video-preview:-1\" \/>\n<link rel=\"canonical\" href=\"https:\/\/www.naturparkmagazin.de\/sternberger-seenland\/obstbaumschnittseminar-im-naturpark-2\/\" \/>\n<meta property=\"og:locale\" content=\"de_DE\" \/>\n<meta property=\"og:type\" content=\"article\" \/>\n<meta property=\"og:title\" content=\"Obstbaumschnittseminar im Naturpark - Naturpark Sternberger Seenland\" \/>\n<meta property=\"og:description\" content=\"Die Naturparkverwaltung des Naturparks Sternberger Seenland bietet auch in diesem Jahr wieder ein Obstbaumschnittseminar an. Lassen Sie sich vom G\u00e4rtnermeister Thomas Franiel aus Crivitz den fachgerechten Obstschnitt erkl\u00e4ren. Anhand eines Vortrages und praktischen Vorf\u00fchrungen wird gezeigt, wie der Fachmann Obstgeh\u00f6lze schneidet. Danach kann unter Anleitung selbst Hand angelegt werden, um das Erlernte in der Praxis\" \/>\n<meta property=\"og:url\" content=\"https:\/\/www.naturparkmagazin.de\/sternberger-seenland\/obstbaumschnittseminar-im-naturpark-2\/\" \/>\n<meta property=\"og:site_name\" content=\"Naturpark Sternberger Seenland\" \/>\n<meta property=\"article:published_time\" content=\"2019-02-12T13:12:37+00:00\" \/>\n<meta property=\"og:image\" content=\"https:\/\/www.naturparkmagazin.de\/sternberger-seenland\/wp-content\/uploads\/sites\/30\/Obstschnitt_2015_1.jpg\" \/>\n\t<meta property=\"og:image:width\" content=\"500\" \/>\n\t<meta property=\"og:image:height\" content=\"300\" \/>\n\t<meta property=\"og:image:type\" content=\"image\/jpeg\" \/>\n<meta name=\"author\" content=\"janlippke\" \/>\n<meta name=\"twitter:label1\" content=\"Verfasst von\" \/>\n\t<meta name=\"twitter:data1\" content=\"janlippke\" \/>\n\t<meta name=\"twitter:label2\" content=\"Gesch\u00e4tzte Lesezeit\" \/>\n\t<meta name=\"twitter:data2\" content=\"1\u00a0Minute\" \/>\n<script type=\"application\/ld+json\" class=\"yoast-schema-graph\">{\"@context\":\"https:\/\/schema.org\",\"@graph\":[{\"@type\":\"WebPage\",\"@id\":\"https:\/\/www.naturparkmagazin.de\/sternberger-seenland\/obstbaumschnittseminar-im-naturpark-2\/\",\"url\":\"https:\/\/www.naturparkmagazin.de\/sternberger-seenland\/obstbaumschnittseminar-im-naturpark-2\/\",\"name\":\"Obstbaumschnittseminar im Naturpark - Naturpark Sternberger Seenland\",\"isPartOf\":{\"@id\":\"https:\/\/www.naturparkmagazin.de\/sternberger-seenland\/#website\"},\"datePublished\":\"2019-02-12T13:12:37+00:00\",\"dateModified\":\"2019-02-12T13:12:37+00:00\",\"author\":{\"@id\":\"https:\/\/www.naturparkmagazin.de\/sternberger-seenland\/#\/schema\/person\/712a5f470a8c286777fddf77babba74a\"},\"breadcrumb\":{\"@id\":\"https:\/\/www.naturparkmagazin.de\/sternberger-seenland\/obstbaumschnittseminar-im-naturpark-2\/#breadcrumb\"},\"inLanguage\":\"de\",\"potentialAction\":[{\"@type\":\"ReadAction\",\"target\":[\"https:\/\/www.naturparkmagazin.de\/sternberger-seenland\/obstbaumschnittseminar-im-naturpark-2\/\"]}]},{\"@type\":\"BreadcrumbList\",\"@id\":\"https:\/\/www.naturparkmagazin.de\/sternberger-seenland\/obstbaumschnittseminar-im-naturpark-2\/#breadcrumb\",\"itemListElement\":[{\"@type\":\"ListItem\",\"position\":1,\"name\":\"Home\",\"item\":\"https:\/\/www.naturparkmagazin.de\/sternberger-seenland\/\"},{\"@type\":\"ListItem\",\"position\":2,\"name\":\"Obstbaumschnittseminar im Naturpark\"}]},{\"@type\":\"WebSite\",\"@id\":\"https:\/\/www.naturparkmagazin.de\/sternberger-seenland\/#website\",\"url\":\"https:\/\/www.naturparkmagazin.de\/sternberger-seenland\/\",\"name\":\"Naturpark Sternberger Seenland\",\"description\":\"\",\"potentialAction\":[{\"@type\":\"SearchAction\",\"target\":{\"@type\":\"EntryPoint\",\"urlTemplate\":\"https:\/\/www.naturparkmagazin.de\/sternberger-seenland\/?s={search_term_string}\"},\"query-input\":\"required name=search_term_string\"}],\"inLanguage\":\"de\"},{\"@type\":\"Person\",\"@id\":\"https:\/\/www.naturparkmagazin.de\/sternberger-seenland\/#\/schema\/person\/712a5f470a8c286777fddf77babba74a\",\"name\":\"janlippke\",\"sameAs\":[\"http:\/\/www.naturpark-sternberger-seenland.de\"],\"url\":\"https:\/\/www.naturparkmagazin.de\/sternberger-seenland\/author\/janlippke\/\"}]}<\/script>\n<!-- \/ Yoast SEO plugin. -->","yoast_head_json":{"title":"Obstbaumschnittseminar im Naturpark - Naturpark Sternberger Seenland","robots":{"index":"index","follow":"follow","max-snippet":"max-snippet:-1","max-image-preview":"max-image-preview:large","max-video-preview":"max-video-preview:-1"},"canonical":"https:\/\/www.naturparkmagazin.de\/sternberger-seenland\/obstbaumschnittseminar-im-naturpark-2\/","og_locale":"de_DE","og_type":"article","og_title":"Obstbaumschnittseminar im Naturpark - Naturpark Sternberger Seenland","og_description":"Die Naturparkverwaltung des Naturparks Sternberger Seenland bietet auch in diesem Jahr wieder ein Obstbaumschnittseminar an. Lassen Sie sich vom G\u00e4rtnermeister Thomas Franiel aus Crivitz den fachgerechten Obstschnitt erkl\u00e4ren. Anhand eines Vortrages und praktischen Vorf\u00fchrungen wird gezeigt, wie der Fachmann Obstgeh\u00f6lze schneidet. Danach kann unter Anleitung selbst Hand angelegt werden, um das Erlernte in der Praxis","og_url":"https:\/\/www.naturparkmagazin.de\/sternberger-seenland\/obstbaumschnittseminar-im-naturpark-2\/","og_site_name":"Naturpark Sternberger Seenland","article_published_time":"2019-02-12T13:12:37+00:00","og_image":[{"width":500,"height":300,"url":"https:\/\/www.naturparkmagazin.de\/sternberger-seenland\/wp-content\/uploads\/sites\/30\/Obstschnitt_2015_1.jpg","type":"image\/jpeg"}],"author":"janlippke","twitter_misc":{"Verfasst von":"janlippke","Gesch\u00e4tzte Lesezeit":"1\u00a0Minute"},"schema":{"@context":"https:\/\/schema.org","@graph":[{"@type":"WebPage","@id":"https:\/\/www.naturparkmagazin.de\/sternberger-seenland\/obstbaumschnittseminar-im-naturpark-2\/","url":"https:\/\/www.naturparkmagazin.de\/sternberger-seenland\/obstbaumschnittseminar-im-naturpark-2\/","name":"Obstbaumschnittseminar im Naturpark - Naturpark Sternberger Seenland","isPartOf":{"@id":"https:\/\/www.naturparkmagazin.de\/sternberger-seenland\/#website"},"datePublished":"2019-02-12T13:12:37+00:00","dateModified":"2019-02-12T13:12:37+00:00","author":{"@id":"https:\/\/www.naturparkmagazin.de\/sternberger-seenland\/#\/schema\/person\/712a5f470a8c286777fddf77babba74a"},"breadcrumb":{"@id":"https:\/\/www.naturparkmagazin.de\/sternberger-seenland\/obstbaumschnittseminar-im-naturpark-2\/#breadcrumb"},"inLanguage":"de","potentialAction":[{"@type":"ReadAction","target":["https:\/\/www.naturparkmagazin.de\/sternberger-seenland\/obstbaumschnittseminar-im-naturpark-2\/"]}]},{"@type":"BreadcrumbList","@id":"https:\/\/www.naturparkmagazin.de\/sternberger-seenland\/obstbaumschnittseminar-im-naturpark-2\/#breadcrumb","itemListElement":[{"@type":"ListItem","position":1,"name":"Home","item":"https:\/\/www.naturparkmagazin.de\/sternberger-seenland\/"},{"@type":"ListItem","position":2,"name":"Obstbaumschnittseminar im Naturpark"}]},{"@type":"WebSite","@id":"https:\/\/www.naturparkmagazin.de\/sternberger-seenland\/#website","url":"https:\/\/www.naturparkmagazin.de\/sternberger-seenland\/","name":"Naturpark Sternberger Seenland","description":"","potentialAction":[{"@type":"SearchAction","target":{"@type":"EntryPoint","urlTemplate":"https:\/\/www.naturparkmagazin.de\/sternberger-seenland\/?s={search_term_string}"},"query-input":"required name=search_term_string"}],"inLanguage":"de"},{"@type":"Person","@id":"https:\/\/www.naturparkmagazin.de\/sternberger-seenland\/#\/schema\/person\/712a5f470a8c286777fddf77babba74a","name":"janlippke","sameAs":["http:\/\/www.naturpark-sternberger-seenland.de"],"url":"https:\/\/www.naturparkmagazin.de\/sternberger-seenland\/author\/janlippke\/"}]}},"_links":{"self":[{"href":"https:\/\/www.naturparkmagazin.de\/sternberger-seenland\/wp-json\/wp\/v2\/posts\/1989"}],"collection":[{"href":"https:\/\/www.naturparkmagazin.de\/sternberger-seenland\/wp-json\/wp\/v2\/posts"}],"about":[{"href":"https:\/\/www.naturparkmagazin.de\/sternberger-seenland\/wp-json\/wp\/v2\/types\/post"}],"author":[{"embeddable":true,"href":"https:\/\/www.naturparkmagazin.de\/sternberger-seenland\/wp-json\/wp\/v2\/users\/27"}],"replies":[{"embeddable":true,"href":"https:\/\/www.naturparkmagazin.de\/sternberger-seenland\/wp-json\/wp\/v2\/comments?post=1989"}],"version-history":[{"count":2,"href":"https:\/\/www.naturparkmagazin.de\/sternberger-seenland\/wp-json\/wp\/v2\/posts\/1989\/revisions"}],"predecessor-version":[{"id":1993,"href":"https:\/\/www.naturparkmagazin.de\/sternberger-seenland\/wp-json\/wp\/v2\/posts\/1989\/revisions\/1993"}],"wp:featuredmedia":[{"embeddable":true,"href":"https:\/\/www.naturparkmagazin.de\/sternberger-seenland\/wp-json\/wp\/v2\/media\/1064"}],"wp:attachment":[{"href":"https:\/\/www.naturparkmagazin.de\/sternberger-seenland\/wp-json\/wp\/v2\/media?parent=1989"}],"wp:term":[{"taxonomy":"category","embeddable":true,"href":"https:\/\/www.naturparkmagazin.de\/sternberger-seenland\/wp-json\/wp\/v2\/categories?post=1989"},{"taxonomy":"post_tag","embeddable":true,"href":"https:\/\/www.naturparkmagazin.de\/sternberger-seenland\/wp-json\/wp\/v2\/tags?post=1989"}],"curies":[{"name":"wp","href":"https:\/\/api.w.org\/{rel}","templated":true}]}}