{"id":2047,"date":"2019-04-09T11:13:45","date_gmt":"2019-04-09T09:13:45","guid":{"rendered":"https:\/\/www.naturparkmagazin.de\/sternberger-seenland\/?p=2047"},"modified":"2019-04-09T11:13:45","modified_gmt":"2019-04-09T09:13:45","slug":"lenzener-pflanz-und-topftag-4","status":"publish","type":"post","link":"https:\/\/www.naturparkmagazin.de\/sternberger-seenland\/lenzener-pflanz-und-topftag-4\/","title":{"rendered":"Lenzener Pflanz- und Topftag"},"content":{"rendered":"<p>Am 01. Mai findet in Lenzen (bei Sternberg) wieder ein Pflanz- und Topftag statt. Rund um das Gutshaus wird es wieder eine bunte Auswahl an Marktst\u00e4nden geben. Ob es nun Pflanzen, Handwerkskunst oder regionale Produkte sind, es ist ganz sicher f\u00fcr jeden etwas dabei. Der Naturpark Sternberger Seenland ist wieder mit seinem Informationsstand vertreten. Hier k\u00f6nnen die kleinen Besucher sich einen Nistkasten f\u00fcr die Gartenv\u00f6gel zusammen bauen oder ihr Wissen rund um die Natur testen. F\u00fcr die Gro\u00dfen haben wir Informationen was man im Naturpark alles erleben kann. In der Zeit von 10 bis 18 Uhr erwartet die Besucher hier ein buntes Programm. F\u00fcr Essen und Trinken ist auch gesorgt, so dass man an Ort und Stelle den Feiertag gut verbringen kann.<\/p>\n<div id=\"attachment_755\" style=\"width: 510px\" class=\"wp-caption alignnone\"><a href=\"https:\/\/www.naturparkmagazin.de\/sternberger-seenland\/wp-content\/uploads\/sites\/30\/Lenzen_2014_2.jpg\"><img aria-describedby=\"caption-attachment-755\" decoding=\"async\" loading=\"lazy\" class=\"size-full wp-image-755\" src=\"https:\/\/www.naturparkmagazin.de\/sternberger-seenland\/wp-content\/uploads\/sites\/30\/Lenzen_2014_2.jpg\" alt=\"beim T\u00f6pferhof in Lenzen\" width=\"500\" height=\"300\" srcset=\"https:\/\/www.naturparkmagazin.de\/sternberger-seenland\/wp-content\/uploads\/sites\/30\/Lenzen_2014_2.jpg 500w, https:\/\/www.naturparkmagazin.de\/sternberger-seenland\/wp-content\/uploads\/sites\/30\/Lenzen_2014_2-300x180.jpg 300w, https:\/\/www.naturparkmagazin.de\/sternberger-seenland\/wp-content\/uploads\/sites\/30\/Lenzen_2014_2-200x120.jpg 200w\" sizes=\"(max-width: 500px) 100vw, 500px\" \/><\/a><p id=\"caption-attachment-755\" class=\"wp-caption-text\">beim T\u00f6pferhof in Lenzen<\/p><\/div>\n<p>&nbsp;<\/p>\n","protected":false},"excerpt":{"rendered":"<p>Am 01. Mai findet in Lenzen (bei Sternberg) wieder ein Pflanz- und Topftag statt. Rund um das Gutshaus wird es wieder eine bunte Auswahl an Marktst\u00e4nden geben. Ob es nun Pflanzen, Handwerkskunst oder regionale Produkte sind, es ist ganz sicher f\u00fcr jeden etwas dabei. Der Naturpark Sternberger Seenland ist wieder mit seinem Informationsstand vertreten. Hier<\/p>\n","protected":false},"author":27,"featured_media":1432,"comment_status":"open","ping_status":"open","sticky":false,"template":"","format":"standard","meta":[],"categories":[11],"tags":[],"yoast_head":"<!-- This site is optimized with the Yoast SEO plugin v19.10 - https:\/\/yoast.com\/wordpress\/plugins\/seo\/ -->\n<title>Lenzener Pflanz- und Topftag - Naturpark Sternberger Seenland<\/title>\n<meta name=\"robots\" content=\"index, follow, max-snippet:-1, max-image-preview:large, max-video-preview:-1\" \/>\n<link rel=\"canonical\" href=\"https:\/\/www.naturparkmagazin.de\/sternberger-seenland\/lenzener-pflanz-und-topftag-4\/\" \/>\n<meta property=\"og:locale\" content=\"de_DE\" \/>\n<meta property=\"og:type\" content=\"article\" \/>\n<meta property=\"og:title\" content=\"Lenzener Pflanz- und Topftag - Naturpark Sternberger Seenland\" \/>\n<meta property=\"og:description\" content=\"Am 01. Mai findet in Lenzen (bei Sternberg) wieder ein Pflanz- und Topftag statt. Rund um das Gutshaus wird es wieder eine bunte Auswahl an Marktst\u00e4nden geben. Ob es nun Pflanzen, Handwerkskunst oder regionale Produkte sind, es ist ganz sicher f\u00fcr jeden etwas dabei. Der Naturpark Sternberger Seenland ist wieder mit seinem Informationsstand vertreten. Hier\" \/>\n<meta property=\"og:url\" content=\"https:\/\/www.naturparkmagazin.de\/sternberger-seenland\/lenzener-pflanz-und-topftag-4\/\" \/>\n<meta property=\"og:site_name\" content=\"Naturpark Sternberger Seenland\" \/>\n<meta property=\"article:published_time\" content=\"2019-04-09T09:13:45+00:00\" \/>\n<meta property=\"og:image\" content=\"https:\/\/www.naturparkmagazin.de\/sternberger-seenland\/wp-content\/uploads\/sites\/30\/Lenzen_Festplatz.jpg\" \/>\n\t<meta property=\"og:image:width\" content=\"500\" \/>\n\t<meta property=\"og:image:height\" content=\"300\" \/>\n\t<meta property=\"og:image:type\" content=\"image\/jpeg\" \/>\n<meta name=\"author\" content=\"janlippke\" \/>\n<meta name=\"twitter:label1\" content=\"Verfasst von\" \/>\n\t<meta name=\"twitter:data1\" content=\"janlippke\" \/>\n\t<meta name=\"twitter:label2\" content=\"Gesch\u00e4tzte Lesezeit\" \/>\n\t<meta name=\"twitter:data2\" content=\"1\u00a0Minute\" \/>\n<script type=\"application\/ld+json\" class=\"yoast-schema-graph\">{\"@context\":\"https:\/\/schema.org\",\"@graph\":[{\"@type\":\"WebPage\",\"@id\":\"https:\/\/www.naturparkmagazin.de\/sternberger-seenland\/lenzener-pflanz-und-topftag-4\/\",\"url\":\"https:\/\/www.naturparkmagazin.de\/sternberger-seenland\/lenzener-pflanz-und-topftag-4\/\",\"name\":\"Lenzener Pflanz- und Topftag - Naturpark Sternberger Seenland\",\"isPartOf\":{\"@id\":\"https:\/\/www.naturparkmagazin.de\/sternberger-seenland\/#website\"},\"datePublished\":\"2019-04-09T09:13:45+00:00\",\"dateModified\":\"2019-04-09T09:13:45+00:00\",\"author\":{\"@id\":\"https:\/\/www.naturparkmagazin.de\/sternberger-seenland\/#\/schema\/person\/712a5f470a8c286777fddf77babba74a\"},\"breadcrumb\":{\"@id\":\"https:\/\/www.naturparkmagazin.de\/sternberger-seenland\/lenzener-pflanz-und-topftag-4\/#breadcrumb\"},\"inLanguage\":\"de\",\"potentialAction\":[{\"@type\":\"ReadAction\",\"target\":[\"https:\/\/www.naturparkmagazin.de\/sternberger-seenland\/lenzener-pflanz-und-topftag-4\/\"]}]},{\"@type\":\"BreadcrumbList\",\"@id\":\"https:\/\/www.naturparkmagazin.de\/sternberger-seenland\/lenzener-pflanz-und-topftag-4\/#breadcrumb\",\"itemListElement\":[{\"@type\":\"ListItem\",\"position\":1,\"name\":\"Home\",\"item\":\"https:\/\/www.naturparkmagazin.de\/sternberger-seenland\/\"},{\"@type\":\"ListItem\",\"position\":2,\"name\":\"Lenzener Pflanz- und Topftag\"}]},{\"@type\":\"WebSite\",\"@id\":\"https:\/\/www.naturparkmagazin.de\/sternberger-seenland\/#website\",\"url\":\"https:\/\/www.naturparkmagazin.de\/sternberger-seenland\/\",\"name\":\"Naturpark Sternberger Seenland\",\"description\":\"\",\"potentialAction\":[{\"@type\":\"SearchAction\",\"target\":{\"@type\":\"EntryPoint\",\"urlTemplate\":\"https:\/\/www.naturparkmagazin.de\/sternberger-seenland\/?s={search_term_string}\"},\"query-input\":\"required name=search_term_string\"}],\"inLanguage\":\"de\"},{\"@type\":\"Person\",\"@id\":\"https:\/\/www.naturparkmagazin.de\/sternberger-seenland\/#\/schema\/person\/712a5f470a8c286777fddf77babba74a\",\"name\":\"janlippke\",\"sameAs\":[\"http:\/\/www.naturpark-sternberger-seenland.de\"],\"url\":\"https:\/\/www.naturparkmagazin.de\/sternberger-seenland\/author\/janlippke\/\"}]}<\/script>\n<!-- \/ Yoast SEO plugin. -->","yoast_head_json":{"title":"Lenzener Pflanz- und Topftag - Naturpark Sternberger Seenland","robots":{"index":"index","follow":"follow","max-snippet":"max-snippet:-1","max-image-preview":"max-image-preview:large","max-video-preview":"max-video-preview:-1"},"canonical":"https:\/\/www.naturparkmagazin.de\/sternberger-seenland\/lenzener-pflanz-und-topftag-4\/","og_locale":"de_DE","og_type":"article","og_title":"Lenzener Pflanz- und Topftag - Naturpark Sternberger Seenland","og_description":"Am 01. Mai findet in Lenzen (bei Sternberg) wieder ein Pflanz- und Topftag statt. Rund um das Gutshaus wird es wieder eine bunte Auswahl an Marktst\u00e4nden geben. Ob es nun Pflanzen, Handwerkskunst oder regionale Produkte sind, es ist ganz sicher f\u00fcr jeden etwas dabei. Der Naturpark Sternberger Seenland ist wieder mit seinem Informationsstand vertreten. Hier","og_url":"https:\/\/www.naturparkmagazin.de\/sternberger-seenland\/lenzener-pflanz-und-topftag-4\/","og_site_name":"Naturpark Sternberger Seenland","article_published_time":"2019-04-09T09:13:45+00:00","og_image":[{"width":500,"height":300,"url":"https:\/\/www.naturparkmagazin.de\/sternberger-seenland\/wp-content\/uploads\/sites\/30\/Lenzen_Festplatz.jpg","type":"image\/jpeg"}],"author":"janlippke","twitter_misc":{"Verfasst von":"janlippke","Gesch\u00e4tzte Lesezeit":"1\u00a0Minute"},"schema":{"@context":"https:\/\/schema.org","@graph":[{"@type":"WebPage","@id":"https:\/\/www.naturparkmagazin.de\/sternberger-seenland\/lenzener-pflanz-und-topftag-4\/","url":"https:\/\/www.naturparkmagazin.de\/sternberger-seenland\/lenzener-pflanz-und-topftag-4\/","name":"Lenzener Pflanz- und Topftag - Naturpark Sternberger Seenland","isPartOf":{"@id":"https:\/\/www.naturparkmagazin.de\/sternberger-seenland\/#website"},"datePublished":"2019-04-09T09:13:45+00:00","dateModified":"2019-04-09T09:13:45+00:00","author":{"@id":"https:\/\/www.naturparkmagazin.de\/sternberger-seenland\/#\/schema\/person\/712a5f470a8c286777fddf77babba74a"},"breadcrumb":{"@id":"https:\/\/www.naturparkmagazin.de\/sternberger-seenland\/lenzener-pflanz-und-topftag-4\/#breadcrumb"},"inLanguage":"de","potentialAction":[{"@type":"ReadAction","target":["https:\/\/www.naturparkmagazin.de\/sternberger-seenland\/lenzener-pflanz-und-topftag-4\/"]}]},{"@type":"BreadcrumbList","@id":"https:\/\/www.naturparkmagazin.de\/sternberger-seenland\/lenzener-pflanz-und-topftag-4\/#breadcrumb","itemListElement":[{"@type":"ListItem","position":1,"name":"Home","item":"https:\/\/www.naturparkmagazin.de\/sternberger-seenland\/"},{"@type":"ListItem","position":2,"name":"Lenzener Pflanz- und Topftag"}]},{"@type":"WebSite","@id":"https:\/\/www.naturparkmagazin.de\/sternberger-seenland\/#website","url":"https:\/\/www.naturparkmagazin.de\/sternberger-seenland\/","name":"Naturpark Sternberger Seenland","description":"","potentialAction":[{"@type":"SearchAction","target":{"@type":"EntryPoint","urlTemplate":"https:\/\/www.naturparkmagazin.de\/sternberger-seenland\/?s={search_term_string}"},"query-input":"required name=search_term_string"}],"inLanguage":"de"},{"@type":"Person","@id":"https:\/\/www.naturparkmagazin.de\/sternberger-seenland\/#\/schema\/person\/712a5f470a8c286777fddf77babba74a","name":"janlippke","sameAs":["http:\/\/www.naturpark-sternberger-seenland.de"],"url":"https:\/\/www.naturparkmagazin.de\/sternberger-seenland\/author\/janlippke\/"}]}},"_links":{"self":[{"href":"https:\/\/www.naturparkmagazin.de\/sternberger-seenland\/wp-json\/wp\/v2\/posts\/2047"}],"collection":[{"href":"https:\/\/www.naturparkmagazin.de\/sternberger-seenland\/wp-json\/wp\/v2\/posts"}],"about":[{"href":"https:\/\/www.naturparkmagazin.de\/sternberger-seenland\/wp-json\/wp\/v2\/types\/post"}],"author":[{"embeddable":true,"href":"https:\/\/www.naturparkmagazin.de\/sternberger-seenland\/wp-json\/wp\/v2\/users\/27"}],"replies":[{"embeddable":true,"href":"https:\/\/www.naturparkmagazin.de\/sternberger-seenland\/wp-json\/wp\/v2\/comments?post=2047"}],"version-history":[{"count":2,"href":"https:\/\/www.naturparkmagazin.de\/sternberger-seenland\/wp-json\/wp\/v2\/posts\/2047\/revisions"}],"predecessor-version":[{"id":2049,"href":"https:\/\/www.naturparkmagazin.de\/sternberger-seenland\/wp-json\/wp\/v2\/posts\/2047\/revisions\/2049"}],"wp:featuredmedia":[{"embeddable":true,"href":"https:\/\/www.naturparkmagazin.de\/sternberger-seenland\/wp-json\/wp\/v2\/media\/1432"}],"wp:attachment":[{"href":"https:\/\/www.naturparkmagazin.de\/sternberger-seenland\/wp-json\/wp\/v2\/media?parent=2047"}],"wp:term":[{"taxonomy":"category","embeddable":true,"href":"https:\/\/www.naturparkmagazin.de\/sternberger-seenland\/wp-json\/wp\/v2\/categories?post=2047"},{"taxonomy":"post_tag","embeddable":true,"href":"https:\/\/www.naturparkmagazin.de\/sternberger-seenland\/wp-json\/wp\/v2\/tags?post=2047"}],"curies":[{"name":"wp","href":"https:\/\/api.w.org\/{rel}","templated":true}]}}