{"id":2073,"date":"2019-05-14T13:41:07","date_gmt":"2019-05-14T11:41:07","guid":{"rendered":"https:\/\/www.naturparkmagazin.de\/sternberger-seenland\/?p=2073"},"modified":"2019-05-28T14:14:56","modified_gmt":"2019-05-28T12:14:56","slug":"geo-tag-der-natur-2","status":"publish","type":"post","link":"https:\/\/www.naturparkmagazin.de\/sternberger-seenland\/geo-tag-der-natur-2\/","title":{"rendered":"GEO-Tag der Natur"},"content":{"rendered":"<p>Am 15. Juni treffen sich alle, die mitmachen und vielleicht auch etwas dazu lernen wollen, um 10 Uhr vor dem Naturparkzentrum in Warin. Von dort starten wir dann mit dem PKW zu den Fl\u00e4chen, die kartiert werden sollen. Vorrangig wird es dabei um Pflanzen gehen, aber vielleicht gelingt es uns auch noch einen Entomologen f\u00fcr die Aktion zu gewinnen. Im Anschluss an die Kartierung wird es dann gegen 13:00 Uhr auf Einladung des F\u00f6rdervereins eine Bockwurst und Kaffee f\u00fcr die Aktiven im Naturparkzentrum in Warin geben.<\/p>\n<div id=\"attachment_1760\" style=\"width: 510px\" class=\"wp-caption alignnone\"><a href=\"https:\/\/www.naturparkmagazin.de\/sternberger-seenland\/wp-content\/uploads\/sites\/30\/GEO_Tag2017.jpg\"><img aria-describedby=\"caption-attachment-1760\" decoding=\"async\" loading=\"lazy\" class=\"size-full wp-image-1760\" src=\"https:\/\/www.naturparkmagazin.de\/sternberger-seenland\/wp-content\/uploads\/sites\/30\/GEO_Tag2017.jpg\" alt=\"Teilnehmer beim GEO-Tag 2017\" width=\"500\" height=\"300\" srcset=\"https:\/\/www.naturparkmagazin.de\/sternberger-seenland\/wp-content\/uploads\/sites\/30\/GEO_Tag2017.jpg 500w, https:\/\/www.naturparkmagazin.de\/sternberger-seenland\/wp-content\/uploads\/sites\/30\/GEO_Tag2017-300x180.jpg 300w, https:\/\/www.naturparkmagazin.de\/sternberger-seenland\/wp-content\/uploads\/sites\/30\/GEO_Tag2017-200x120.jpg 200w\" sizes=\"(max-width: 500px) 100vw, 500px\" \/><\/a><p id=\"caption-attachment-1760\" class=\"wp-caption-text\">Teilnehmer beim GEO-Tag 2017<\/p><\/div>\n","protected":false},"excerpt":{"rendered":"<p>Der F\u00f6rderverein Naturpark Sternberger Seenland e.V. organisiert anl\u00e4sslich des diesj\u00e4hrigen GEO-Tages der Natur eine Kartierungsaktion im Speckmoor bei Warin.<\/p>\n","protected":false},"author":27,"featured_media":1761,"comment_status":"open","ping_status":"open","sticky":false,"template":"","format":"standard","meta":[],"categories":[7],"tags":[],"yoast_head":"<!-- This site is optimized with the Yoast SEO plugin v19.10 - https:\/\/yoast.com\/wordpress\/plugins\/seo\/ -->\n<title>GEO-Tag der Natur - Naturpark Sternberger Seenland<\/title>\n<meta name=\"robots\" content=\"index, follow, max-snippet:-1, max-image-preview:large, max-video-preview:-1\" \/>\n<link rel=\"canonical\" href=\"https:\/\/www.naturparkmagazin.de\/sternberger-seenland\/geo-tag-der-natur-2\/\" \/>\n<meta property=\"og:locale\" content=\"de_DE\" \/>\n<meta property=\"og:type\" content=\"article\" \/>\n<meta property=\"og:title\" content=\"GEO-Tag der Natur - Naturpark Sternberger Seenland\" \/>\n<meta property=\"og:description\" content=\"Der F\u00f6rderverein Naturpark Sternberger Seenland e.V. organisiert anl\u00e4sslich des diesj\u00e4hrigen GEO-Tages der Natur eine Kartierungsaktion im Speckmoor bei Warin.\" \/>\n<meta property=\"og:url\" content=\"https:\/\/www.naturparkmagazin.de\/sternberger-seenland\/geo-tag-der-natur-2\/\" \/>\n<meta property=\"og:site_name\" content=\"Naturpark Sternberger Seenland\" \/>\n<meta property=\"article:published_time\" content=\"2019-05-14T11:41:07+00:00\" \/>\n<meta property=\"article:modified_time\" content=\"2019-05-28T12:14:56+00:00\" \/>\n<meta property=\"og:image\" content=\"https:\/\/www.naturparkmagazin.de\/sternberger-seenland\/wp-content\/uploads\/sites\/30\/GEO_Tag2017_2.jpg\" \/>\n\t<meta property=\"og:image:width\" content=\"500\" \/>\n\t<meta property=\"og:image:height\" content=\"300\" \/>\n\t<meta property=\"og:image:type\" content=\"image\/jpeg\" \/>\n<meta name=\"author\" content=\"janlippke\" \/>\n<meta name=\"twitter:label1\" content=\"Verfasst von\" \/>\n\t<meta name=\"twitter:data1\" content=\"janlippke\" \/>\n<script type=\"application\/ld+json\" class=\"yoast-schema-graph\">{\"@context\":\"https:\/\/schema.org\",\"@graph\":[{\"@type\":\"WebPage\",\"@id\":\"https:\/\/www.naturparkmagazin.de\/sternberger-seenland\/geo-tag-der-natur-2\/\",\"url\":\"https:\/\/www.naturparkmagazin.de\/sternberger-seenland\/geo-tag-der-natur-2\/\",\"name\":\"GEO-Tag der Natur - Naturpark Sternberger Seenland\",\"isPartOf\":{\"@id\":\"https:\/\/www.naturparkmagazin.de\/sternberger-seenland\/#website\"},\"datePublished\":\"2019-05-14T11:41:07+00:00\",\"dateModified\":\"2019-05-28T12:14:56+00:00\",\"author\":{\"@id\":\"https:\/\/www.naturparkmagazin.de\/sternberger-seenland\/#\/schema\/person\/712a5f470a8c286777fddf77babba74a\"},\"breadcrumb\":{\"@id\":\"https:\/\/www.naturparkmagazin.de\/sternberger-seenland\/geo-tag-der-natur-2\/#breadcrumb\"},\"inLanguage\":\"de\",\"potentialAction\":[{\"@type\":\"ReadAction\",\"target\":[\"https:\/\/www.naturparkmagazin.de\/sternberger-seenland\/geo-tag-der-natur-2\/\"]}]},{\"@type\":\"BreadcrumbList\",\"@id\":\"https:\/\/www.naturparkmagazin.de\/sternberger-seenland\/geo-tag-der-natur-2\/#breadcrumb\",\"itemListElement\":[{\"@type\":\"ListItem\",\"position\":1,\"name\":\"Home\",\"item\":\"https:\/\/www.naturparkmagazin.de\/sternberger-seenland\/\"},{\"@type\":\"ListItem\",\"position\":2,\"name\":\"GEO-Tag der Natur\"}]},{\"@type\":\"WebSite\",\"@id\":\"https:\/\/www.naturparkmagazin.de\/sternberger-seenland\/#website\",\"url\":\"https:\/\/www.naturparkmagazin.de\/sternberger-seenland\/\",\"name\":\"Naturpark Sternberger Seenland\",\"description\":\"\",\"potentialAction\":[{\"@type\":\"SearchAction\",\"target\":{\"@type\":\"EntryPoint\",\"urlTemplate\":\"https:\/\/www.naturparkmagazin.de\/sternberger-seenland\/?s={search_term_string}\"},\"query-input\":\"required name=search_term_string\"}],\"inLanguage\":\"de\"},{\"@type\":\"Person\",\"@id\":\"https:\/\/www.naturparkmagazin.de\/sternberger-seenland\/#\/schema\/person\/712a5f470a8c286777fddf77babba74a\",\"name\":\"janlippke\",\"sameAs\":[\"http:\/\/www.naturpark-sternberger-seenland.de\"],\"url\":\"https:\/\/www.naturparkmagazin.de\/sternberger-seenland\/author\/janlippke\/\"}]}<\/script>\n<!-- \/ Yoast SEO plugin. -->","yoast_head_json":{"title":"GEO-Tag der Natur - Naturpark Sternberger Seenland","robots":{"index":"index","follow":"follow","max-snippet":"max-snippet:-1","max-image-preview":"max-image-preview:large","max-video-preview":"max-video-preview:-1"},"canonical":"https:\/\/www.naturparkmagazin.de\/sternberger-seenland\/geo-tag-der-natur-2\/","og_locale":"de_DE","og_type":"article","og_title":"GEO-Tag der Natur - Naturpark Sternberger Seenland","og_description":"Der F\u00f6rderverein Naturpark Sternberger Seenland e.V. organisiert anl\u00e4sslich des diesj\u00e4hrigen GEO-Tages der Natur eine Kartierungsaktion im Speckmoor bei Warin.","og_url":"https:\/\/www.naturparkmagazin.de\/sternberger-seenland\/geo-tag-der-natur-2\/","og_site_name":"Naturpark Sternberger Seenland","article_published_time":"2019-05-14T11:41:07+00:00","article_modified_time":"2019-05-28T12:14:56+00:00","og_image":[{"width":500,"height":300,"url":"https:\/\/www.naturparkmagazin.de\/sternberger-seenland\/wp-content\/uploads\/sites\/30\/GEO_Tag2017_2.jpg","type":"image\/jpeg"}],"author":"janlippke","twitter_misc":{"Verfasst von":"janlippke"},"schema":{"@context":"https:\/\/schema.org","@graph":[{"@type":"WebPage","@id":"https:\/\/www.naturparkmagazin.de\/sternberger-seenland\/geo-tag-der-natur-2\/","url":"https:\/\/www.naturparkmagazin.de\/sternberger-seenland\/geo-tag-der-natur-2\/","name":"GEO-Tag der Natur - Naturpark Sternberger Seenland","isPartOf":{"@id":"https:\/\/www.naturparkmagazin.de\/sternberger-seenland\/#website"},"datePublished":"2019-05-14T11:41:07+00:00","dateModified":"2019-05-28T12:14:56+00:00","author":{"@id":"https:\/\/www.naturparkmagazin.de\/sternberger-seenland\/#\/schema\/person\/712a5f470a8c286777fddf77babba74a"},"breadcrumb":{"@id":"https:\/\/www.naturparkmagazin.de\/sternberger-seenland\/geo-tag-der-natur-2\/#breadcrumb"},"inLanguage":"de","potentialAction":[{"@type":"ReadAction","target":["https:\/\/www.naturparkmagazin.de\/sternberger-seenland\/geo-tag-der-natur-2\/"]}]},{"@type":"BreadcrumbList","@id":"https:\/\/www.naturparkmagazin.de\/sternberger-seenland\/geo-tag-der-natur-2\/#breadcrumb","itemListElement":[{"@type":"ListItem","position":1,"name":"Home","item":"https:\/\/www.naturparkmagazin.de\/sternberger-seenland\/"},{"@type":"ListItem","position":2,"name":"GEO-Tag der Natur"}]},{"@type":"WebSite","@id":"https:\/\/www.naturparkmagazin.de\/sternberger-seenland\/#website","url":"https:\/\/www.naturparkmagazin.de\/sternberger-seenland\/","name":"Naturpark Sternberger Seenland","description":"","potentialAction":[{"@type":"SearchAction","target":{"@type":"EntryPoint","urlTemplate":"https:\/\/www.naturparkmagazin.de\/sternberger-seenland\/?s={search_term_string}"},"query-input":"required name=search_term_string"}],"inLanguage":"de"},{"@type":"Person","@id":"https:\/\/www.naturparkmagazin.de\/sternberger-seenland\/#\/schema\/person\/712a5f470a8c286777fddf77babba74a","name":"janlippke","sameAs":["http:\/\/www.naturpark-sternberger-seenland.de"],"url":"https:\/\/www.naturparkmagazin.de\/sternberger-seenland\/author\/janlippke\/"}]}},"_links":{"self":[{"href":"https:\/\/www.naturparkmagazin.de\/sternberger-seenland\/wp-json\/wp\/v2\/posts\/2073"}],"collection":[{"href":"https:\/\/www.naturparkmagazin.de\/sternberger-seenland\/wp-json\/wp\/v2\/posts"}],"about":[{"href":"https:\/\/www.naturparkmagazin.de\/sternberger-seenland\/wp-json\/wp\/v2\/types\/post"}],"author":[{"embeddable":true,"href":"https:\/\/www.naturparkmagazin.de\/sternberger-seenland\/wp-json\/wp\/v2\/users\/27"}],"replies":[{"embeddable":true,"href":"https:\/\/www.naturparkmagazin.de\/sternberger-seenland\/wp-json\/wp\/v2\/comments?post=2073"}],"version-history":[{"count":3,"href":"https:\/\/www.naturparkmagazin.de\/sternberger-seenland\/wp-json\/wp\/v2\/posts\/2073\/revisions"}],"predecessor-version":[{"id":2100,"href":"https:\/\/www.naturparkmagazin.de\/sternberger-seenland\/wp-json\/wp\/v2\/posts\/2073\/revisions\/2100"}],"wp:featuredmedia":[{"embeddable":true,"href":"https:\/\/www.naturparkmagazin.de\/sternberger-seenland\/wp-json\/wp\/v2\/media\/1761"}],"wp:attachment":[{"href":"https:\/\/www.naturparkmagazin.de\/sternberger-seenland\/wp-json\/wp\/v2\/media?parent=2073"}],"wp:term":[{"taxonomy":"category","embeddable":true,"href":"https:\/\/www.naturparkmagazin.de\/sternberger-seenland\/wp-json\/wp\/v2\/categories?post=2073"},{"taxonomy":"post_tag","embeddable":true,"href":"https:\/\/www.naturparkmagazin.de\/sternberger-seenland\/wp-json\/wp\/v2\/tags?post=2073"}],"curies":[{"name":"wp","href":"https:\/\/api.w.org\/{rel}","templated":true}]}}