{"id":2085,"date":"2019-05-14T13:44:56","date_gmt":"2019-05-14T11:44:56","guid":{"rendered":"https:\/\/www.naturparkmagazin.de\/sternberger-seenland\/?p=2085"},"modified":"2019-05-29T11:37:31","modified_gmt":"2019-05-29T09:37:31","slug":"biber-und-glashuetten-wanderung-zum-glasermoor-2","status":"publish","type":"post","link":"https:\/\/www.naturparkmagazin.de\/sternberger-seenland\/biber-und-glashuetten-wanderung-zum-glasermoor-2\/","title":{"rendered":"Biber und Glash\u00fctten &#8211; Wanderung zum Glasermoor"},"content":{"rendered":"<p>Treffpunkt ist an der Bushaltestelle in der Ortsmitte. Die zertifizierte Natur- und Landschaftsf\u00fchrerin Petra Zoschnik nimmt Sie mit auf eine Wanderung durch die wundersch\u00f6ne Endmor\u00e4nenlandschaft zum Glasermoor und dort auf die Suche nach Spuren der Biber. Sie werden auch etwas erfahren \u00fcber die Glash\u00fctten, die hier in der Vergangenheit Mecklenburger Waldglas produziert haben.<\/p>\n<p>Weitere Informationen erhalten Sie unter www.petour.de oder per Telefon 0172 \/ 8912512\u00a0\u00a0\u00a0\u00a0\u00a0 e-mail: info@petour.de<\/p>\n<p>Preis: 9 \u20ac\/Erwachsener, 4,50 \u20ac\/ Kind ab 6 Jahre; Rabatte f\u00fcr Gruppen und Familien auf Anfrage m\u00f6glich<\/p>\n<div id=\"attachment_2087\" style=\"width: 510px\" class=\"wp-caption alignnone\"><a href=\"https:\/\/www.naturparkmagazin.de\/sternberger-seenland\/wp-content\/uploads\/sites\/30\/Glasermoor-0061.jpg\"><img aria-describedby=\"caption-attachment-2087\" decoding=\"async\" loading=\"lazy\" class=\"size-full wp-image-2087\" src=\"https:\/\/www.naturparkmagazin.de\/sternberger-seenland\/wp-content\/uploads\/sites\/30\/Glasermoor-0061.jpg\" alt=\"Blick ins Glasermoor\" width=\"500\" height=\"300\" srcset=\"https:\/\/www.naturparkmagazin.de\/sternberger-seenland\/wp-content\/uploads\/sites\/30\/Glasermoor-0061.jpg 500w, https:\/\/www.naturparkmagazin.de\/sternberger-seenland\/wp-content\/uploads\/sites\/30\/Glasermoor-0061-300x180.jpg 300w, https:\/\/www.naturparkmagazin.de\/sternberger-seenland\/wp-content\/uploads\/sites\/30\/Glasermoor-0061-200x120.jpg 200w\" sizes=\"(max-width: 500px) 100vw, 500px\" \/><\/a><p id=\"caption-attachment-2087\" class=\"wp-caption-text\">Blick ins Glasermoor<\/p><\/div>\n<div id=\"attachment_2089\" style=\"width: 510px\" class=\"wp-caption alignnone\"><a href=\"https:\/\/www.naturparkmagazin.de\/sternberger-seenland\/wp-content\/uploads\/sites\/30\/Glasermoor-0121.jpg\"><img aria-describedby=\"caption-attachment-2089\" decoding=\"async\" loading=\"lazy\" class=\"size-full wp-image-2089\" src=\"https:\/\/www.naturparkmagazin.de\/sternberger-seenland\/wp-content\/uploads\/sites\/30\/Glasermoor-0121.jpg\" alt=\"Glasermoor\" width=\"500\" height=\"300\" srcset=\"https:\/\/www.naturparkmagazin.de\/sternberger-seenland\/wp-content\/uploads\/sites\/30\/Glasermoor-0121.jpg 500w, https:\/\/www.naturparkmagazin.de\/sternberger-seenland\/wp-content\/uploads\/sites\/30\/Glasermoor-0121-300x180.jpg 300w, https:\/\/www.naturparkmagazin.de\/sternberger-seenland\/wp-content\/uploads\/sites\/30\/Glasermoor-0121-200x120.jpg 200w\" sizes=\"(max-width: 500px) 100vw, 500px\" \/><\/a><p id=\"caption-attachment-2089\" class=\"wp-caption-text\">Glasermoor<\/p><\/div>\n<div id=\"attachment_2090\" style=\"width: 510px\" class=\"wp-caption alignnone\"><a href=\"https:\/\/www.naturparkmagazin.de\/sternberger-seenland\/wp-content\/uploads\/sites\/30\/Glasermoor_neu.jpg\"><img aria-describedby=\"caption-attachment-2090\" decoding=\"async\" loading=\"lazy\" class=\"size-full wp-image-2090\" src=\"https:\/\/www.naturparkmagazin.de\/sternberger-seenland\/wp-content\/uploads\/sites\/30\/Glasermoor_neu.jpg\" alt=\"Biberburg Glasermoor\" width=\"500\" height=\"300\" srcset=\"https:\/\/www.naturparkmagazin.de\/sternberger-seenland\/wp-content\/uploads\/sites\/30\/Glasermoor_neu.jpg 500w, https:\/\/www.naturparkmagazin.de\/sternberger-seenland\/wp-content\/uploads\/sites\/30\/Glasermoor_neu-300x180.jpg 300w, https:\/\/www.naturparkmagazin.de\/sternberger-seenland\/wp-content\/uploads\/sites\/30\/Glasermoor_neu-200x120.jpg 200w\" sizes=\"(max-width: 500px) 100vw, 500px\" \/><\/a><p id=\"caption-attachment-2090\" class=\"wp-caption-text\">Biberburg Glasermoor<\/p><\/div>\n","protected":false},"excerpt":{"rendered":"<p>Immer am Dienstag und am Donnerstag beginnt um 10:00 Uhr in Kritzow (bei Langen Br\u00fctz) eine gef\u00fchrte ca. 3 km lange Wanderung in das Glasermoor.<\/p>\n","protected":false},"author":27,"featured_media":2088,"comment_status":"open","ping_status":"open","sticky":false,"template":"","format":"standard","meta":[],"categories":[11],"tags":[],"yoast_head":"<!-- This site is optimized with the Yoast SEO plugin v19.10 - https:\/\/yoast.com\/wordpress\/plugins\/seo\/ -->\n<title>Biber und Glash\u00fctten - Wanderung zum Glasermoor - Naturpark Sternberger Seenland<\/title>\n<meta name=\"robots\" content=\"index, follow, max-snippet:-1, max-image-preview:large, max-video-preview:-1\" \/>\n<link rel=\"canonical\" href=\"https:\/\/www.naturparkmagazin.de\/sternberger-seenland\/biber-und-glashuetten-wanderung-zum-glasermoor-2\/\" \/>\n<meta property=\"og:locale\" content=\"de_DE\" \/>\n<meta property=\"og:type\" content=\"article\" \/>\n<meta property=\"og:title\" content=\"Biber und Glash\u00fctten - Wanderung zum Glasermoor - Naturpark Sternberger Seenland\" \/>\n<meta property=\"og:description\" content=\"Immer am Dienstag und am Donnerstag beginnt um 10:00 Uhr in Kritzow (bei Langen Br\u00fctz) eine gef\u00fchrte ca. 3 km lange Wanderung in das Glasermoor.\" \/>\n<meta property=\"og:url\" content=\"https:\/\/www.naturparkmagazin.de\/sternberger-seenland\/biber-und-glashuetten-wanderung-zum-glasermoor-2\/\" \/>\n<meta property=\"og:site_name\" content=\"Naturpark Sternberger Seenland\" \/>\n<meta property=\"article:published_time\" content=\"2019-05-14T11:44:56+00:00\" \/>\n<meta property=\"article:modified_time\" content=\"2019-05-29T09:37:31+00:00\" \/>\n<meta property=\"og:image\" content=\"https:\/\/www.naturparkmagazin.de\/sternberger-seenland\/wp-content\/uploads\/sites\/30\/Glasermoor-0111.jpg\" \/>\n\t<meta property=\"og:image:width\" content=\"500\" \/>\n\t<meta property=\"og:image:height\" content=\"300\" \/>\n\t<meta property=\"og:image:type\" content=\"image\/jpeg\" \/>\n<meta name=\"author\" content=\"janlippke\" \/>\n<meta name=\"twitter:label1\" content=\"Verfasst von\" \/>\n\t<meta name=\"twitter:data1\" content=\"janlippke\" \/>\n\t<meta name=\"twitter:label2\" content=\"Gesch\u00e4tzte Lesezeit\" \/>\n\t<meta name=\"twitter:data2\" content=\"1\u00a0Minute\" \/>\n<script type=\"application\/ld+json\" class=\"yoast-schema-graph\">{\"@context\":\"https:\/\/schema.org\",\"@graph\":[{\"@type\":\"WebPage\",\"@id\":\"https:\/\/www.naturparkmagazin.de\/sternberger-seenland\/biber-und-glashuetten-wanderung-zum-glasermoor-2\/\",\"url\":\"https:\/\/www.naturparkmagazin.de\/sternberger-seenland\/biber-und-glashuetten-wanderung-zum-glasermoor-2\/\",\"name\":\"Biber und Glash\u00fctten - Wanderung zum Glasermoor - Naturpark Sternberger Seenland\",\"isPartOf\":{\"@id\":\"https:\/\/www.naturparkmagazin.de\/sternberger-seenland\/#website\"},\"datePublished\":\"2019-05-14T11:44:56+00:00\",\"dateModified\":\"2019-05-29T09:37:31+00:00\",\"author\":{\"@id\":\"https:\/\/www.naturparkmagazin.de\/sternberger-seenland\/#\/schema\/person\/712a5f470a8c286777fddf77babba74a\"},\"breadcrumb\":{\"@id\":\"https:\/\/www.naturparkmagazin.de\/sternberger-seenland\/biber-und-glashuetten-wanderung-zum-glasermoor-2\/#breadcrumb\"},\"inLanguage\":\"de\",\"potentialAction\":[{\"@type\":\"ReadAction\",\"target\":[\"https:\/\/www.naturparkmagazin.de\/sternberger-seenland\/biber-und-glashuetten-wanderung-zum-glasermoor-2\/\"]}]},{\"@type\":\"BreadcrumbList\",\"@id\":\"https:\/\/www.naturparkmagazin.de\/sternberger-seenland\/biber-und-glashuetten-wanderung-zum-glasermoor-2\/#breadcrumb\",\"itemListElement\":[{\"@type\":\"ListItem\",\"position\":1,\"name\":\"Home\",\"item\":\"https:\/\/www.naturparkmagazin.de\/sternberger-seenland\/\"},{\"@type\":\"ListItem\",\"position\":2,\"name\":\"Biber und Glash\u00fctten &#8211; Wanderung zum Glasermoor\"}]},{\"@type\":\"WebSite\",\"@id\":\"https:\/\/www.naturparkmagazin.de\/sternberger-seenland\/#website\",\"url\":\"https:\/\/www.naturparkmagazin.de\/sternberger-seenland\/\",\"name\":\"Naturpark Sternberger Seenland\",\"description\":\"\",\"potentialAction\":[{\"@type\":\"SearchAction\",\"target\":{\"@type\":\"EntryPoint\",\"urlTemplate\":\"https:\/\/www.naturparkmagazin.de\/sternberger-seenland\/?s={search_term_string}\"},\"query-input\":\"required name=search_term_string\"}],\"inLanguage\":\"de\"},{\"@type\":\"Person\",\"@id\":\"https:\/\/www.naturparkmagazin.de\/sternberger-seenland\/#\/schema\/person\/712a5f470a8c286777fddf77babba74a\",\"name\":\"janlippke\",\"sameAs\":[\"http:\/\/www.naturpark-sternberger-seenland.de\"],\"url\":\"https:\/\/www.naturparkmagazin.de\/sternberger-seenland\/author\/janlippke\/\"}]}<\/script>\n<!-- \/ Yoast SEO plugin. -->","yoast_head_json":{"title":"Biber und Glash\u00fctten - Wanderung zum Glasermoor - Naturpark Sternberger Seenland","robots":{"index":"index","follow":"follow","max-snippet":"max-snippet:-1","max-image-preview":"max-image-preview:large","max-video-preview":"max-video-preview:-1"},"canonical":"https:\/\/www.naturparkmagazin.de\/sternberger-seenland\/biber-und-glashuetten-wanderung-zum-glasermoor-2\/","og_locale":"de_DE","og_type":"article","og_title":"Biber und Glash\u00fctten - Wanderung zum Glasermoor - Naturpark Sternberger Seenland","og_description":"Immer am Dienstag und am Donnerstag beginnt um 10:00 Uhr in Kritzow (bei Langen Br\u00fctz) eine gef\u00fchrte ca. 3 km lange Wanderung in das Glasermoor.","og_url":"https:\/\/www.naturparkmagazin.de\/sternberger-seenland\/biber-und-glashuetten-wanderung-zum-glasermoor-2\/","og_site_name":"Naturpark Sternberger Seenland","article_published_time":"2019-05-14T11:44:56+00:00","article_modified_time":"2019-05-29T09:37:31+00:00","og_image":[{"width":500,"height":300,"url":"https:\/\/www.naturparkmagazin.de\/sternberger-seenland\/wp-content\/uploads\/sites\/30\/Glasermoor-0111.jpg","type":"image\/jpeg"}],"author":"janlippke","twitter_misc":{"Verfasst von":"janlippke","Gesch\u00e4tzte Lesezeit":"1\u00a0Minute"},"schema":{"@context":"https:\/\/schema.org","@graph":[{"@type":"WebPage","@id":"https:\/\/www.naturparkmagazin.de\/sternberger-seenland\/biber-und-glashuetten-wanderung-zum-glasermoor-2\/","url":"https:\/\/www.naturparkmagazin.de\/sternberger-seenland\/biber-und-glashuetten-wanderung-zum-glasermoor-2\/","name":"Biber und Glash\u00fctten - Wanderung zum Glasermoor - Naturpark Sternberger Seenland","isPartOf":{"@id":"https:\/\/www.naturparkmagazin.de\/sternberger-seenland\/#website"},"datePublished":"2019-05-14T11:44:56+00:00","dateModified":"2019-05-29T09:37:31+00:00","author":{"@id":"https:\/\/www.naturparkmagazin.de\/sternberger-seenland\/#\/schema\/person\/712a5f470a8c286777fddf77babba74a"},"breadcrumb":{"@id":"https:\/\/www.naturparkmagazin.de\/sternberger-seenland\/biber-und-glashuetten-wanderung-zum-glasermoor-2\/#breadcrumb"},"inLanguage":"de","potentialAction":[{"@type":"ReadAction","target":["https:\/\/www.naturparkmagazin.de\/sternberger-seenland\/biber-und-glashuetten-wanderung-zum-glasermoor-2\/"]}]},{"@type":"BreadcrumbList","@id":"https:\/\/www.naturparkmagazin.de\/sternberger-seenland\/biber-und-glashuetten-wanderung-zum-glasermoor-2\/#breadcrumb","itemListElement":[{"@type":"ListItem","position":1,"name":"Home","item":"https:\/\/www.naturparkmagazin.de\/sternberger-seenland\/"},{"@type":"ListItem","position":2,"name":"Biber und Glash\u00fctten &#8211; Wanderung zum Glasermoor"}]},{"@type":"WebSite","@id":"https:\/\/www.naturparkmagazin.de\/sternberger-seenland\/#website","url":"https:\/\/www.naturparkmagazin.de\/sternberger-seenland\/","name":"Naturpark Sternberger Seenland","description":"","potentialAction":[{"@type":"SearchAction","target":{"@type":"EntryPoint","urlTemplate":"https:\/\/www.naturparkmagazin.de\/sternberger-seenland\/?s={search_term_string}"},"query-input":"required name=search_term_string"}],"inLanguage":"de"},{"@type":"Person","@id":"https:\/\/www.naturparkmagazin.de\/sternberger-seenland\/#\/schema\/person\/712a5f470a8c286777fddf77babba74a","name":"janlippke","sameAs":["http:\/\/www.naturpark-sternberger-seenland.de"],"url":"https:\/\/www.naturparkmagazin.de\/sternberger-seenland\/author\/janlippke\/"}]}},"_links":{"self":[{"href":"https:\/\/www.naturparkmagazin.de\/sternberger-seenland\/wp-json\/wp\/v2\/posts\/2085"}],"collection":[{"href":"https:\/\/www.naturparkmagazin.de\/sternberger-seenland\/wp-json\/wp\/v2\/posts"}],"about":[{"href":"https:\/\/www.naturparkmagazin.de\/sternberger-seenland\/wp-json\/wp\/v2\/types\/post"}],"author":[{"embeddable":true,"href":"https:\/\/www.naturparkmagazin.de\/sternberger-seenland\/wp-json\/wp\/v2\/users\/27"}],"replies":[{"embeddable":true,"href":"https:\/\/www.naturparkmagazin.de\/sternberger-seenland\/wp-json\/wp\/v2\/comments?post=2085"}],"version-history":[{"count":4,"href":"https:\/\/www.naturparkmagazin.de\/sternberger-seenland\/wp-json\/wp\/v2\/posts\/2085\/revisions"}],"predecessor-version":[{"id":2102,"href":"https:\/\/www.naturparkmagazin.de\/sternberger-seenland\/wp-json\/wp\/v2\/posts\/2085\/revisions\/2102"}],"wp:featuredmedia":[{"embeddable":true,"href":"https:\/\/www.naturparkmagazin.de\/sternberger-seenland\/wp-json\/wp\/v2\/media\/2088"}],"wp:attachment":[{"href":"https:\/\/www.naturparkmagazin.de\/sternberger-seenland\/wp-json\/wp\/v2\/media?parent=2085"}],"wp:term":[{"taxonomy":"category","embeddable":true,"href":"https:\/\/www.naturparkmagazin.de\/sternberger-seenland\/wp-json\/wp\/v2\/categories?post=2085"},{"taxonomy":"post_tag","embeddable":true,"href":"https:\/\/www.naturparkmagazin.de\/sternberger-seenland\/wp-json\/wp\/v2\/tags?post=2085"}],"curies":[{"name":"wp","href":"https:\/\/api.w.org\/{rel}","templated":true}]}}