{"id":2128,"date":"2019-06-13T15:24:49","date_gmt":"2019-06-13T13:24:49","guid":{"rendered":"https:\/\/www.naturparkmagazin.de\/sternberger-seenland\/?p=2128"},"modified":"2019-06-27T11:33:58","modified_gmt":"2019-06-27T09:33:58","slug":"ausstellung-im-naturparkzentrum-in-der-ueberarbeitung","status":"publish","type":"post","link":"https:\/\/www.naturparkmagazin.de\/sternberger-seenland\/ausstellung-im-naturparkzentrum-in-der-ueberarbeitung\/","title":{"rendered":"Ausstellung im Naturparkzentrum in der \u00dcberarbeitung"},"content":{"rendered":"<p>Die Planungen zur \u00dcberarbeitung der Dauerausstellung im Naturparkzentrum in Warin sind gut gediehen und ab Ende Juli wird es in die Phase der Umsetzung gehen. Dazu wird es erforderlich sein, dass die vorhandene Ausstellung teilweise f\u00fcr den Besucherverkehr geschlossen wird. Die anderen Bereiche, die sich gerade nicht in der \u00dcberarbeitung befinden, werden wir weiterhin zu den gewohnten Zeiten f\u00fcr unsere Besucher \u00f6ffnen. Sofern alles gut l\u00e4uft, k\u00f6nnen wir den Besuchern Mitte bis Ende September die Ausstellung mit den \u00fcberarbeiteten Elementen pr\u00e4sentieren. Bis dahin bitten wir die Besucher um Verst\u00e4ndnis f\u00fcr die Einschr\u00e4nkungen w\u00e4hrend der Bauphase.<\/p>\n<p>\u00d6ffnungszeiten: Montag bis Samstag 10-17 Uhr<\/p>\n<div id=\"attachment_2130\" style=\"width: 510px\" class=\"wp-caption alignnone\"><a href=\"https:\/\/www.naturparkmagazin.de\/sternberger-seenland\/wp-content\/uploads\/sites\/30\/erster-Versuch.jpg\"><img aria-describedby=\"caption-attachment-2130\" decoding=\"async\" loading=\"lazy\" class=\"size-full wp-image-2130\" src=\"https:\/\/www.naturparkmagazin.de\/sternberger-seenland\/wp-content\/uploads\/sites\/30\/erster-Versuch.jpg\" alt=\"Natur-Raum\" width=\"500\" height=\"300\" srcset=\"https:\/\/www.naturparkmagazin.de\/sternberger-seenland\/wp-content\/uploads\/sites\/30\/erster-Versuch.jpg 500w, https:\/\/www.naturparkmagazin.de\/sternberger-seenland\/wp-content\/uploads\/sites\/30\/erster-Versuch-300x180.jpg 300w, https:\/\/www.naturparkmagazin.de\/sternberger-seenland\/wp-content\/uploads\/sites\/30\/erster-Versuch-200x120.jpg 200w\" sizes=\"(max-width: 500px) 100vw, 500px\" \/><\/a><p id=\"caption-attachment-2130\" class=\"wp-caption-text\">Natur-Raum<\/p><\/div>\n","protected":false},"excerpt":{"rendered":"<p>Die Planungen zur \u00dcberarbeitung der Dauerausstellung im Naturparkzentrum in Warin sind gut gediehen und ab Ende Juli wird es in die Phase der Umsetzung gehen.<\/p>\n","protected":false},"author":27,"featured_media":2131,"comment_status":"open","ping_status":"open","sticky":false,"template":"","format":"standard","meta":[],"categories":[7],"tags":[],"yoast_head":"<!-- This site is optimized with the Yoast SEO plugin v19.10 - https:\/\/yoast.com\/wordpress\/plugins\/seo\/ -->\n<title>Ausstellung im Naturparkzentrum in der \u00dcberarbeitung - Naturpark Sternberger Seenland<\/title>\n<meta name=\"robots\" content=\"index, follow, max-snippet:-1, max-image-preview:large, max-video-preview:-1\" \/>\n<link rel=\"canonical\" href=\"https:\/\/www.naturparkmagazin.de\/sternberger-seenland\/ausstellung-im-naturparkzentrum-in-der-ueberarbeitung\/\" \/>\n<meta property=\"og:locale\" content=\"de_DE\" \/>\n<meta property=\"og:type\" content=\"article\" \/>\n<meta property=\"og:title\" content=\"Ausstellung im Naturparkzentrum in der \u00dcberarbeitung - Naturpark Sternberger Seenland\" \/>\n<meta property=\"og:description\" content=\"Die Planungen zur \u00dcberarbeitung der Dauerausstellung im Naturparkzentrum in Warin sind gut gediehen und ab Ende Juli wird es in die Phase der Umsetzung gehen.\" \/>\n<meta property=\"og:url\" content=\"https:\/\/www.naturparkmagazin.de\/sternberger-seenland\/ausstellung-im-naturparkzentrum-in-der-ueberarbeitung\/\" \/>\n<meta property=\"og:site_name\" content=\"Naturpark Sternberger Seenland\" \/>\n<meta property=\"article:published_time\" content=\"2019-06-13T13:24:49+00:00\" \/>\n<meta property=\"article:modified_time\" content=\"2019-06-27T09:33:58+00:00\" \/>\n<meta property=\"og:image\" content=\"https:\/\/www.naturparkmagazin.de\/sternberger-seenland\/wp-content\/uploads\/sites\/30\/zweiterVersuch.jpg\" \/>\n\t<meta property=\"og:image:width\" content=\"300\" \/>\n\t<meta property=\"og:image:height\" content=\"500\" \/>\n\t<meta property=\"og:image:type\" content=\"image\/jpeg\" \/>\n<meta name=\"author\" content=\"janlippke\" \/>\n<meta name=\"twitter:label1\" content=\"Verfasst von\" \/>\n\t<meta name=\"twitter:data1\" content=\"janlippke\" \/>\n\t<meta name=\"twitter:label2\" content=\"Gesch\u00e4tzte Lesezeit\" \/>\n\t<meta name=\"twitter:data2\" content=\"1\u00a0Minute\" \/>\n<script type=\"application\/ld+json\" class=\"yoast-schema-graph\">{\"@context\":\"https:\/\/schema.org\",\"@graph\":[{\"@type\":\"WebPage\",\"@id\":\"https:\/\/www.naturparkmagazin.de\/sternberger-seenland\/ausstellung-im-naturparkzentrum-in-der-ueberarbeitung\/\",\"url\":\"https:\/\/www.naturparkmagazin.de\/sternberger-seenland\/ausstellung-im-naturparkzentrum-in-der-ueberarbeitung\/\",\"name\":\"Ausstellung im Naturparkzentrum in der \u00dcberarbeitung - Naturpark Sternberger Seenland\",\"isPartOf\":{\"@id\":\"https:\/\/www.naturparkmagazin.de\/sternberger-seenland\/#website\"},\"datePublished\":\"2019-06-13T13:24:49+00:00\",\"dateModified\":\"2019-06-27T09:33:58+00:00\",\"author\":{\"@id\":\"https:\/\/www.naturparkmagazin.de\/sternberger-seenland\/#\/schema\/person\/712a5f470a8c286777fddf77babba74a\"},\"breadcrumb\":{\"@id\":\"https:\/\/www.naturparkmagazin.de\/sternberger-seenland\/ausstellung-im-naturparkzentrum-in-der-ueberarbeitung\/#breadcrumb\"},\"inLanguage\":\"de\",\"potentialAction\":[{\"@type\":\"ReadAction\",\"target\":[\"https:\/\/www.naturparkmagazin.de\/sternberger-seenland\/ausstellung-im-naturparkzentrum-in-der-ueberarbeitung\/\"]}]},{\"@type\":\"BreadcrumbList\",\"@id\":\"https:\/\/www.naturparkmagazin.de\/sternberger-seenland\/ausstellung-im-naturparkzentrum-in-der-ueberarbeitung\/#breadcrumb\",\"itemListElement\":[{\"@type\":\"ListItem\",\"position\":1,\"name\":\"Home\",\"item\":\"https:\/\/www.naturparkmagazin.de\/sternberger-seenland\/\"},{\"@type\":\"ListItem\",\"position\":2,\"name\":\"Ausstellung im Naturparkzentrum in der \u00dcberarbeitung\"}]},{\"@type\":\"WebSite\",\"@id\":\"https:\/\/www.naturparkmagazin.de\/sternberger-seenland\/#website\",\"url\":\"https:\/\/www.naturparkmagazin.de\/sternberger-seenland\/\",\"name\":\"Naturpark Sternberger Seenland\",\"description\":\"\",\"potentialAction\":[{\"@type\":\"SearchAction\",\"target\":{\"@type\":\"EntryPoint\",\"urlTemplate\":\"https:\/\/www.naturparkmagazin.de\/sternberger-seenland\/?s={search_term_string}\"},\"query-input\":\"required name=search_term_string\"}],\"inLanguage\":\"de\"},{\"@type\":\"Person\",\"@id\":\"https:\/\/www.naturparkmagazin.de\/sternberger-seenland\/#\/schema\/person\/712a5f470a8c286777fddf77babba74a\",\"name\":\"janlippke\",\"sameAs\":[\"http:\/\/www.naturpark-sternberger-seenland.de\"],\"url\":\"https:\/\/www.naturparkmagazin.de\/sternberger-seenland\/author\/janlippke\/\"}]}<\/script>\n<!-- \/ Yoast SEO plugin. -->","yoast_head_json":{"title":"Ausstellung im Naturparkzentrum in der \u00dcberarbeitung - Naturpark Sternberger Seenland","robots":{"index":"index","follow":"follow","max-snippet":"max-snippet:-1","max-image-preview":"max-image-preview:large","max-video-preview":"max-video-preview:-1"},"canonical":"https:\/\/www.naturparkmagazin.de\/sternberger-seenland\/ausstellung-im-naturparkzentrum-in-der-ueberarbeitung\/","og_locale":"de_DE","og_type":"article","og_title":"Ausstellung im Naturparkzentrum in der \u00dcberarbeitung - Naturpark Sternberger Seenland","og_description":"Die Planungen zur \u00dcberarbeitung der Dauerausstellung im Naturparkzentrum in Warin sind gut gediehen und ab Ende Juli wird es in die Phase der Umsetzung gehen.","og_url":"https:\/\/www.naturparkmagazin.de\/sternberger-seenland\/ausstellung-im-naturparkzentrum-in-der-ueberarbeitung\/","og_site_name":"Naturpark Sternberger Seenland","article_published_time":"2019-06-13T13:24:49+00:00","article_modified_time":"2019-06-27T09:33:58+00:00","og_image":[{"width":300,"height":500,"url":"https:\/\/www.naturparkmagazin.de\/sternberger-seenland\/wp-content\/uploads\/sites\/30\/zweiterVersuch.jpg","type":"image\/jpeg"}],"author":"janlippke","twitter_misc":{"Verfasst von":"janlippke","Gesch\u00e4tzte Lesezeit":"1\u00a0Minute"},"schema":{"@context":"https:\/\/schema.org","@graph":[{"@type":"WebPage","@id":"https:\/\/www.naturparkmagazin.de\/sternberger-seenland\/ausstellung-im-naturparkzentrum-in-der-ueberarbeitung\/","url":"https:\/\/www.naturparkmagazin.de\/sternberger-seenland\/ausstellung-im-naturparkzentrum-in-der-ueberarbeitung\/","name":"Ausstellung im Naturparkzentrum in der \u00dcberarbeitung - Naturpark Sternberger Seenland","isPartOf":{"@id":"https:\/\/www.naturparkmagazin.de\/sternberger-seenland\/#website"},"datePublished":"2019-06-13T13:24:49+00:00","dateModified":"2019-06-27T09:33:58+00:00","author":{"@id":"https:\/\/www.naturparkmagazin.de\/sternberger-seenland\/#\/schema\/person\/712a5f470a8c286777fddf77babba74a"},"breadcrumb":{"@id":"https:\/\/www.naturparkmagazin.de\/sternberger-seenland\/ausstellung-im-naturparkzentrum-in-der-ueberarbeitung\/#breadcrumb"},"inLanguage":"de","potentialAction":[{"@type":"ReadAction","target":["https:\/\/www.naturparkmagazin.de\/sternberger-seenland\/ausstellung-im-naturparkzentrum-in-der-ueberarbeitung\/"]}]},{"@type":"BreadcrumbList","@id":"https:\/\/www.naturparkmagazin.de\/sternberger-seenland\/ausstellung-im-naturparkzentrum-in-der-ueberarbeitung\/#breadcrumb","itemListElement":[{"@type":"ListItem","position":1,"name":"Home","item":"https:\/\/www.naturparkmagazin.de\/sternberger-seenland\/"},{"@type":"ListItem","position":2,"name":"Ausstellung im Naturparkzentrum in der \u00dcberarbeitung"}]},{"@type":"WebSite","@id":"https:\/\/www.naturparkmagazin.de\/sternberger-seenland\/#website","url":"https:\/\/www.naturparkmagazin.de\/sternberger-seenland\/","name":"Naturpark Sternberger Seenland","description":"","potentialAction":[{"@type":"SearchAction","target":{"@type":"EntryPoint","urlTemplate":"https:\/\/www.naturparkmagazin.de\/sternberger-seenland\/?s={search_term_string}"},"query-input":"required name=search_term_string"}],"inLanguage":"de"},{"@type":"Person","@id":"https:\/\/www.naturparkmagazin.de\/sternberger-seenland\/#\/schema\/person\/712a5f470a8c286777fddf77babba74a","name":"janlippke","sameAs":["http:\/\/www.naturpark-sternberger-seenland.de"],"url":"https:\/\/www.naturparkmagazin.de\/sternberger-seenland\/author\/janlippke\/"}]}},"_links":{"self":[{"href":"https:\/\/www.naturparkmagazin.de\/sternberger-seenland\/wp-json\/wp\/v2\/posts\/2128"}],"collection":[{"href":"https:\/\/www.naturparkmagazin.de\/sternberger-seenland\/wp-json\/wp\/v2\/posts"}],"about":[{"href":"https:\/\/www.naturparkmagazin.de\/sternberger-seenland\/wp-json\/wp\/v2\/types\/post"}],"author":[{"embeddable":true,"href":"https:\/\/www.naturparkmagazin.de\/sternberger-seenland\/wp-json\/wp\/v2\/users\/27"}],"replies":[{"embeddable":true,"href":"https:\/\/www.naturparkmagazin.de\/sternberger-seenland\/wp-json\/wp\/v2\/comments?post=2128"}],"version-history":[{"count":5,"href":"https:\/\/www.naturparkmagazin.de\/sternberger-seenland\/wp-json\/wp\/v2\/posts\/2128\/revisions"}],"predecessor-version":[{"id":2136,"href":"https:\/\/www.naturparkmagazin.de\/sternberger-seenland\/wp-json\/wp\/v2\/posts\/2128\/revisions\/2136"}],"wp:featuredmedia":[{"embeddable":true,"href":"https:\/\/www.naturparkmagazin.de\/sternberger-seenland\/wp-json\/wp\/v2\/media\/2131"}],"wp:attachment":[{"href":"https:\/\/www.naturparkmagazin.de\/sternberger-seenland\/wp-json\/wp\/v2\/media?parent=2128"}],"wp:term":[{"taxonomy":"category","embeddable":true,"href":"https:\/\/www.naturparkmagazin.de\/sternberger-seenland\/wp-json\/wp\/v2\/categories?post=2128"},{"taxonomy":"post_tag","embeddable":true,"href":"https:\/\/www.naturparkmagazin.de\/sternberger-seenland\/wp-json\/wp\/v2\/tags?post=2128"}],"curies":[{"name":"wp","href":"https:\/\/api.w.org\/{rel}","templated":true}]}}