{"id":2188,"date":"2019-09-12T11:26:14","date_gmt":"2019-09-12T09:26:14","guid":{"rendered":"https:\/\/www.naturparkmagazin.de\/sternberger-seenland\/?p=2188"},"modified":"2019-09-12T11:26:14","modified_gmt":"2019-09-12T09:26:14","slug":"biber-und-glashuetten-wanderung-zum-glasermoor-4","status":"publish","type":"post","link":"https:\/\/www.naturparkmagazin.de\/sternberger-seenland\/biber-und-glashuetten-wanderung-zum-glasermoor-4\/","title":{"rendered":"Biber und Glash\u00fctten &#8211; Wanderung zum Glasermoor"},"content":{"rendered":"<div id=\"main\">\n<div id=\"container\" class=\"clearfix\">\n<div id=\"content\" class=\"single\">\n<div id=\"item-2085\" class=\"post-2085 post type-post status-publish format-standard has-post-thumbnail hentry category-veranstaltungen item clearfix has-thumbnail\">\n<div class=\"item-inner\">\n<div class=\"item-main\">\n<div class=\"item-content\">\n<p>Noch bis zum 31. Oktober findet immer am Dienstag und am Donnerstag\u00a0 um 10:00 Uhr in Kritzow (bei Langen Br\u00fctz) eine gef\u00fchrte ca. 3 km lange Wanderung in das Glasermoor statt. Treffpunkt ist an der Bushaltestelle in der Ortsmitte. Die zertifizierte Natur- und Landschaftsf\u00fchrerin Petra Zoschnik nimmt Sie mit auf eine Wanderung durch die wundersch\u00f6ne herbstliche Endmor\u00e4nenlandschaft zum Glasermoor und dort auf die Suche nach Spuren der Biber. Sie werden auch etwas erfahren \u00fcber die Glash\u00fctten, die hier in der Vergangenheit Mecklenburger Waldglas produziert haben. Weitere Informationen erhalten Sie unter www.petour.de oder per Telefon 0172 \/ 8912512\u00a0\u00a0\u00a0\u00a0\u00a0 e-mail: info@petour.de<\/p>\n<p>Preis: 9 \u20ac\/Erwachsener, 4,50 \u20ac\/ Kind ab 6 Jahre; Rabatte f\u00fcr Gruppen und Familien auf Anfrage m\u00f6glich<\/p>\n<div id=\"attachment_2090\" style=\"width: 510px\" class=\"wp-caption alignnone\"><a href=\"https:\/\/www.naturparkmagazin.de\/sternberger-seenland\/wp-content\/uploads\/sites\/30\/Glasermoor_neu.jpg\"><img aria-describedby=\"caption-attachment-2090\" decoding=\"async\" loading=\"lazy\" class=\"size-full wp-image-2090\" src=\"https:\/\/www.naturparkmagazin.de\/sternberger-seenland\/wp-content\/uploads\/sites\/30\/Glasermoor_neu.jpg\" alt=\"Biberburg Glasermoor\" width=\"500\" height=\"300\" srcset=\"https:\/\/www.naturparkmagazin.de\/sternberger-seenland\/wp-content\/uploads\/sites\/30\/Glasermoor_neu.jpg 500w, https:\/\/www.naturparkmagazin.de\/sternberger-seenland\/wp-content\/uploads\/sites\/30\/Glasermoor_neu-300x180.jpg 300w, https:\/\/www.naturparkmagazin.de\/sternberger-seenland\/wp-content\/uploads\/sites\/30\/Glasermoor_neu-200x120.jpg 200w\" sizes=\"(max-width: 500px) 100vw, 500px\" \/><\/a><p id=\"caption-attachment-2090\" class=\"wp-caption-text\">Biberburg Glasermoor<\/p><\/div>\n<div id=\"attachment_2088\" style=\"width: 510px\" class=\"wp-caption alignnone\"><a href=\"https:\/\/www.naturparkmagazin.de\/sternberger-seenland\/wp-content\/uploads\/sites\/30\/Glasermoor-0111.jpg\"><img aria-describedby=\"caption-attachment-2088\" decoding=\"async\" loading=\"lazy\" class=\"size-full wp-image-2088\" src=\"https:\/\/www.naturparkmagazin.de\/sternberger-seenland\/wp-content\/uploads\/sites\/30\/Glasermoor-0111.jpg\" alt=\"Glasermoor bei Kritzow\" width=\"500\" height=\"300\" srcset=\"https:\/\/www.naturparkmagazin.de\/sternberger-seenland\/wp-content\/uploads\/sites\/30\/Glasermoor-0111.jpg 500w, https:\/\/www.naturparkmagazin.de\/sternberger-seenland\/wp-content\/uploads\/sites\/30\/Glasermoor-0111-300x180.jpg 300w, https:\/\/www.naturparkmagazin.de\/sternberger-seenland\/wp-content\/uploads\/sites\/30\/Glasermoor-0111-200x120.jpg 200w\" sizes=\"(max-width: 500px) 100vw, 500px\" \/><\/a><p id=\"caption-attachment-2088\" class=\"wp-caption-text\">Glasermoor bei Kritzow<\/p><\/div>\n<\/div>\n<\/div>\n<\/div>\n<\/div>\n<\/div>\n<\/div>\n<\/div>\n","protected":false},"excerpt":{"rendered":"<p>Noch bis zum 31. Oktober findet immer am Dienstag und am Donnerstag\u00a0 um 10:00 Uhr in Kritzow (bei Langen Br\u00fctz) eine gef\u00fchrte ca. 3 km lange Wanderung in das Glasermoor statt. Treffpunkt ist an der Bushaltestelle in der Ortsmitte. Die zertifizierte Natur- und Landschaftsf\u00fchrerin Petra Zoschnik nimmt Sie mit auf eine Wanderung durch die wundersch\u00f6ne<\/p>\n","protected":false},"author":27,"featured_media":2089,"comment_status":"open","ping_status":"open","sticky":false,"template":"","format":"standard","meta":[],"categories":[11],"tags":[],"yoast_head":"<!-- This site is optimized with the Yoast SEO plugin v19.10 - https:\/\/yoast.com\/wordpress\/plugins\/seo\/ -->\n<title>Biber und Glash\u00fctten - Wanderung zum Glasermoor - Naturpark Sternberger Seenland<\/title>\n<meta name=\"robots\" content=\"index, follow, max-snippet:-1, max-image-preview:large, max-video-preview:-1\" \/>\n<link rel=\"canonical\" href=\"https:\/\/www.naturparkmagazin.de\/sternberger-seenland\/biber-und-glashuetten-wanderung-zum-glasermoor-4\/\" \/>\n<meta property=\"og:locale\" content=\"de_DE\" \/>\n<meta property=\"og:type\" content=\"article\" \/>\n<meta property=\"og:title\" content=\"Biber und Glash\u00fctten - Wanderung zum Glasermoor - Naturpark Sternberger Seenland\" \/>\n<meta property=\"og:description\" content=\"Noch bis zum 31. Oktober findet immer am Dienstag und am Donnerstag\u00a0 um 10:00 Uhr in Kritzow (bei Langen Br\u00fctz) eine gef\u00fchrte ca. 3 km lange Wanderung in das Glasermoor statt. Treffpunkt ist an der Bushaltestelle in der Ortsmitte. Die zertifizierte Natur- und Landschaftsf\u00fchrerin Petra Zoschnik nimmt Sie mit auf eine Wanderung durch die wundersch\u00f6ne\" \/>\n<meta property=\"og:url\" content=\"https:\/\/www.naturparkmagazin.de\/sternberger-seenland\/biber-und-glashuetten-wanderung-zum-glasermoor-4\/\" \/>\n<meta property=\"og:site_name\" content=\"Naturpark Sternberger Seenland\" \/>\n<meta property=\"article:published_time\" content=\"2019-09-12T09:26:14+00:00\" \/>\n<meta property=\"og:image\" content=\"https:\/\/www.naturparkmagazin.de\/sternberger-seenland\/wp-content\/uploads\/sites\/30\/Glasermoor-0121.jpg\" \/>\n\t<meta property=\"og:image:width\" content=\"500\" \/>\n\t<meta property=\"og:image:height\" content=\"300\" \/>\n\t<meta property=\"og:image:type\" content=\"image\/jpeg\" \/>\n<meta name=\"author\" content=\"janlippke\" \/>\n<meta name=\"twitter:label1\" content=\"Verfasst von\" \/>\n\t<meta name=\"twitter:data1\" content=\"janlippke\" \/>\n\t<meta name=\"twitter:label2\" content=\"Gesch\u00e4tzte Lesezeit\" \/>\n\t<meta name=\"twitter:data2\" content=\"1\u00a0Minute\" \/>\n<script type=\"application\/ld+json\" class=\"yoast-schema-graph\">{\"@context\":\"https:\/\/schema.org\",\"@graph\":[{\"@type\":\"WebPage\",\"@id\":\"https:\/\/www.naturparkmagazin.de\/sternberger-seenland\/biber-und-glashuetten-wanderung-zum-glasermoor-4\/\",\"url\":\"https:\/\/www.naturparkmagazin.de\/sternberger-seenland\/biber-und-glashuetten-wanderung-zum-glasermoor-4\/\",\"name\":\"Biber und Glash\u00fctten - Wanderung zum Glasermoor - Naturpark Sternberger Seenland\",\"isPartOf\":{\"@id\":\"https:\/\/www.naturparkmagazin.de\/sternberger-seenland\/#website\"},\"datePublished\":\"2019-09-12T09:26:14+00:00\",\"dateModified\":\"2019-09-12T09:26:14+00:00\",\"author\":{\"@id\":\"https:\/\/www.naturparkmagazin.de\/sternberger-seenland\/#\/schema\/person\/712a5f470a8c286777fddf77babba74a\"},\"breadcrumb\":{\"@id\":\"https:\/\/www.naturparkmagazin.de\/sternberger-seenland\/biber-und-glashuetten-wanderung-zum-glasermoor-4\/#breadcrumb\"},\"inLanguage\":\"de\",\"potentialAction\":[{\"@type\":\"ReadAction\",\"target\":[\"https:\/\/www.naturparkmagazin.de\/sternberger-seenland\/biber-und-glashuetten-wanderung-zum-glasermoor-4\/\"]}]},{\"@type\":\"BreadcrumbList\",\"@id\":\"https:\/\/www.naturparkmagazin.de\/sternberger-seenland\/biber-und-glashuetten-wanderung-zum-glasermoor-4\/#breadcrumb\",\"itemListElement\":[{\"@type\":\"ListItem\",\"position\":1,\"name\":\"Home\",\"item\":\"https:\/\/www.naturparkmagazin.de\/sternberger-seenland\/\"},{\"@type\":\"ListItem\",\"position\":2,\"name\":\"Biber und Glash\u00fctten &#8211; Wanderung zum Glasermoor\"}]},{\"@type\":\"WebSite\",\"@id\":\"https:\/\/www.naturparkmagazin.de\/sternberger-seenland\/#website\",\"url\":\"https:\/\/www.naturparkmagazin.de\/sternberger-seenland\/\",\"name\":\"Naturpark Sternberger Seenland\",\"description\":\"\",\"potentialAction\":[{\"@type\":\"SearchAction\",\"target\":{\"@type\":\"EntryPoint\",\"urlTemplate\":\"https:\/\/www.naturparkmagazin.de\/sternberger-seenland\/?s={search_term_string}\"},\"query-input\":\"required name=search_term_string\"}],\"inLanguage\":\"de\"},{\"@type\":\"Person\",\"@id\":\"https:\/\/www.naturparkmagazin.de\/sternberger-seenland\/#\/schema\/person\/712a5f470a8c286777fddf77babba74a\",\"name\":\"janlippke\",\"sameAs\":[\"http:\/\/www.naturpark-sternberger-seenland.de\"],\"url\":\"https:\/\/www.naturparkmagazin.de\/sternberger-seenland\/author\/janlippke\/\"}]}<\/script>\n<!-- \/ Yoast SEO plugin. -->","yoast_head_json":{"title":"Biber und Glash\u00fctten - Wanderung zum Glasermoor - Naturpark Sternberger Seenland","robots":{"index":"index","follow":"follow","max-snippet":"max-snippet:-1","max-image-preview":"max-image-preview:large","max-video-preview":"max-video-preview:-1"},"canonical":"https:\/\/www.naturparkmagazin.de\/sternberger-seenland\/biber-und-glashuetten-wanderung-zum-glasermoor-4\/","og_locale":"de_DE","og_type":"article","og_title":"Biber und Glash\u00fctten - Wanderung zum Glasermoor - Naturpark Sternberger Seenland","og_description":"Noch bis zum 31. Oktober findet immer am Dienstag und am Donnerstag\u00a0 um 10:00 Uhr in Kritzow (bei Langen Br\u00fctz) eine gef\u00fchrte ca. 3 km lange Wanderung in das Glasermoor statt. Treffpunkt ist an der Bushaltestelle in der Ortsmitte. Die zertifizierte Natur- und Landschaftsf\u00fchrerin Petra Zoschnik nimmt Sie mit auf eine Wanderung durch die wundersch\u00f6ne","og_url":"https:\/\/www.naturparkmagazin.de\/sternberger-seenland\/biber-und-glashuetten-wanderung-zum-glasermoor-4\/","og_site_name":"Naturpark Sternberger Seenland","article_published_time":"2019-09-12T09:26:14+00:00","og_image":[{"width":500,"height":300,"url":"https:\/\/www.naturparkmagazin.de\/sternberger-seenland\/wp-content\/uploads\/sites\/30\/Glasermoor-0121.jpg","type":"image\/jpeg"}],"author":"janlippke","twitter_misc":{"Verfasst von":"janlippke","Gesch\u00e4tzte Lesezeit":"1\u00a0Minute"},"schema":{"@context":"https:\/\/schema.org","@graph":[{"@type":"WebPage","@id":"https:\/\/www.naturparkmagazin.de\/sternberger-seenland\/biber-und-glashuetten-wanderung-zum-glasermoor-4\/","url":"https:\/\/www.naturparkmagazin.de\/sternberger-seenland\/biber-und-glashuetten-wanderung-zum-glasermoor-4\/","name":"Biber und Glash\u00fctten - Wanderung zum Glasermoor - Naturpark Sternberger Seenland","isPartOf":{"@id":"https:\/\/www.naturparkmagazin.de\/sternberger-seenland\/#website"},"datePublished":"2019-09-12T09:26:14+00:00","dateModified":"2019-09-12T09:26:14+00:00","author":{"@id":"https:\/\/www.naturparkmagazin.de\/sternberger-seenland\/#\/schema\/person\/712a5f470a8c286777fddf77babba74a"},"breadcrumb":{"@id":"https:\/\/www.naturparkmagazin.de\/sternberger-seenland\/biber-und-glashuetten-wanderung-zum-glasermoor-4\/#breadcrumb"},"inLanguage":"de","potentialAction":[{"@type":"ReadAction","target":["https:\/\/www.naturparkmagazin.de\/sternberger-seenland\/biber-und-glashuetten-wanderung-zum-glasermoor-4\/"]}]},{"@type":"BreadcrumbList","@id":"https:\/\/www.naturparkmagazin.de\/sternberger-seenland\/biber-und-glashuetten-wanderung-zum-glasermoor-4\/#breadcrumb","itemListElement":[{"@type":"ListItem","position":1,"name":"Home","item":"https:\/\/www.naturparkmagazin.de\/sternberger-seenland\/"},{"@type":"ListItem","position":2,"name":"Biber und Glash\u00fctten &#8211; Wanderung zum Glasermoor"}]},{"@type":"WebSite","@id":"https:\/\/www.naturparkmagazin.de\/sternberger-seenland\/#website","url":"https:\/\/www.naturparkmagazin.de\/sternberger-seenland\/","name":"Naturpark Sternberger Seenland","description":"","potentialAction":[{"@type":"SearchAction","target":{"@type":"EntryPoint","urlTemplate":"https:\/\/www.naturparkmagazin.de\/sternberger-seenland\/?s={search_term_string}"},"query-input":"required name=search_term_string"}],"inLanguage":"de"},{"@type":"Person","@id":"https:\/\/www.naturparkmagazin.de\/sternberger-seenland\/#\/schema\/person\/712a5f470a8c286777fddf77babba74a","name":"janlippke","sameAs":["http:\/\/www.naturpark-sternberger-seenland.de"],"url":"https:\/\/www.naturparkmagazin.de\/sternberger-seenland\/author\/janlippke\/"}]}},"_links":{"self":[{"href":"https:\/\/www.naturparkmagazin.de\/sternberger-seenland\/wp-json\/wp\/v2\/posts\/2188"}],"collection":[{"href":"https:\/\/www.naturparkmagazin.de\/sternberger-seenland\/wp-json\/wp\/v2\/posts"}],"about":[{"href":"https:\/\/www.naturparkmagazin.de\/sternberger-seenland\/wp-json\/wp\/v2\/types\/post"}],"author":[{"embeddable":true,"href":"https:\/\/www.naturparkmagazin.de\/sternberger-seenland\/wp-json\/wp\/v2\/users\/27"}],"replies":[{"embeddable":true,"href":"https:\/\/www.naturparkmagazin.de\/sternberger-seenland\/wp-json\/wp\/v2\/comments?post=2188"}],"version-history":[{"count":1,"href":"https:\/\/www.naturparkmagazin.de\/sternberger-seenland\/wp-json\/wp\/v2\/posts\/2188\/revisions"}],"predecessor-version":[{"id":2189,"href":"https:\/\/www.naturparkmagazin.de\/sternberger-seenland\/wp-json\/wp\/v2\/posts\/2188\/revisions\/2189"}],"wp:featuredmedia":[{"embeddable":true,"href":"https:\/\/www.naturparkmagazin.de\/sternberger-seenland\/wp-json\/wp\/v2\/media\/2089"}],"wp:attachment":[{"href":"https:\/\/www.naturparkmagazin.de\/sternberger-seenland\/wp-json\/wp\/v2\/media?parent=2188"}],"wp:term":[{"taxonomy":"category","embeddable":true,"href":"https:\/\/www.naturparkmagazin.de\/sternberger-seenland\/wp-json\/wp\/v2\/categories?post=2188"},{"taxonomy":"post_tag","embeddable":true,"href":"https:\/\/www.naturparkmagazin.de\/sternberger-seenland\/wp-json\/wp\/v2\/tags?post=2188"}],"curies":[{"name":"wp","href":"https:\/\/api.w.org\/{rel}","templated":true}]}}