{"id":2219,"date":"2019-11-14T12:47:40","date_gmt":"2019-11-14T11:47:40","guid":{"rendered":"https:\/\/www.naturparkmagazin.de\/sternberger-seenland\/?p=2219"},"modified":"2019-11-26T14:23:48","modified_gmt":"2019-11-26T13:23:48","slug":"advents-und-weihnachtsliedersingen","status":"publish","type":"post","link":"https:\/\/www.naturparkmagazin.de\/sternberger-seenland\/advents-und-weihnachtsliedersingen\/","title":{"rendered":"Advents- und Weihnachtsliedersingen"},"content":{"rendered":"<p>Am 12. Dezember findet im Haus der Zukunft in Warin, Am Markt 2 a ein Advents- und Weihnachtsliedersingen statt. Musizieren wird das Holzbl\u00e4serquartett &#8222;Ritardando&#8220;. Beginn ist um 19:30 Uhr. Der Eintritt ist frei, es wird jedoch um eine Spende f\u00fcr die Musikanten gebeten. Passend zur Jahreszeit wird der F\u00f6rderverein des Naturparks Sternberger Seenland Getr\u00e4nke wie Gl\u00fchwein und Kinderpunsch zum Selbstkostenpreis anbieten.<\/p>\n<div id=\"attachment_2220\" style=\"width: 510px\" class=\"wp-caption alignnone\"><a href=\"https:\/\/www.naturparkmagazin.de\/sternberger-seenland\/wp-content\/uploads\/sites\/30\/Warin-Innenstadt-46.jpg\"><img aria-describedby=\"caption-attachment-2220\" decoding=\"async\" loading=\"lazy\" class=\"size-full wp-image-2220\" src=\"https:\/\/www.naturparkmagazin.de\/sternberger-seenland\/wp-content\/uploads\/sites\/30\/Warin-Innenstadt-46.jpg\" alt=\"Haus der Zukunft\" width=\"500\" height=\"300\" srcset=\"https:\/\/www.naturparkmagazin.de\/sternberger-seenland\/wp-content\/uploads\/sites\/30\/Warin-Innenstadt-46.jpg 500w, https:\/\/www.naturparkmagazin.de\/sternberger-seenland\/wp-content\/uploads\/sites\/30\/Warin-Innenstadt-46-300x180.jpg 300w, https:\/\/www.naturparkmagazin.de\/sternberger-seenland\/wp-content\/uploads\/sites\/30\/Warin-Innenstadt-46-200x120.jpg 200w\" sizes=\"(max-width: 500px) 100vw, 500px\" \/><\/a><p id=\"caption-attachment-2220\" class=\"wp-caption-text\">Haus der Zukunft<\/p><\/div>\n","protected":false},"excerpt":{"rendered":"<p>Am 12. Dezember findet im Haus der Zukunft in Warin, Am Markt 2 a ein Advents- und Weihnachtsliedersingen statt. Musizieren wird das Holzbl\u00e4serquartett &#8222;Ritardando&#8220;. Beginn ist um 19:30 Uhr.<\/p>\n","protected":false},"author":27,"featured_media":2220,"comment_status":"open","ping_status":"open","sticky":false,"template":"","format":"standard","meta":[],"categories":[11],"tags":[],"yoast_head":"<!-- This site is optimized with the Yoast SEO plugin v19.10 - https:\/\/yoast.com\/wordpress\/plugins\/seo\/ -->\n<title>Advents- und Weihnachtsliedersingen - Naturpark Sternberger Seenland<\/title>\n<meta name=\"robots\" content=\"index, follow, max-snippet:-1, max-image-preview:large, max-video-preview:-1\" \/>\n<link rel=\"canonical\" href=\"https:\/\/www.naturparkmagazin.de\/sternberger-seenland\/advents-und-weihnachtsliedersingen\/\" \/>\n<meta property=\"og:locale\" content=\"de_DE\" \/>\n<meta property=\"og:type\" content=\"article\" \/>\n<meta property=\"og:title\" content=\"Advents- und Weihnachtsliedersingen - Naturpark Sternberger Seenland\" \/>\n<meta property=\"og:description\" content=\"Am 12. Dezember findet im Haus der Zukunft in Warin, Am Markt 2 a ein Advents- und Weihnachtsliedersingen statt. Musizieren wird das Holzbl\u00e4serquartett &quot;Ritardando&quot;. Beginn ist um 19:30 Uhr.\" \/>\n<meta property=\"og:url\" content=\"https:\/\/www.naturparkmagazin.de\/sternberger-seenland\/advents-und-weihnachtsliedersingen\/\" \/>\n<meta property=\"og:site_name\" content=\"Naturpark Sternberger Seenland\" \/>\n<meta property=\"article:published_time\" content=\"2019-11-14T11:47:40+00:00\" \/>\n<meta property=\"article:modified_time\" content=\"2019-11-26T13:23:48+00:00\" \/>\n<meta property=\"og:image\" content=\"https:\/\/www.naturparkmagazin.de\/sternberger-seenland\/wp-content\/uploads\/sites\/30\/Warin-Innenstadt-46.jpg\" \/>\n\t<meta property=\"og:image:width\" content=\"500\" \/>\n\t<meta property=\"og:image:height\" content=\"300\" \/>\n\t<meta property=\"og:image:type\" content=\"image\/jpeg\" \/>\n<meta name=\"author\" content=\"janlippke\" \/>\n<meta name=\"twitter:label1\" content=\"Verfasst von\" \/>\n\t<meta name=\"twitter:data1\" content=\"janlippke\" \/>\n<script type=\"application\/ld+json\" class=\"yoast-schema-graph\">{\"@context\":\"https:\/\/schema.org\",\"@graph\":[{\"@type\":\"WebPage\",\"@id\":\"https:\/\/www.naturparkmagazin.de\/sternberger-seenland\/advents-und-weihnachtsliedersingen\/\",\"url\":\"https:\/\/www.naturparkmagazin.de\/sternberger-seenland\/advents-und-weihnachtsliedersingen\/\",\"name\":\"Advents- und Weihnachtsliedersingen - Naturpark Sternberger Seenland\",\"isPartOf\":{\"@id\":\"https:\/\/www.naturparkmagazin.de\/sternberger-seenland\/#website\"},\"datePublished\":\"2019-11-14T11:47:40+00:00\",\"dateModified\":\"2019-11-26T13:23:48+00:00\",\"author\":{\"@id\":\"https:\/\/www.naturparkmagazin.de\/sternberger-seenland\/#\/schema\/person\/712a5f470a8c286777fddf77babba74a\"},\"breadcrumb\":{\"@id\":\"https:\/\/www.naturparkmagazin.de\/sternberger-seenland\/advents-und-weihnachtsliedersingen\/#breadcrumb\"},\"inLanguage\":\"de\",\"potentialAction\":[{\"@type\":\"ReadAction\",\"target\":[\"https:\/\/www.naturparkmagazin.de\/sternberger-seenland\/advents-und-weihnachtsliedersingen\/\"]}]},{\"@type\":\"BreadcrumbList\",\"@id\":\"https:\/\/www.naturparkmagazin.de\/sternberger-seenland\/advents-und-weihnachtsliedersingen\/#breadcrumb\",\"itemListElement\":[{\"@type\":\"ListItem\",\"position\":1,\"name\":\"Home\",\"item\":\"https:\/\/www.naturparkmagazin.de\/sternberger-seenland\/\"},{\"@type\":\"ListItem\",\"position\":2,\"name\":\"Advents- und Weihnachtsliedersingen\"}]},{\"@type\":\"WebSite\",\"@id\":\"https:\/\/www.naturparkmagazin.de\/sternberger-seenland\/#website\",\"url\":\"https:\/\/www.naturparkmagazin.de\/sternberger-seenland\/\",\"name\":\"Naturpark Sternberger Seenland\",\"description\":\"\",\"potentialAction\":[{\"@type\":\"SearchAction\",\"target\":{\"@type\":\"EntryPoint\",\"urlTemplate\":\"https:\/\/www.naturparkmagazin.de\/sternberger-seenland\/?s={search_term_string}\"},\"query-input\":\"required name=search_term_string\"}],\"inLanguage\":\"de\"},{\"@type\":\"Person\",\"@id\":\"https:\/\/www.naturparkmagazin.de\/sternberger-seenland\/#\/schema\/person\/712a5f470a8c286777fddf77babba74a\",\"name\":\"janlippke\",\"sameAs\":[\"http:\/\/www.naturpark-sternberger-seenland.de\"],\"url\":\"https:\/\/www.naturparkmagazin.de\/sternberger-seenland\/author\/janlippke\/\"}]}<\/script>\n<!-- \/ Yoast SEO plugin. -->","yoast_head_json":{"title":"Advents- und Weihnachtsliedersingen - Naturpark Sternberger Seenland","robots":{"index":"index","follow":"follow","max-snippet":"max-snippet:-1","max-image-preview":"max-image-preview:large","max-video-preview":"max-video-preview:-1"},"canonical":"https:\/\/www.naturparkmagazin.de\/sternberger-seenland\/advents-und-weihnachtsliedersingen\/","og_locale":"de_DE","og_type":"article","og_title":"Advents- und Weihnachtsliedersingen - Naturpark Sternberger Seenland","og_description":"Am 12. Dezember findet im Haus der Zukunft in Warin, Am Markt 2 a ein Advents- und Weihnachtsliedersingen statt. Musizieren wird das Holzbl\u00e4serquartett \"Ritardando\". Beginn ist um 19:30 Uhr.","og_url":"https:\/\/www.naturparkmagazin.de\/sternberger-seenland\/advents-und-weihnachtsliedersingen\/","og_site_name":"Naturpark Sternberger Seenland","article_published_time":"2019-11-14T11:47:40+00:00","article_modified_time":"2019-11-26T13:23:48+00:00","og_image":[{"width":500,"height":300,"url":"https:\/\/www.naturparkmagazin.de\/sternberger-seenland\/wp-content\/uploads\/sites\/30\/Warin-Innenstadt-46.jpg","type":"image\/jpeg"}],"author":"janlippke","twitter_misc":{"Verfasst von":"janlippke"},"schema":{"@context":"https:\/\/schema.org","@graph":[{"@type":"WebPage","@id":"https:\/\/www.naturparkmagazin.de\/sternberger-seenland\/advents-und-weihnachtsliedersingen\/","url":"https:\/\/www.naturparkmagazin.de\/sternberger-seenland\/advents-und-weihnachtsliedersingen\/","name":"Advents- und Weihnachtsliedersingen - Naturpark Sternberger Seenland","isPartOf":{"@id":"https:\/\/www.naturparkmagazin.de\/sternberger-seenland\/#website"},"datePublished":"2019-11-14T11:47:40+00:00","dateModified":"2019-11-26T13:23:48+00:00","author":{"@id":"https:\/\/www.naturparkmagazin.de\/sternberger-seenland\/#\/schema\/person\/712a5f470a8c286777fddf77babba74a"},"breadcrumb":{"@id":"https:\/\/www.naturparkmagazin.de\/sternberger-seenland\/advents-und-weihnachtsliedersingen\/#breadcrumb"},"inLanguage":"de","potentialAction":[{"@type":"ReadAction","target":["https:\/\/www.naturparkmagazin.de\/sternberger-seenland\/advents-und-weihnachtsliedersingen\/"]}]},{"@type":"BreadcrumbList","@id":"https:\/\/www.naturparkmagazin.de\/sternberger-seenland\/advents-und-weihnachtsliedersingen\/#breadcrumb","itemListElement":[{"@type":"ListItem","position":1,"name":"Home","item":"https:\/\/www.naturparkmagazin.de\/sternberger-seenland\/"},{"@type":"ListItem","position":2,"name":"Advents- und Weihnachtsliedersingen"}]},{"@type":"WebSite","@id":"https:\/\/www.naturparkmagazin.de\/sternberger-seenland\/#website","url":"https:\/\/www.naturparkmagazin.de\/sternberger-seenland\/","name":"Naturpark Sternberger Seenland","description":"","potentialAction":[{"@type":"SearchAction","target":{"@type":"EntryPoint","urlTemplate":"https:\/\/www.naturparkmagazin.de\/sternberger-seenland\/?s={search_term_string}"},"query-input":"required name=search_term_string"}],"inLanguage":"de"},{"@type":"Person","@id":"https:\/\/www.naturparkmagazin.de\/sternberger-seenland\/#\/schema\/person\/712a5f470a8c286777fddf77babba74a","name":"janlippke","sameAs":["http:\/\/www.naturpark-sternberger-seenland.de"],"url":"https:\/\/www.naturparkmagazin.de\/sternberger-seenland\/author\/janlippke\/"}]}},"_links":{"self":[{"href":"https:\/\/www.naturparkmagazin.de\/sternberger-seenland\/wp-json\/wp\/v2\/posts\/2219"}],"collection":[{"href":"https:\/\/www.naturparkmagazin.de\/sternberger-seenland\/wp-json\/wp\/v2\/posts"}],"about":[{"href":"https:\/\/www.naturparkmagazin.de\/sternberger-seenland\/wp-json\/wp\/v2\/types\/post"}],"author":[{"embeddable":true,"href":"https:\/\/www.naturparkmagazin.de\/sternberger-seenland\/wp-json\/wp\/v2\/users\/27"}],"replies":[{"embeddable":true,"href":"https:\/\/www.naturparkmagazin.de\/sternberger-seenland\/wp-json\/wp\/v2\/comments?post=2219"}],"version-history":[{"count":3,"href":"https:\/\/www.naturparkmagazin.de\/sternberger-seenland\/wp-json\/wp\/v2\/posts\/2219\/revisions"}],"predecessor-version":[{"id":2236,"href":"https:\/\/www.naturparkmagazin.de\/sternberger-seenland\/wp-json\/wp\/v2\/posts\/2219\/revisions\/2236"}],"wp:featuredmedia":[{"embeddable":true,"href":"https:\/\/www.naturparkmagazin.de\/sternberger-seenland\/wp-json\/wp\/v2\/media\/2220"}],"wp:attachment":[{"href":"https:\/\/www.naturparkmagazin.de\/sternberger-seenland\/wp-json\/wp\/v2\/media?parent=2219"}],"wp:term":[{"taxonomy":"category","embeddable":true,"href":"https:\/\/www.naturparkmagazin.de\/sternberger-seenland\/wp-json\/wp\/v2\/categories?post=2219"},{"taxonomy":"post_tag","embeddable":true,"href":"https:\/\/www.naturparkmagazin.de\/sternberger-seenland\/wp-json\/wp\/v2\/tags?post=2219"}],"curies":[{"name":"wp","href":"https:\/\/api.w.org\/{rel}","templated":true}]}}