{"id":2258,"date":"2020-02-14T08:34:24","date_gmt":"2020-02-14T07:34:24","guid":{"rendered":"https:\/\/www.naturparkmagazin.de\/sternberger-seenland\/?p=2258"},"modified":"2020-02-14T08:34:24","modified_gmt":"2020-02-14T07:34:24","slug":"obstbaumschnitt","status":"publish","type":"post","link":"https:\/\/www.naturparkmagazin.de\/sternberger-seenland\/obstbaumschnitt\/","title":{"rendered":"Obstbaumschnitt"},"content":{"rendered":"<p>Die Naturparkverwaltung des Naturparks Sternberger Seenland bietet auch in diesem Jahr wieder ein Obstbaumschnittseminar an.<\/p>\n<p>Die Veranstaltung findet am <strong>07. M\u00e4rz<\/strong> von <strong>09:00 Uhr bis ca. 15:00 Uhr in Warin<\/strong> statt. Treff zur Theorie ist im Haus der Zukunft Warin, Am Markt 2 A. Die Schnittvorf\u00fchrungen erfolgen im Pfarrgarten Warin.<\/p>\n<p>Gezeigt wird Obstbaumschnitt und -pflege an Jung- und Altb\u00e4umen, es gibt praktische \u00dcbungen unter Anleitung, auch f\u00fcr Anf\u00e4nger geeignet. Die Veranstaltung findet bei jedem Wetter statt, in Theorie und Praxis. Themen: Jungbaum-, Reifebaum- und Altbaumschnitt; Beerenobst; Sonderformen; Unterlagen und Sortenwahl; Einf\u00fchrung in die Veredlungstechniken; Baumpflanzung, D\u00fcngung alternativer Pflanzenschutz; Obst-Sch\u00e4dlinge. Eigenes Werkzeug kann mitgebracht werden und bitte unbedingt der Witterung angepasste Kleidung anziehen!<\/p>\n<p>Aufgrund der positiven Resonanz der Veranstaltung in den vergangenen Jahren rechnet die Naturparkverwaltung erneut mit einem gro\u00dfen Teilnehmerkreis. Da die Teilnehmerzahl auf 25 bis 30 Personen begrenzt ist, wird um rechtzeitige Voranmeldung gebeten.<\/p>\n<p>Anmeldungen sind telefonisch oder per Fax oder per e-mail (<a href=\"mailto:info-ssl@lung.mv-regierung.de\">info-ssl@lung.mv-regierung.de<\/a>) bei der Naturparkverwaltung in Warin bis zum 04.03.2020 \u00a0m\u00f6glich.<\/p>\n<p>Als Seminarleiter konnte auch f\u00fcr 2020 wieder Herr Thomas Franiel aus Crivitz gewonnen werden. Er wird das Thema in gewohnter Weise spannend vermitteln, so dass die Seminarteilnehmer ein interessanter Tag erwartet.<\/p>\n<p>Die Teilnahmegeb\u00fchr betr\u00e4gt 35 \u20ac (inklusive Imbiss und Kaffee) und ist vor Ort direkt zu entrichten.<\/p>\n<p>Wir danken der Kirchgemeinde Warin f\u00fcr die Unterst\u00fctzung der Veranstaltung.<\/p>\n<div id=\"attachment_1991\" style=\"width: 310px\" class=\"wp-caption alignnone\"><a href=\"https:\/\/www.naturparkmagazin.de\/sternberger-seenland\/wp-content\/uploads\/sites\/30\/Obstschnittseminar-2018_1.jpg\"><img aria-describedby=\"caption-attachment-1991\" decoding=\"async\" loading=\"lazy\" class=\"size-full wp-image-1991\" src=\"https:\/\/www.naturparkmagazin.de\/sternberger-seenland\/wp-content\/uploads\/sites\/30\/Obstschnittseminar-2018_1.jpg\" alt=\"Obstschnittseminar 2018\" width=\"300\" height=\"500\" srcset=\"https:\/\/www.naturparkmagazin.de\/sternberger-seenland\/wp-content\/uploads\/sites\/30\/Obstschnittseminar-2018_1.jpg 300w, https:\/\/www.naturparkmagazin.de\/sternberger-seenland\/wp-content\/uploads\/sites\/30\/Obstschnittseminar-2018_1-200x333.jpg 200w\" sizes=\"(max-width: 300px) 100vw, 300px\" \/><\/a><p id=\"caption-attachment-1991\" class=\"wp-caption-text\">Obstschnittseminar 2018<\/p><\/div>\n","protected":false},"excerpt":{"rendered":"<p>Die Naturparkverwaltung des Naturparks Sternberger Seenland bietet auch in diesem Jahr wieder ein Obstbaumschnittseminar an. Die Veranstaltung findet am 07. M\u00e4rz von 09:00 Uhr bis ca. 15:00 Uhr in Warin statt. Treff zur Theorie ist im Haus der Zukunft Warin, Am Markt 2 A. Die Schnittvorf\u00fchrungen erfolgen im Pfarrgarten Warin. Gezeigt wird Obstbaumschnitt und -pflege<\/p>\n","protected":false},"author":27,"featured_media":1062,"comment_status":"open","ping_status":"open","sticky":false,"template":"","format":"standard","meta":[],"categories":[11],"tags":[],"yoast_head":"<!-- This site is optimized with the Yoast SEO plugin v19.10 - https:\/\/yoast.com\/wordpress\/plugins\/seo\/ -->\n<title>Obstbaumschnitt - Naturpark Sternberger Seenland<\/title>\n<meta name=\"robots\" content=\"index, follow, max-snippet:-1, max-image-preview:large, max-video-preview:-1\" \/>\n<link rel=\"canonical\" href=\"https:\/\/www.naturparkmagazin.de\/sternberger-seenland\/obstbaumschnitt\/\" \/>\n<meta property=\"og:locale\" content=\"de_DE\" \/>\n<meta property=\"og:type\" content=\"article\" \/>\n<meta property=\"og:title\" content=\"Obstbaumschnitt - Naturpark Sternberger Seenland\" \/>\n<meta property=\"og:description\" content=\"Die Naturparkverwaltung des Naturparks Sternberger Seenland bietet auch in diesem Jahr wieder ein Obstbaumschnittseminar an. Die Veranstaltung findet am 07. M\u00e4rz von 09:00 Uhr bis ca. 15:00 Uhr in Warin statt. Treff zur Theorie ist im Haus der Zukunft Warin, Am Markt 2 A. Die Schnittvorf\u00fchrungen erfolgen im Pfarrgarten Warin. Gezeigt wird Obstbaumschnitt und -pflege\" \/>\n<meta property=\"og:url\" content=\"https:\/\/www.naturparkmagazin.de\/sternberger-seenland\/obstbaumschnitt\/\" \/>\n<meta property=\"og:site_name\" content=\"Naturpark Sternberger Seenland\" \/>\n<meta property=\"article:published_time\" content=\"2020-02-14T07:34:24+00:00\" \/>\n<meta property=\"og:image\" content=\"https:\/\/www.naturparkmagazin.de\/sternberger-seenland\/wp-content\/uploads\/sites\/30\/Obstschnitt_2015_2.jpg\" \/>\n\t<meta property=\"og:image:width\" content=\"300\" \/>\n\t<meta property=\"og:image:height\" content=\"500\" \/>\n\t<meta property=\"og:image:type\" content=\"image\/jpeg\" \/>\n<meta name=\"author\" content=\"janlippke\" \/>\n<meta name=\"twitter:label1\" content=\"Verfasst von\" \/>\n\t<meta name=\"twitter:data1\" content=\"janlippke\" \/>\n\t<meta name=\"twitter:label2\" content=\"Gesch\u00e4tzte Lesezeit\" \/>\n\t<meta name=\"twitter:data2\" content=\"1\u00a0Minute\" \/>\n<script type=\"application\/ld+json\" class=\"yoast-schema-graph\">{\"@context\":\"https:\/\/schema.org\",\"@graph\":[{\"@type\":\"WebPage\",\"@id\":\"https:\/\/www.naturparkmagazin.de\/sternberger-seenland\/obstbaumschnitt\/\",\"url\":\"https:\/\/www.naturparkmagazin.de\/sternberger-seenland\/obstbaumschnitt\/\",\"name\":\"Obstbaumschnitt - Naturpark Sternberger Seenland\",\"isPartOf\":{\"@id\":\"https:\/\/www.naturparkmagazin.de\/sternberger-seenland\/#website\"},\"datePublished\":\"2020-02-14T07:34:24+00:00\",\"dateModified\":\"2020-02-14T07:34:24+00:00\",\"author\":{\"@id\":\"https:\/\/www.naturparkmagazin.de\/sternberger-seenland\/#\/schema\/person\/712a5f470a8c286777fddf77babba74a\"},\"breadcrumb\":{\"@id\":\"https:\/\/www.naturparkmagazin.de\/sternberger-seenland\/obstbaumschnitt\/#breadcrumb\"},\"inLanguage\":\"de\",\"potentialAction\":[{\"@type\":\"ReadAction\",\"target\":[\"https:\/\/www.naturparkmagazin.de\/sternberger-seenland\/obstbaumschnitt\/\"]}]},{\"@type\":\"BreadcrumbList\",\"@id\":\"https:\/\/www.naturparkmagazin.de\/sternberger-seenland\/obstbaumschnitt\/#breadcrumb\",\"itemListElement\":[{\"@type\":\"ListItem\",\"position\":1,\"name\":\"Home\",\"item\":\"https:\/\/www.naturparkmagazin.de\/sternberger-seenland\/\"},{\"@type\":\"ListItem\",\"position\":2,\"name\":\"Obstbaumschnitt\"}]},{\"@type\":\"WebSite\",\"@id\":\"https:\/\/www.naturparkmagazin.de\/sternberger-seenland\/#website\",\"url\":\"https:\/\/www.naturparkmagazin.de\/sternberger-seenland\/\",\"name\":\"Naturpark Sternberger Seenland\",\"description\":\"\",\"potentialAction\":[{\"@type\":\"SearchAction\",\"target\":{\"@type\":\"EntryPoint\",\"urlTemplate\":\"https:\/\/www.naturparkmagazin.de\/sternberger-seenland\/?s={search_term_string}\"},\"query-input\":\"required name=search_term_string\"}],\"inLanguage\":\"de\"},{\"@type\":\"Person\",\"@id\":\"https:\/\/www.naturparkmagazin.de\/sternberger-seenland\/#\/schema\/person\/712a5f470a8c286777fddf77babba74a\",\"name\":\"janlippke\",\"sameAs\":[\"http:\/\/www.naturpark-sternberger-seenland.de\"],\"url\":\"https:\/\/www.naturparkmagazin.de\/sternberger-seenland\/author\/janlippke\/\"}]}<\/script>\n<!-- \/ Yoast SEO plugin. -->","yoast_head_json":{"title":"Obstbaumschnitt - Naturpark Sternberger Seenland","robots":{"index":"index","follow":"follow","max-snippet":"max-snippet:-1","max-image-preview":"max-image-preview:large","max-video-preview":"max-video-preview:-1"},"canonical":"https:\/\/www.naturparkmagazin.de\/sternberger-seenland\/obstbaumschnitt\/","og_locale":"de_DE","og_type":"article","og_title":"Obstbaumschnitt - Naturpark Sternberger Seenland","og_description":"Die Naturparkverwaltung des Naturparks Sternberger Seenland bietet auch in diesem Jahr wieder ein Obstbaumschnittseminar an. Die Veranstaltung findet am 07. M\u00e4rz von 09:00 Uhr bis ca. 15:00 Uhr in Warin statt. Treff zur Theorie ist im Haus der Zukunft Warin, Am Markt 2 A. Die Schnittvorf\u00fchrungen erfolgen im Pfarrgarten Warin. Gezeigt wird Obstbaumschnitt und -pflege","og_url":"https:\/\/www.naturparkmagazin.de\/sternberger-seenland\/obstbaumschnitt\/","og_site_name":"Naturpark Sternberger Seenland","article_published_time":"2020-02-14T07:34:24+00:00","og_image":[{"width":300,"height":500,"url":"https:\/\/www.naturparkmagazin.de\/sternberger-seenland\/wp-content\/uploads\/sites\/30\/Obstschnitt_2015_2.jpg","type":"image\/jpeg"}],"author":"janlippke","twitter_misc":{"Verfasst von":"janlippke","Gesch\u00e4tzte Lesezeit":"1\u00a0Minute"},"schema":{"@context":"https:\/\/schema.org","@graph":[{"@type":"WebPage","@id":"https:\/\/www.naturparkmagazin.de\/sternberger-seenland\/obstbaumschnitt\/","url":"https:\/\/www.naturparkmagazin.de\/sternberger-seenland\/obstbaumschnitt\/","name":"Obstbaumschnitt - Naturpark Sternberger Seenland","isPartOf":{"@id":"https:\/\/www.naturparkmagazin.de\/sternberger-seenland\/#website"},"datePublished":"2020-02-14T07:34:24+00:00","dateModified":"2020-02-14T07:34:24+00:00","author":{"@id":"https:\/\/www.naturparkmagazin.de\/sternberger-seenland\/#\/schema\/person\/712a5f470a8c286777fddf77babba74a"},"breadcrumb":{"@id":"https:\/\/www.naturparkmagazin.de\/sternberger-seenland\/obstbaumschnitt\/#breadcrumb"},"inLanguage":"de","potentialAction":[{"@type":"ReadAction","target":["https:\/\/www.naturparkmagazin.de\/sternberger-seenland\/obstbaumschnitt\/"]}]},{"@type":"BreadcrumbList","@id":"https:\/\/www.naturparkmagazin.de\/sternberger-seenland\/obstbaumschnitt\/#breadcrumb","itemListElement":[{"@type":"ListItem","position":1,"name":"Home","item":"https:\/\/www.naturparkmagazin.de\/sternberger-seenland\/"},{"@type":"ListItem","position":2,"name":"Obstbaumschnitt"}]},{"@type":"WebSite","@id":"https:\/\/www.naturparkmagazin.de\/sternberger-seenland\/#website","url":"https:\/\/www.naturparkmagazin.de\/sternberger-seenland\/","name":"Naturpark Sternberger Seenland","description":"","potentialAction":[{"@type":"SearchAction","target":{"@type":"EntryPoint","urlTemplate":"https:\/\/www.naturparkmagazin.de\/sternberger-seenland\/?s={search_term_string}"},"query-input":"required name=search_term_string"}],"inLanguage":"de"},{"@type":"Person","@id":"https:\/\/www.naturparkmagazin.de\/sternberger-seenland\/#\/schema\/person\/712a5f470a8c286777fddf77babba74a","name":"janlippke","sameAs":["http:\/\/www.naturpark-sternberger-seenland.de"],"url":"https:\/\/www.naturparkmagazin.de\/sternberger-seenland\/author\/janlippke\/"}]}},"_links":{"self":[{"href":"https:\/\/www.naturparkmagazin.de\/sternberger-seenland\/wp-json\/wp\/v2\/posts\/2258"}],"collection":[{"href":"https:\/\/www.naturparkmagazin.de\/sternberger-seenland\/wp-json\/wp\/v2\/posts"}],"about":[{"href":"https:\/\/www.naturparkmagazin.de\/sternberger-seenland\/wp-json\/wp\/v2\/types\/post"}],"author":[{"embeddable":true,"href":"https:\/\/www.naturparkmagazin.de\/sternberger-seenland\/wp-json\/wp\/v2\/users\/27"}],"replies":[{"embeddable":true,"href":"https:\/\/www.naturparkmagazin.de\/sternberger-seenland\/wp-json\/wp\/v2\/comments?post=2258"}],"version-history":[{"count":1,"href":"https:\/\/www.naturparkmagazin.de\/sternberger-seenland\/wp-json\/wp\/v2\/posts\/2258\/revisions"}],"predecessor-version":[{"id":2259,"href":"https:\/\/www.naturparkmagazin.de\/sternberger-seenland\/wp-json\/wp\/v2\/posts\/2258\/revisions\/2259"}],"wp:featuredmedia":[{"embeddable":true,"href":"https:\/\/www.naturparkmagazin.de\/sternberger-seenland\/wp-json\/wp\/v2\/media\/1062"}],"wp:attachment":[{"href":"https:\/\/www.naturparkmagazin.de\/sternberger-seenland\/wp-json\/wp\/v2\/media?parent=2258"}],"wp:term":[{"taxonomy":"category","embeddable":true,"href":"https:\/\/www.naturparkmagazin.de\/sternberger-seenland\/wp-json\/wp\/v2\/categories?post=2258"},{"taxonomy":"post_tag","embeddable":true,"href":"https:\/\/www.naturparkmagazin.de\/sternberger-seenland\/wp-json\/wp\/v2\/tags?post=2258"}],"curies":[{"name":"wp","href":"https:\/\/api.w.org\/{rel}","templated":true}]}}