{"id":2277,"date":"2020-03-17T13:05:22","date_gmt":"2020-03-17T12:05:22","guid":{"rendered":"https:\/\/www.naturparkmagazin.de\/sternberger-seenland\/?p=2277"},"modified":"2020-03-26T11:29:10","modified_gmt":"2020-03-26T10:29:10","slug":"21-bibertag-in-alt-necheln-faellt-leider-aus","status":"publish","type":"post","link":"https:\/\/www.naturparkmagazin.de\/sternberger-seenland\/21-bibertag-in-alt-necheln-faellt-leider-aus\/","title":{"rendered":"21. Bibertag in Alt Necheln f\u00e4llt leider aus"},"content":{"rendered":"<p><span style=\"color: #ff0000\">Die Veranstaltung f\u00e4llt aufgrund der aktuellen Situation leider aus.<\/span><\/p>\n<p>&nbsp;<\/p>\n<p>&nbsp;<\/p>\n<p>Am 18. April findet der 21. Bibertag in Alt Necheln statt. Beginn ist um 09:30 Uhr in Alt Necheln beim Haus Biber &amp; Co. Es wird einige Vortr\u00e4ge zum Biber geben, so dass die Teilnehmer etwas \u00fcber die Art, die Lebensweise und die Verbreitung in Deutschland und im Naturpark Sternberger Seenland erfahren werden. Mario Kr\u00fcger wird die Ergebnisse des Monitorings aus den Vormonaten vorstellen und die aktuelle Verbreitung im Naturpark Sternberger Seenland n\u00e4her erl\u00e4utern. In der Mittagspause wird es vor Ort gegen geringes Entgelt eine regionale Kartoffel-Gem\u00fcsesuppe mit Bockwurst geben. Sofern sich dann alle Teilnehmer gest\u00e4rkt haben, geht es am Nachmittag auf Exkursion in verschiedene Biberreviere. Dort k\u00f6nnen sich die Teilnehmer vor Ort ansehen, wie Biber aktiv ihren Lebensraum gestalten.<\/p>\n<p>Die Teilnahme an dieser Veranstaltung ist kostenlos,\u00a0 eine Anmeldung zur besseren Planung unter 038482 \/ 23527-0 oder info-ssl@lung.mv-regierung.de ist allerdings w\u00fcnschenswert.<\/p>\n<div id=\"attachment_1748\" style=\"width: 510px\" class=\"wp-caption alignnone\"><a href=\"https:\/\/www.naturparkmagazin.de\/sternberger-seenland\/wp-content\/uploads\/sites\/30\/RadebachBiberdamm.jpg\"><img aria-describedby=\"caption-attachment-1748\" decoding=\"async\" loading=\"lazy\" class=\"size-full wp-image-1748\" src=\"https:\/\/www.naturparkmagazin.de\/sternberger-seenland\/wp-content\/uploads\/sites\/30\/RadebachBiberdamm.jpg\" alt=\"Biberdamm am Radebach\" width=\"500\" height=\"300\" srcset=\"https:\/\/www.naturparkmagazin.de\/sternberger-seenland\/wp-content\/uploads\/sites\/30\/RadebachBiberdamm.jpg 500w, https:\/\/www.naturparkmagazin.de\/sternberger-seenland\/wp-content\/uploads\/sites\/30\/RadebachBiberdamm-300x180.jpg 300w, https:\/\/www.naturparkmagazin.de\/sternberger-seenland\/wp-content\/uploads\/sites\/30\/RadebachBiberdamm-200x120.jpg 200w\" sizes=\"(max-width: 500px) 100vw, 500px\" \/><\/a><p id=\"caption-attachment-1748\" class=\"wp-caption-text\">Biberdamm am Radebach<\/p><\/div>\n","protected":false},"excerpt":{"rendered":"<p>Die Veranstaltung f\u00e4llt aufgrund der aktuellen Situation leider aus. &nbsp; &nbsp; Am 18. April findet der 21. Bibertag in Alt Necheln statt. Beginn ist um 09:30 Uhr in Alt Necheln beim Haus Biber &amp; Co. Es wird einige Vortr\u00e4ge zum Biber geben, so dass die Teilnehmer etwas \u00fcber die Art, die Lebensweise und die Verbreitung<\/p>\n","protected":false},"author":27,"featured_media":1678,"comment_status":"open","ping_status":"open","sticky":false,"template":"","format":"standard","meta":[],"categories":[7],"tags":[],"yoast_head":"<!-- This site is optimized with the Yoast SEO plugin v19.10 - https:\/\/yoast.com\/wordpress\/plugins\/seo\/ -->\n<title>21. Bibertag in Alt Necheln f\u00e4llt leider aus - Naturpark Sternberger Seenland<\/title>\n<meta name=\"robots\" content=\"index, follow, max-snippet:-1, max-image-preview:large, max-video-preview:-1\" \/>\n<link rel=\"canonical\" href=\"https:\/\/www.naturparkmagazin.de\/sternberger-seenland\/21-bibertag-in-alt-necheln-faellt-leider-aus\/\" \/>\n<meta property=\"og:locale\" content=\"de_DE\" \/>\n<meta property=\"og:type\" content=\"article\" \/>\n<meta property=\"og:title\" content=\"21. Bibertag in Alt Necheln f\u00e4llt leider aus - Naturpark Sternberger Seenland\" \/>\n<meta property=\"og:description\" content=\"Die Veranstaltung f\u00e4llt aufgrund der aktuellen Situation leider aus. &nbsp; &nbsp; Am 18. April findet der 21. Bibertag in Alt Necheln statt. Beginn ist um 09:30 Uhr in Alt Necheln beim Haus Biber &amp; Co. Es wird einige Vortr\u00e4ge zum Biber geben, so dass die Teilnehmer etwas \u00fcber die Art, die Lebensweise und die Verbreitung\" \/>\n<meta property=\"og:url\" content=\"https:\/\/www.naturparkmagazin.de\/sternberger-seenland\/21-bibertag-in-alt-necheln-faellt-leider-aus\/\" \/>\n<meta property=\"og:site_name\" content=\"Naturpark Sternberger Seenland\" \/>\n<meta property=\"article:published_time\" content=\"2020-03-17T12:05:22+00:00\" \/>\n<meta property=\"article:modified_time\" content=\"2020-03-26T10:29:10+00:00\" \/>\n<meta property=\"og:image\" content=\"https:\/\/www.naturparkmagazin.de\/sternberger-seenland\/wp-content\/uploads\/sites\/30\/Biber_Augustenhof.jpg\" \/>\n\t<meta property=\"og:image:width\" content=\"500\" \/>\n\t<meta property=\"og:image:height\" content=\"300\" \/>\n\t<meta property=\"og:image:type\" content=\"image\/jpeg\" \/>\n<meta name=\"author\" content=\"janlippke\" \/>\n<meta name=\"twitter:label1\" content=\"Verfasst von\" \/>\n\t<meta name=\"twitter:data1\" content=\"janlippke\" \/>\n\t<meta name=\"twitter:label2\" content=\"Gesch\u00e4tzte Lesezeit\" \/>\n\t<meta name=\"twitter:data2\" content=\"1\u00a0Minute\" \/>\n<script type=\"application\/ld+json\" class=\"yoast-schema-graph\">{\"@context\":\"https:\/\/schema.org\",\"@graph\":[{\"@type\":\"WebPage\",\"@id\":\"https:\/\/www.naturparkmagazin.de\/sternberger-seenland\/21-bibertag-in-alt-necheln-faellt-leider-aus\/\",\"url\":\"https:\/\/www.naturparkmagazin.de\/sternberger-seenland\/21-bibertag-in-alt-necheln-faellt-leider-aus\/\",\"name\":\"21. Bibertag in Alt Necheln f\u00e4llt leider aus - Naturpark Sternberger Seenland\",\"isPartOf\":{\"@id\":\"https:\/\/www.naturparkmagazin.de\/sternberger-seenland\/#website\"},\"datePublished\":\"2020-03-17T12:05:22+00:00\",\"dateModified\":\"2020-03-26T10:29:10+00:00\",\"author\":{\"@id\":\"https:\/\/www.naturparkmagazin.de\/sternberger-seenland\/#\/schema\/person\/712a5f470a8c286777fddf77babba74a\"},\"breadcrumb\":{\"@id\":\"https:\/\/www.naturparkmagazin.de\/sternberger-seenland\/21-bibertag-in-alt-necheln-faellt-leider-aus\/#breadcrumb\"},\"inLanguage\":\"de\",\"potentialAction\":[{\"@type\":\"ReadAction\",\"target\":[\"https:\/\/www.naturparkmagazin.de\/sternberger-seenland\/21-bibertag-in-alt-necheln-faellt-leider-aus\/\"]}]},{\"@type\":\"BreadcrumbList\",\"@id\":\"https:\/\/www.naturparkmagazin.de\/sternberger-seenland\/21-bibertag-in-alt-necheln-faellt-leider-aus\/#breadcrumb\",\"itemListElement\":[{\"@type\":\"ListItem\",\"position\":1,\"name\":\"Home\",\"item\":\"https:\/\/www.naturparkmagazin.de\/sternberger-seenland\/\"},{\"@type\":\"ListItem\",\"position\":2,\"name\":\"21. Bibertag in Alt Necheln f\u00e4llt leider aus\"}]},{\"@type\":\"WebSite\",\"@id\":\"https:\/\/www.naturparkmagazin.de\/sternberger-seenland\/#website\",\"url\":\"https:\/\/www.naturparkmagazin.de\/sternberger-seenland\/\",\"name\":\"Naturpark Sternberger Seenland\",\"description\":\"\",\"potentialAction\":[{\"@type\":\"SearchAction\",\"target\":{\"@type\":\"EntryPoint\",\"urlTemplate\":\"https:\/\/www.naturparkmagazin.de\/sternberger-seenland\/?s={search_term_string}\"},\"query-input\":\"required name=search_term_string\"}],\"inLanguage\":\"de\"},{\"@type\":\"Person\",\"@id\":\"https:\/\/www.naturparkmagazin.de\/sternberger-seenland\/#\/schema\/person\/712a5f470a8c286777fddf77babba74a\",\"name\":\"janlippke\",\"sameAs\":[\"http:\/\/www.naturpark-sternberger-seenland.de\"],\"url\":\"https:\/\/www.naturparkmagazin.de\/sternberger-seenland\/author\/janlippke\/\"}]}<\/script>\n<!-- \/ Yoast SEO plugin. -->","yoast_head_json":{"title":"21. Bibertag in Alt Necheln f\u00e4llt leider aus - Naturpark Sternberger Seenland","robots":{"index":"index","follow":"follow","max-snippet":"max-snippet:-1","max-image-preview":"max-image-preview:large","max-video-preview":"max-video-preview:-1"},"canonical":"https:\/\/www.naturparkmagazin.de\/sternberger-seenland\/21-bibertag-in-alt-necheln-faellt-leider-aus\/","og_locale":"de_DE","og_type":"article","og_title":"21. Bibertag in Alt Necheln f\u00e4llt leider aus - Naturpark Sternberger Seenland","og_description":"Die Veranstaltung f\u00e4llt aufgrund der aktuellen Situation leider aus. &nbsp; &nbsp; Am 18. April findet der 21. Bibertag in Alt Necheln statt. Beginn ist um 09:30 Uhr in Alt Necheln beim Haus Biber &amp; Co. Es wird einige Vortr\u00e4ge zum Biber geben, so dass die Teilnehmer etwas \u00fcber die Art, die Lebensweise und die Verbreitung","og_url":"https:\/\/www.naturparkmagazin.de\/sternberger-seenland\/21-bibertag-in-alt-necheln-faellt-leider-aus\/","og_site_name":"Naturpark Sternberger Seenland","article_published_time":"2020-03-17T12:05:22+00:00","article_modified_time":"2020-03-26T10:29:10+00:00","og_image":[{"width":500,"height":300,"url":"https:\/\/www.naturparkmagazin.de\/sternberger-seenland\/wp-content\/uploads\/sites\/30\/Biber_Augustenhof.jpg","type":"image\/jpeg"}],"author":"janlippke","twitter_misc":{"Verfasst von":"janlippke","Gesch\u00e4tzte Lesezeit":"1\u00a0Minute"},"schema":{"@context":"https:\/\/schema.org","@graph":[{"@type":"WebPage","@id":"https:\/\/www.naturparkmagazin.de\/sternberger-seenland\/21-bibertag-in-alt-necheln-faellt-leider-aus\/","url":"https:\/\/www.naturparkmagazin.de\/sternberger-seenland\/21-bibertag-in-alt-necheln-faellt-leider-aus\/","name":"21. Bibertag in Alt Necheln f\u00e4llt leider aus - Naturpark Sternberger Seenland","isPartOf":{"@id":"https:\/\/www.naturparkmagazin.de\/sternberger-seenland\/#website"},"datePublished":"2020-03-17T12:05:22+00:00","dateModified":"2020-03-26T10:29:10+00:00","author":{"@id":"https:\/\/www.naturparkmagazin.de\/sternberger-seenland\/#\/schema\/person\/712a5f470a8c286777fddf77babba74a"},"breadcrumb":{"@id":"https:\/\/www.naturparkmagazin.de\/sternberger-seenland\/21-bibertag-in-alt-necheln-faellt-leider-aus\/#breadcrumb"},"inLanguage":"de","potentialAction":[{"@type":"ReadAction","target":["https:\/\/www.naturparkmagazin.de\/sternberger-seenland\/21-bibertag-in-alt-necheln-faellt-leider-aus\/"]}]},{"@type":"BreadcrumbList","@id":"https:\/\/www.naturparkmagazin.de\/sternberger-seenland\/21-bibertag-in-alt-necheln-faellt-leider-aus\/#breadcrumb","itemListElement":[{"@type":"ListItem","position":1,"name":"Home","item":"https:\/\/www.naturparkmagazin.de\/sternberger-seenland\/"},{"@type":"ListItem","position":2,"name":"21. Bibertag in Alt Necheln f\u00e4llt leider aus"}]},{"@type":"WebSite","@id":"https:\/\/www.naturparkmagazin.de\/sternberger-seenland\/#website","url":"https:\/\/www.naturparkmagazin.de\/sternberger-seenland\/","name":"Naturpark Sternberger Seenland","description":"","potentialAction":[{"@type":"SearchAction","target":{"@type":"EntryPoint","urlTemplate":"https:\/\/www.naturparkmagazin.de\/sternberger-seenland\/?s={search_term_string}"},"query-input":"required name=search_term_string"}],"inLanguage":"de"},{"@type":"Person","@id":"https:\/\/www.naturparkmagazin.de\/sternberger-seenland\/#\/schema\/person\/712a5f470a8c286777fddf77babba74a","name":"janlippke","sameAs":["http:\/\/www.naturpark-sternberger-seenland.de"],"url":"https:\/\/www.naturparkmagazin.de\/sternberger-seenland\/author\/janlippke\/"}]}},"_links":{"self":[{"href":"https:\/\/www.naturparkmagazin.de\/sternberger-seenland\/wp-json\/wp\/v2\/posts\/2277"}],"collection":[{"href":"https:\/\/www.naturparkmagazin.de\/sternberger-seenland\/wp-json\/wp\/v2\/posts"}],"about":[{"href":"https:\/\/www.naturparkmagazin.de\/sternberger-seenland\/wp-json\/wp\/v2\/types\/post"}],"author":[{"embeddable":true,"href":"https:\/\/www.naturparkmagazin.de\/sternberger-seenland\/wp-json\/wp\/v2\/users\/27"}],"replies":[{"embeddable":true,"href":"https:\/\/www.naturparkmagazin.de\/sternberger-seenland\/wp-json\/wp\/v2\/comments?post=2277"}],"version-history":[{"count":3,"href":"https:\/\/www.naturparkmagazin.de\/sternberger-seenland\/wp-json\/wp\/v2\/posts\/2277\/revisions"}],"predecessor-version":[{"id":2280,"href":"https:\/\/www.naturparkmagazin.de\/sternberger-seenland\/wp-json\/wp\/v2\/posts\/2277\/revisions\/2280"}],"wp:featuredmedia":[{"embeddable":true,"href":"https:\/\/www.naturparkmagazin.de\/sternberger-seenland\/wp-json\/wp\/v2\/media\/1678"}],"wp:attachment":[{"href":"https:\/\/www.naturparkmagazin.de\/sternberger-seenland\/wp-json\/wp\/v2\/media?parent=2277"}],"wp:term":[{"taxonomy":"category","embeddable":true,"href":"https:\/\/www.naturparkmagazin.de\/sternberger-seenland\/wp-json\/wp\/v2\/categories?post=2277"},{"taxonomy":"post_tag","embeddable":true,"href":"https:\/\/www.naturparkmagazin.de\/sternberger-seenland\/wp-json\/wp\/v2\/tags?post=2277"}],"curies":[{"name":"wp","href":"https:\/\/api.w.org\/{rel}","templated":true}]}}