{"id":237,"date":"2013-10-30T14:31:16","date_gmt":"2013-10-30T12:31:16","guid":{"rendered":"http:\/\/www.naturparkmagazin.de\/sternberger-seenland\/?p=237"},"modified":"2013-11-11T18:03:00","modified_gmt":"2013-11-11T16:03:00","slug":"vortrag-im-naturparkzentrum","status":"publish","type":"post","link":"https:\/\/www.naturparkmagazin.de\/sternberger-seenland\/vortrag-im-naturparkzentrum\/","title":{"rendered":"Vortrag im Naturparkzentrum"},"content":{"rendered":"<p>Am 14. November findet der letzte Vortrag in unserer diesj\u00e4hrigen Reihe statt. Christoph von Fircks wird aus seinem Buch &#8222;Gnadenlose Arktis&#8220; lesen und die Zuh\u00f6rer nach Gr\u00f6nland und zum arktischen Meer entf\u00fchren. In dem Buch erz\u00e4hlt von Fircks von drei Expeditionen in das gef\u00e4hrliche unerschlossene Gebiet, wo die Teilnehmer oft an ihre Grenzen sto\u00dfen. In den Berichten geht es um die Menschen, ihre Leistungen, die an Heldentum grenzen und deren \u00dcberlebenswillen, der sie stark macht, um die Strapazen auszuhalten.<\/p>\n<p>Der Vortrag \/ die Lesung beginnt um 19 Uhr im Naturparkzentrum in Warin und ist kostenlos. Der F\u00f6rderverein des Naturparks wird wie gewohnt zum Selbstkostenpreis Getr\u00e4nke anbieten.<a href=\"https:\/\/www.naturparkmagazin.de\/sternberger-seenland\/wp-content\/uploads\/sites\/30\/Vortrag-Waldglas-1.jpg\"><img decoding=\"async\" loading=\"lazy\" class=\"aligncenter size-full wp-image-238\" alt=\"Vortrag Waldglas (1)\" src=\"https:\/\/www.naturparkmagazin.de\/sternberger-seenland\/wp-content\/uploads\/sites\/30\/Vortrag-Waldglas-1.jpg\" width=\"850\" height=\"565\" srcset=\"https:\/\/www.naturparkmagazin.de\/sternberger-seenland\/wp-content\/uploads\/sites\/30\/Vortrag-Waldglas-1.jpg 850w, https:\/\/www.naturparkmagazin.de\/sternberger-seenland\/wp-content\/uploads\/sites\/30\/Vortrag-Waldglas-1-300x199.jpg 300w, https:\/\/www.naturparkmagazin.de\/sternberger-seenland\/wp-content\/uploads\/sites\/30\/Vortrag-Waldglas-1-620x412.jpg 620w, https:\/\/www.naturparkmagazin.de\/sternberger-seenland\/wp-content\/uploads\/sites\/30\/Vortrag-Waldglas-1-670x445.jpg 670w, https:\/\/www.naturparkmagazin.de\/sternberger-seenland\/wp-content\/uploads\/sites\/30\/Vortrag-Waldglas-1-200x133.jpg 200w\" sizes=\"(max-width: 850px) 100vw, 850px\" \/><\/a><\/p>\n","protected":false},"excerpt":{"rendered":"<p>Am 14. November findet der letzte Vortrag in unserer diesj\u00e4hrigen Reihe statt. Christoph von Fircks wird aus seinem Buch &#8222;Gnadenlose Arktis&#8220; lesen und die Zuh\u00f6rer nach Gr\u00f6nland und zum arktischen Meer entf\u00fchren. In dem Buch erz\u00e4hlt von Fircks von drei Expeditionen in das gef\u00e4hrliche unerschlossene Gebiet, wo die Teilnehmer oft an ihre Grenzen sto\u00dfen. In<\/p>\n","protected":false},"author":27,"featured_media":238,"comment_status":"open","ping_status":"open","sticky":false,"template":"","format":"standard","meta":[],"categories":[11],"tags":[],"yoast_head":"<!-- This site is optimized with the Yoast SEO plugin v19.10 - https:\/\/yoast.com\/wordpress\/plugins\/seo\/ -->\n<title>Vortrag im Naturparkzentrum - Naturpark Sternberger Seenland<\/title>\n<meta name=\"robots\" content=\"index, follow, max-snippet:-1, max-image-preview:large, max-video-preview:-1\" \/>\n<link rel=\"canonical\" href=\"https:\/\/www.naturparkmagazin.de\/sternberger-seenland\/vortrag-im-naturparkzentrum\/\" \/>\n<meta property=\"og:locale\" content=\"de_DE\" \/>\n<meta property=\"og:type\" content=\"article\" \/>\n<meta property=\"og:title\" content=\"Vortrag im Naturparkzentrum - Naturpark Sternberger Seenland\" \/>\n<meta property=\"og:description\" content=\"Am 14. November findet der letzte Vortrag in unserer diesj\u00e4hrigen Reihe statt. Christoph von Fircks wird aus seinem Buch &#8222;Gnadenlose Arktis&#8220; lesen und die Zuh\u00f6rer nach Gr\u00f6nland und zum arktischen Meer entf\u00fchren. In dem Buch erz\u00e4hlt von Fircks von drei Expeditionen in das gef\u00e4hrliche unerschlossene Gebiet, wo die Teilnehmer oft an ihre Grenzen sto\u00dfen. In\" \/>\n<meta property=\"og:url\" content=\"https:\/\/www.naturparkmagazin.de\/sternberger-seenland\/vortrag-im-naturparkzentrum\/\" \/>\n<meta property=\"og:site_name\" content=\"Naturpark Sternberger Seenland\" \/>\n<meta property=\"article:published_time\" content=\"2013-10-30T12:31:16+00:00\" \/>\n<meta property=\"article:modified_time\" content=\"2013-11-11T16:03:00+00:00\" \/>\n<meta property=\"og:image\" content=\"https:\/\/www.naturparkmagazin.de\/sternberger-seenland\/wp-content\/uploads\/sites\/30\/Vortrag-Waldglas-1.jpg\" \/>\n\t<meta property=\"og:image:width\" content=\"850\" \/>\n\t<meta property=\"og:image:height\" content=\"565\" \/>\n\t<meta property=\"og:image:type\" content=\"image\/jpeg\" \/>\n<meta name=\"author\" content=\"janlippke\" \/>\n<meta name=\"twitter:label1\" content=\"Verfasst von\" \/>\n\t<meta name=\"twitter:data1\" content=\"janlippke\" \/>\n\t<meta name=\"twitter:label2\" content=\"Gesch\u00e4tzte Lesezeit\" \/>\n\t<meta name=\"twitter:data2\" content=\"1\u00a0Minute\" \/>\n<script type=\"application\/ld+json\" class=\"yoast-schema-graph\">{\"@context\":\"https:\/\/schema.org\",\"@graph\":[{\"@type\":\"WebPage\",\"@id\":\"https:\/\/www.naturparkmagazin.de\/sternberger-seenland\/vortrag-im-naturparkzentrum\/\",\"url\":\"https:\/\/www.naturparkmagazin.de\/sternberger-seenland\/vortrag-im-naturparkzentrum\/\",\"name\":\"Vortrag im Naturparkzentrum - Naturpark Sternberger Seenland\",\"isPartOf\":{\"@id\":\"https:\/\/www.naturparkmagazin.de\/sternberger-seenland\/#website\"},\"datePublished\":\"2013-10-30T12:31:16+00:00\",\"dateModified\":\"2013-11-11T16:03:00+00:00\",\"author\":{\"@id\":\"https:\/\/www.naturparkmagazin.de\/sternberger-seenland\/#\/schema\/person\/712a5f470a8c286777fddf77babba74a\"},\"breadcrumb\":{\"@id\":\"https:\/\/www.naturparkmagazin.de\/sternberger-seenland\/vortrag-im-naturparkzentrum\/#breadcrumb\"},\"inLanguage\":\"de\",\"potentialAction\":[{\"@type\":\"ReadAction\",\"target\":[\"https:\/\/www.naturparkmagazin.de\/sternberger-seenland\/vortrag-im-naturparkzentrum\/\"]}]},{\"@type\":\"BreadcrumbList\",\"@id\":\"https:\/\/www.naturparkmagazin.de\/sternberger-seenland\/vortrag-im-naturparkzentrum\/#breadcrumb\",\"itemListElement\":[{\"@type\":\"ListItem\",\"position\":1,\"name\":\"Home\",\"item\":\"https:\/\/www.naturparkmagazin.de\/sternberger-seenland\/\"},{\"@type\":\"ListItem\",\"position\":2,\"name\":\"Vortrag im Naturparkzentrum\"}]},{\"@type\":\"WebSite\",\"@id\":\"https:\/\/www.naturparkmagazin.de\/sternberger-seenland\/#website\",\"url\":\"https:\/\/www.naturparkmagazin.de\/sternberger-seenland\/\",\"name\":\"Naturpark Sternberger Seenland\",\"description\":\"\",\"potentialAction\":[{\"@type\":\"SearchAction\",\"target\":{\"@type\":\"EntryPoint\",\"urlTemplate\":\"https:\/\/www.naturparkmagazin.de\/sternberger-seenland\/?s={search_term_string}\"},\"query-input\":\"required name=search_term_string\"}],\"inLanguage\":\"de\"},{\"@type\":\"Person\",\"@id\":\"https:\/\/www.naturparkmagazin.de\/sternberger-seenland\/#\/schema\/person\/712a5f470a8c286777fddf77babba74a\",\"name\":\"janlippke\",\"sameAs\":[\"http:\/\/www.naturpark-sternberger-seenland.de\"],\"url\":\"https:\/\/www.naturparkmagazin.de\/sternberger-seenland\/author\/janlippke\/\"}]}<\/script>\n<!-- \/ Yoast SEO plugin. -->","yoast_head_json":{"title":"Vortrag im Naturparkzentrum - Naturpark Sternberger Seenland","robots":{"index":"index","follow":"follow","max-snippet":"max-snippet:-1","max-image-preview":"max-image-preview:large","max-video-preview":"max-video-preview:-1"},"canonical":"https:\/\/www.naturparkmagazin.de\/sternberger-seenland\/vortrag-im-naturparkzentrum\/","og_locale":"de_DE","og_type":"article","og_title":"Vortrag im Naturparkzentrum - Naturpark Sternberger Seenland","og_description":"Am 14. November findet der letzte Vortrag in unserer diesj\u00e4hrigen Reihe statt. Christoph von Fircks wird aus seinem Buch &#8222;Gnadenlose Arktis&#8220; lesen und die Zuh\u00f6rer nach Gr\u00f6nland und zum arktischen Meer entf\u00fchren. In dem Buch erz\u00e4hlt von Fircks von drei Expeditionen in das gef\u00e4hrliche unerschlossene Gebiet, wo die Teilnehmer oft an ihre Grenzen sto\u00dfen. In","og_url":"https:\/\/www.naturparkmagazin.de\/sternberger-seenland\/vortrag-im-naturparkzentrum\/","og_site_name":"Naturpark Sternberger Seenland","article_published_time":"2013-10-30T12:31:16+00:00","article_modified_time":"2013-11-11T16:03:00+00:00","og_image":[{"width":850,"height":565,"url":"https:\/\/www.naturparkmagazin.de\/sternberger-seenland\/wp-content\/uploads\/sites\/30\/Vortrag-Waldglas-1.jpg","type":"image\/jpeg"}],"author":"janlippke","twitter_misc":{"Verfasst von":"janlippke","Gesch\u00e4tzte Lesezeit":"1\u00a0Minute"},"schema":{"@context":"https:\/\/schema.org","@graph":[{"@type":"WebPage","@id":"https:\/\/www.naturparkmagazin.de\/sternberger-seenland\/vortrag-im-naturparkzentrum\/","url":"https:\/\/www.naturparkmagazin.de\/sternberger-seenland\/vortrag-im-naturparkzentrum\/","name":"Vortrag im Naturparkzentrum - Naturpark Sternberger Seenland","isPartOf":{"@id":"https:\/\/www.naturparkmagazin.de\/sternberger-seenland\/#website"},"datePublished":"2013-10-30T12:31:16+00:00","dateModified":"2013-11-11T16:03:00+00:00","author":{"@id":"https:\/\/www.naturparkmagazin.de\/sternberger-seenland\/#\/schema\/person\/712a5f470a8c286777fddf77babba74a"},"breadcrumb":{"@id":"https:\/\/www.naturparkmagazin.de\/sternberger-seenland\/vortrag-im-naturparkzentrum\/#breadcrumb"},"inLanguage":"de","potentialAction":[{"@type":"ReadAction","target":["https:\/\/www.naturparkmagazin.de\/sternberger-seenland\/vortrag-im-naturparkzentrum\/"]}]},{"@type":"BreadcrumbList","@id":"https:\/\/www.naturparkmagazin.de\/sternberger-seenland\/vortrag-im-naturparkzentrum\/#breadcrumb","itemListElement":[{"@type":"ListItem","position":1,"name":"Home","item":"https:\/\/www.naturparkmagazin.de\/sternberger-seenland\/"},{"@type":"ListItem","position":2,"name":"Vortrag im Naturparkzentrum"}]},{"@type":"WebSite","@id":"https:\/\/www.naturparkmagazin.de\/sternberger-seenland\/#website","url":"https:\/\/www.naturparkmagazin.de\/sternberger-seenland\/","name":"Naturpark Sternberger Seenland","description":"","potentialAction":[{"@type":"SearchAction","target":{"@type":"EntryPoint","urlTemplate":"https:\/\/www.naturparkmagazin.de\/sternberger-seenland\/?s={search_term_string}"},"query-input":"required name=search_term_string"}],"inLanguage":"de"},{"@type":"Person","@id":"https:\/\/www.naturparkmagazin.de\/sternberger-seenland\/#\/schema\/person\/712a5f470a8c286777fddf77babba74a","name":"janlippke","sameAs":["http:\/\/www.naturpark-sternberger-seenland.de"],"url":"https:\/\/www.naturparkmagazin.de\/sternberger-seenland\/author\/janlippke\/"}]}},"_links":{"self":[{"href":"https:\/\/www.naturparkmagazin.de\/sternberger-seenland\/wp-json\/wp\/v2\/posts\/237"}],"collection":[{"href":"https:\/\/www.naturparkmagazin.de\/sternberger-seenland\/wp-json\/wp\/v2\/posts"}],"about":[{"href":"https:\/\/www.naturparkmagazin.de\/sternberger-seenland\/wp-json\/wp\/v2\/types\/post"}],"author":[{"embeddable":true,"href":"https:\/\/www.naturparkmagazin.de\/sternberger-seenland\/wp-json\/wp\/v2\/users\/27"}],"replies":[{"embeddable":true,"href":"https:\/\/www.naturparkmagazin.de\/sternberger-seenland\/wp-json\/wp\/v2\/comments?post=237"}],"version-history":[{"count":3,"href":"https:\/\/www.naturparkmagazin.de\/sternberger-seenland\/wp-json\/wp\/v2\/posts\/237\/revisions"}],"predecessor-version":[{"id":257,"href":"https:\/\/www.naturparkmagazin.de\/sternberger-seenland\/wp-json\/wp\/v2\/posts\/237\/revisions\/257"}],"wp:featuredmedia":[{"embeddable":true,"href":"https:\/\/www.naturparkmagazin.de\/sternberger-seenland\/wp-json\/wp\/v2\/media\/238"}],"wp:attachment":[{"href":"https:\/\/www.naturparkmagazin.de\/sternberger-seenland\/wp-json\/wp\/v2\/media?parent=237"}],"wp:term":[{"taxonomy":"category","embeddable":true,"href":"https:\/\/www.naturparkmagazin.de\/sternberger-seenland\/wp-json\/wp\/v2\/categories?post=237"},{"taxonomy":"post_tag","embeddable":true,"href":"https:\/\/www.naturparkmagazin.de\/sternberger-seenland\/wp-json\/wp\/v2\/tags?post=237"}],"curies":[{"name":"wp","href":"https:\/\/api.w.org\/{rel}","templated":true}]}}