{"id":240,"date":"2013-10-30T14:27:00","date_gmt":"2013-10-30T12:27:00","guid":{"rendered":"http:\/\/www.naturparkmagazin.de\/sternberger-seenland\/?p=240"},"modified":"2013-11-18T18:24:29","modified_gmt":"2013-11-18T16:24:29","slug":"mitgliederversammlung-des-foerdervereins","status":"publish","type":"post","link":"https:\/\/www.naturparkmagazin.de\/sternberger-seenland\/mitgliederversammlung-des-foerdervereins\/","title":{"rendered":"Mitgliederversammlung des F\u00f6rdervereins"},"content":{"rendered":"<p>Am 27. November findet die diesj\u00e4hrige Mitgliederversammlung unseres F\u00f6rdervereins statt. Beginn ist um 18 Uhr im Naturparkzentrum in Warin. Folgende Tagesordnung ist vorgesehen:<a href=\"https:\/\/www.naturparkmagazin.de\/sternberger-seenland\/wp-content\/uploads\/sites\/30\/Mitgliederversammlung.jpg\"><img decoding=\"async\" loading=\"lazy\" class=\"aligncenter size-full wp-image-249\" alt=\"Mitgliederversammlung\" src=\"https:\/\/www.naturparkmagazin.de\/sternberger-seenland\/wp-content\/uploads\/sites\/30\/Mitgliederversammlung.jpg\" width=\"380\" height=\"214\" srcset=\"https:\/\/www.naturparkmagazin.de\/sternberger-seenland\/wp-content\/uploads\/sites\/30\/Mitgliederversammlung.jpg 380w, https:\/\/www.naturparkmagazin.de\/sternberger-seenland\/wp-content\/uploads\/sites\/30\/Mitgliederversammlung-300x169.jpg 300w, https:\/\/www.naturparkmagazin.de\/sternberger-seenland\/wp-content\/uploads\/sites\/30\/Mitgliederversammlung-200x113.jpg 200w\" sizes=\"(max-width: 380px) 100vw, 380px\" \/><\/a><\/p>\n<p>1. Er\u00f6ffnung und Begr\u00fc\u00dfung,<\/p>\n<p>2. Das Jahr 2013 im Naturpark Sternberger Seenland,<\/p>\n<p>3. T\u00e4tigkeitsbericht des Vereinsvorsitzenden,<\/p>\n<p>4. Diskussion,<\/p>\n<p>5. Kassenbericht,<\/p>\n<p>6. Entlastung des Vorstandes,<\/p>\n<p>7. Wahl des neuen Vorstandes<\/p>\n<p>Pause<\/p>\n<p>8. Konstituierung des neuen Vorstandes,<\/p>\n<p>9. Schlusswort des neuen Vorsitzenden<\/p>\n<p>&nbsp;<\/p>\n<p>Insbesondere wegen der anstehenden Neuwahl des Vorstandes hoffen wir auf eine rege Beteiligung. Auch interessierte B\u00fcrger, die zwar (noch) nicht Mitglied im F\u00f6rderverein sind, k\u00f6nnen gern an dieser Veranstaltung teilnehmen und sich so \u00fcber die Arbeit des F\u00f6rdervereins informieren.<\/p>\n<p>&nbsp;<\/p>\n","protected":false},"excerpt":{"rendered":"<p>Am 27. November findet die diesj\u00e4hrige Mitgliederversammlung unseres F\u00f6rdervereins statt. Beginn ist um 18 Uhr im Naturparkzentrum in Warin. Folgende Tagesordnung ist vorgesehen: 1. Er\u00f6ffnung und Begr\u00fc\u00dfung, 2. Das Jahr 2013 im Naturpark Sternberger Seenland, 3. T\u00e4tigkeitsbericht des Vereinsvorsitzenden, 4. Diskussion, 5. Kassenbericht, 6. Entlastung des Vorstandes, 7. Wahl des neuen Vorstandes Pause 8. Konstituierung<\/p>\n","protected":false},"author":27,"featured_media":249,"comment_status":"open","ping_status":"open","sticky":false,"template":"","format":"standard","meta":[],"categories":[7],"tags":[],"yoast_head":"<!-- This site is optimized with the Yoast SEO plugin v19.10 - https:\/\/yoast.com\/wordpress\/plugins\/seo\/ -->\n<title>Mitgliederversammlung des F\u00f6rdervereins - Naturpark Sternberger Seenland<\/title>\n<meta name=\"robots\" content=\"index, follow, max-snippet:-1, max-image-preview:large, max-video-preview:-1\" \/>\n<link rel=\"canonical\" href=\"https:\/\/www.naturparkmagazin.de\/sternberger-seenland\/mitgliederversammlung-des-foerdervereins\/\" \/>\n<meta property=\"og:locale\" content=\"de_DE\" \/>\n<meta property=\"og:type\" content=\"article\" \/>\n<meta property=\"og:title\" content=\"Mitgliederversammlung des F\u00f6rdervereins - Naturpark Sternberger Seenland\" \/>\n<meta property=\"og:description\" content=\"Am 27. November findet die diesj\u00e4hrige Mitgliederversammlung unseres F\u00f6rdervereins statt. Beginn ist um 18 Uhr im Naturparkzentrum in Warin. Folgende Tagesordnung ist vorgesehen: 1. Er\u00f6ffnung und Begr\u00fc\u00dfung, 2. Das Jahr 2013 im Naturpark Sternberger Seenland, 3. T\u00e4tigkeitsbericht des Vereinsvorsitzenden, 4. Diskussion, 5. Kassenbericht, 6. Entlastung des Vorstandes, 7. Wahl des neuen Vorstandes Pause 8. Konstituierung\" \/>\n<meta property=\"og:url\" content=\"https:\/\/www.naturparkmagazin.de\/sternberger-seenland\/mitgliederversammlung-des-foerdervereins\/\" \/>\n<meta property=\"og:site_name\" content=\"Naturpark Sternberger Seenland\" \/>\n<meta property=\"article:published_time\" content=\"2013-10-30T12:27:00+00:00\" \/>\n<meta property=\"article:modified_time\" content=\"2013-11-18T16:24:29+00:00\" \/>\n<meta property=\"og:image\" content=\"https:\/\/www.naturparkmagazin.de\/sternberger-seenland\/wp-content\/uploads\/sites\/30\/Mitgliederversammlung.jpg\" \/>\n\t<meta property=\"og:image:width\" content=\"380\" \/>\n\t<meta property=\"og:image:height\" content=\"214\" \/>\n\t<meta property=\"og:image:type\" content=\"image\/jpeg\" \/>\n<meta name=\"author\" content=\"janlippke\" \/>\n<meta name=\"twitter:label1\" content=\"Verfasst von\" \/>\n\t<meta name=\"twitter:data1\" content=\"janlippke\" \/>\n\t<meta name=\"twitter:label2\" content=\"Gesch\u00e4tzte Lesezeit\" \/>\n\t<meta name=\"twitter:data2\" content=\"1\u00a0Minute\" \/>\n<script type=\"application\/ld+json\" class=\"yoast-schema-graph\">{\"@context\":\"https:\/\/schema.org\",\"@graph\":[{\"@type\":\"WebPage\",\"@id\":\"https:\/\/www.naturparkmagazin.de\/sternberger-seenland\/mitgliederversammlung-des-foerdervereins\/\",\"url\":\"https:\/\/www.naturparkmagazin.de\/sternberger-seenland\/mitgliederversammlung-des-foerdervereins\/\",\"name\":\"Mitgliederversammlung des F\u00f6rdervereins - Naturpark Sternberger Seenland\",\"isPartOf\":{\"@id\":\"https:\/\/www.naturparkmagazin.de\/sternberger-seenland\/#website\"},\"datePublished\":\"2013-10-30T12:27:00+00:00\",\"dateModified\":\"2013-11-18T16:24:29+00:00\",\"author\":{\"@id\":\"https:\/\/www.naturparkmagazin.de\/sternberger-seenland\/#\/schema\/person\/712a5f470a8c286777fddf77babba74a\"},\"breadcrumb\":{\"@id\":\"https:\/\/www.naturparkmagazin.de\/sternberger-seenland\/mitgliederversammlung-des-foerdervereins\/#breadcrumb\"},\"inLanguage\":\"de\",\"potentialAction\":[{\"@type\":\"ReadAction\",\"target\":[\"https:\/\/www.naturparkmagazin.de\/sternberger-seenland\/mitgliederversammlung-des-foerdervereins\/\"]}]},{\"@type\":\"BreadcrumbList\",\"@id\":\"https:\/\/www.naturparkmagazin.de\/sternberger-seenland\/mitgliederversammlung-des-foerdervereins\/#breadcrumb\",\"itemListElement\":[{\"@type\":\"ListItem\",\"position\":1,\"name\":\"Home\",\"item\":\"https:\/\/www.naturparkmagazin.de\/sternberger-seenland\/\"},{\"@type\":\"ListItem\",\"position\":2,\"name\":\"Mitgliederversammlung des F\u00f6rdervereins\"}]},{\"@type\":\"WebSite\",\"@id\":\"https:\/\/www.naturparkmagazin.de\/sternberger-seenland\/#website\",\"url\":\"https:\/\/www.naturparkmagazin.de\/sternberger-seenland\/\",\"name\":\"Naturpark Sternberger Seenland\",\"description\":\"\",\"potentialAction\":[{\"@type\":\"SearchAction\",\"target\":{\"@type\":\"EntryPoint\",\"urlTemplate\":\"https:\/\/www.naturparkmagazin.de\/sternberger-seenland\/?s={search_term_string}\"},\"query-input\":\"required name=search_term_string\"}],\"inLanguage\":\"de\"},{\"@type\":\"Person\",\"@id\":\"https:\/\/www.naturparkmagazin.de\/sternberger-seenland\/#\/schema\/person\/712a5f470a8c286777fddf77babba74a\",\"name\":\"janlippke\",\"sameAs\":[\"http:\/\/www.naturpark-sternberger-seenland.de\"],\"url\":\"https:\/\/www.naturparkmagazin.de\/sternberger-seenland\/author\/janlippke\/\"}]}<\/script>\n<!-- \/ Yoast SEO plugin. -->","yoast_head_json":{"title":"Mitgliederversammlung des F\u00f6rdervereins - Naturpark Sternberger Seenland","robots":{"index":"index","follow":"follow","max-snippet":"max-snippet:-1","max-image-preview":"max-image-preview:large","max-video-preview":"max-video-preview:-1"},"canonical":"https:\/\/www.naturparkmagazin.de\/sternberger-seenland\/mitgliederversammlung-des-foerdervereins\/","og_locale":"de_DE","og_type":"article","og_title":"Mitgliederversammlung des F\u00f6rdervereins - Naturpark Sternberger Seenland","og_description":"Am 27. November findet die diesj\u00e4hrige Mitgliederversammlung unseres F\u00f6rdervereins statt. Beginn ist um 18 Uhr im Naturparkzentrum in Warin. Folgende Tagesordnung ist vorgesehen: 1. Er\u00f6ffnung und Begr\u00fc\u00dfung, 2. Das Jahr 2013 im Naturpark Sternberger Seenland, 3. T\u00e4tigkeitsbericht des Vereinsvorsitzenden, 4. Diskussion, 5. Kassenbericht, 6. Entlastung des Vorstandes, 7. Wahl des neuen Vorstandes Pause 8. Konstituierung","og_url":"https:\/\/www.naturparkmagazin.de\/sternberger-seenland\/mitgliederversammlung-des-foerdervereins\/","og_site_name":"Naturpark Sternberger Seenland","article_published_time":"2013-10-30T12:27:00+00:00","article_modified_time":"2013-11-18T16:24:29+00:00","og_image":[{"width":380,"height":214,"url":"https:\/\/www.naturparkmagazin.de\/sternberger-seenland\/wp-content\/uploads\/sites\/30\/Mitgliederversammlung.jpg","type":"image\/jpeg"}],"author":"janlippke","twitter_misc":{"Verfasst von":"janlippke","Gesch\u00e4tzte Lesezeit":"1\u00a0Minute"},"schema":{"@context":"https:\/\/schema.org","@graph":[{"@type":"WebPage","@id":"https:\/\/www.naturparkmagazin.de\/sternberger-seenland\/mitgliederversammlung-des-foerdervereins\/","url":"https:\/\/www.naturparkmagazin.de\/sternberger-seenland\/mitgliederversammlung-des-foerdervereins\/","name":"Mitgliederversammlung des F\u00f6rdervereins - Naturpark Sternberger Seenland","isPartOf":{"@id":"https:\/\/www.naturparkmagazin.de\/sternberger-seenland\/#website"},"datePublished":"2013-10-30T12:27:00+00:00","dateModified":"2013-11-18T16:24:29+00:00","author":{"@id":"https:\/\/www.naturparkmagazin.de\/sternberger-seenland\/#\/schema\/person\/712a5f470a8c286777fddf77babba74a"},"breadcrumb":{"@id":"https:\/\/www.naturparkmagazin.de\/sternberger-seenland\/mitgliederversammlung-des-foerdervereins\/#breadcrumb"},"inLanguage":"de","potentialAction":[{"@type":"ReadAction","target":["https:\/\/www.naturparkmagazin.de\/sternberger-seenland\/mitgliederversammlung-des-foerdervereins\/"]}]},{"@type":"BreadcrumbList","@id":"https:\/\/www.naturparkmagazin.de\/sternberger-seenland\/mitgliederversammlung-des-foerdervereins\/#breadcrumb","itemListElement":[{"@type":"ListItem","position":1,"name":"Home","item":"https:\/\/www.naturparkmagazin.de\/sternberger-seenland\/"},{"@type":"ListItem","position":2,"name":"Mitgliederversammlung des F\u00f6rdervereins"}]},{"@type":"WebSite","@id":"https:\/\/www.naturparkmagazin.de\/sternberger-seenland\/#website","url":"https:\/\/www.naturparkmagazin.de\/sternberger-seenland\/","name":"Naturpark Sternberger Seenland","description":"","potentialAction":[{"@type":"SearchAction","target":{"@type":"EntryPoint","urlTemplate":"https:\/\/www.naturparkmagazin.de\/sternberger-seenland\/?s={search_term_string}"},"query-input":"required name=search_term_string"}],"inLanguage":"de"},{"@type":"Person","@id":"https:\/\/www.naturparkmagazin.de\/sternberger-seenland\/#\/schema\/person\/712a5f470a8c286777fddf77babba74a","name":"janlippke","sameAs":["http:\/\/www.naturpark-sternberger-seenland.de"],"url":"https:\/\/www.naturparkmagazin.de\/sternberger-seenland\/author\/janlippke\/"}]}},"_links":{"self":[{"href":"https:\/\/www.naturparkmagazin.de\/sternberger-seenland\/wp-json\/wp\/v2\/posts\/240"}],"collection":[{"href":"https:\/\/www.naturparkmagazin.de\/sternberger-seenland\/wp-json\/wp\/v2\/posts"}],"about":[{"href":"https:\/\/www.naturparkmagazin.de\/sternberger-seenland\/wp-json\/wp\/v2\/types\/post"}],"author":[{"embeddable":true,"href":"https:\/\/www.naturparkmagazin.de\/sternberger-seenland\/wp-json\/wp\/v2\/users\/27"}],"replies":[{"embeddable":true,"href":"https:\/\/www.naturparkmagazin.de\/sternberger-seenland\/wp-json\/wp\/v2\/comments?post=240"}],"version-history":[{"count":3,"href":"https:\/\/www.naturparkmagazin.de\/sternberger-seenland\/wp-json\/wp\/v2\/posts\/240\/revisions"}],"predecessor-version":[{"id":259,"href":"https:\/\/www.naturparkmagazin.de\/sternberger-seenland\/wp-json\/wp\/v2\/posts\/240\/revisions\/259"}],"wp:featuredmedia":[{"embeddable":true,"href":"https:\/\/www.naturparkmagazin.de\/sternberger-seenland\/wp-json\/wp\/v2\/media\/249"}],"wp:attachment":[{"href":"https:\/\/www.naturparkmagazin.de\/sternberger-seenland\/wp-json\/wp\/v2\/media?parent=240"}],"wp:term":[{"taxonomy":"category","embeddable":true,"href":"https:\/\/www.naturparkmagazin.de\/sternberger-seenland\/wp-json\/wp\/v2\/categories?post=240"},{"taxonomy":"post_tag","embeddable":true,"href":"https:\/\/www.naturparkmagazin.de\/sternberger-seenland\/wp-json\/wp\/v2\/tags?post=240"}],"curies":[{"name":"wp","href":"https:\/\/api.w.org\/{rel}","templated":true}]}}