{"id":2423,"date":"2020-11-12T14:48:52","date_gmt":"2020-11-12T13:48:52","guid":{"rendered":"https:\/\/www.naturparkmagazin.de\/sternberger-seenland\/?p=2423"},"modified":"2020-11-10T14:50:05","modified_gmt":"2020-11-10T13:50:05","slug":"naturparkzentrum-im-dezember-geschlossen","status":"publish","type":"post","link":"https:\/\/www.naturparkmagazin.de\/sternberger-seenland\/naturparkzentrum-im-dezember-geschlossen\/","title":{"rendered":"Naturparkzentrum im Dezember geschlossen"},"content":{"rendered":"<p><del><\/del><\/p>\n<p><u>Ab sofort gelten folgende\u00a0 \u00d6ffnungszeiten f\u00fcr das Naturparkzentrum Warin:<\/u><\/p>\n<p>\u00d6ffnungszeiten:<\/p>\n<p>Mai bis September \u00a0\u00a0\u00a0\u00a0\u00a0\u00a0\u00a0\u00a0\u00a0\u00a0\u00a0\u00a0\u00a0\u00a0\u00a0\u00a0\u00a0\u00a0\u00a0\u00a0\u00a0\u00a0\u00a0 Mo &#8211; Sa \u00a0\u00a0\u00a0\u00a0\u00a0\u00a0\u00a0 10 &#8211; 17 Uhr<\/p>\n<p>Oktober und Februar bis April: \u00a0\u00a0\u00a0 Mo. &#8211; Fr. \u00a0\u00a0\u00a0\u00a0\u00a0\u00a0 10 &#8211; 16 Uhr<\/p>\n<p>November bis Januar und an Feiertagen geschlossen, aber auf Anfrage f\u00fcr Gruppen m\u00f6glich.<\/p>\n<div id=\"attachment_2250\" style=\"width: 510px\" class=\"wp-caption alignnone\"><a href=\"https:\/\/www.naturparkmagazin.de\/sternberger-seenland\/wp-content\/uploads\/sites\/30\/Warinb.jpg\"><img aria-describedby=\"caption-attachment-2250\" decoding=\"async\" loading=\"lazy\" class=\"size-full wp-image-2250\" src=\"https:\/\/www.naturparkmagazin.de\/sternberger-seenland\/wp-content\/uploads\/sites\/30\/Warinb.jpg\" alt=\"Naturparkzentrum \u00a9 Jan Lippke\" width=\"500\" height=\"300\" srcset=\"https:\/\/www.naturparkmagazin.de\/sternberger-seenland\/wp-content\/uploads\/sites\/30\/Warinb.jpg 500w, https:\/\/www.naturparkmagazin.de\/sternberger-seenland\/wp-content\/uploads\/sites\/30\/Warinb-300x180.jpg 300w, https:\/\/www.naturparkmagazin.de\/sternberger-seenland\/wp-content\/uploads\/sites\/30\/Warinb-200x120.jpg 200w\" sizes=\"(max-width: 500px) 100vw, 500px\" \/><\/a><p id=\"caption-attachment-2250\" class=\"wp-caption-text\">Naturparkzentrum \u00a9 Jan Lippke<\/p><\/div>\n<p>&nbsp;<\/p>\n","protected":false},"excerpt":{"rendered":"<p>Ab sofort gelten folgende\u00a0 \u00d6ffnungszeiten f\u00fcr das Naturparkzentrum Warin: \u00d6ffnungszeiten: Mai bis September \u00a0\u00a0\u00a0\u00a0\u00a0\u00a0\u00a0\u00a0\u00a0\u00a0\u00a0\u00a0\u00a0\u00a0\u00a0\u00a0\u00a0\u00a0\u00a0\u00a0\u00a0\u00a0\u00a0 Mo &#8211; Sa \u00a0\u00a0\u00a0\u00a0\u00a0\u00a0\u00a0 10 &#8211; 17 Uhr Oktober und Februar bis April: \u00a0\u00a0\u00a0 Mo. &#8211; Fr. \u00a0\u00a0\u00a0\u00a0\u00a0\u00a0 10 &#8211; 16 Uhr November bis Januar und an Feiertagen geschlossen, aber auf Anfrage f\u00fcr Gruppen m\u00f6glich. &nbsp;<\/p>\n","protected":false},"author":27,"featured_media":0,"comment_status":"open","ping_status":"open","sticky":false,"template":"","format":"standard","meta":[],"categories":[7],"tags":[],"yoast_head":"<!-- This site is optimized with the Yoast SEO plugin v19.10 - https:\/\/yoast.com\/wordpress\/plugins\/seo\/ -->\n<title>Naturparkzentrum im Dezember geschlossen - Naturpark Sternberger Seenland<\/title>\n<meta name=\"robots\" content=\"index, follow, max-snippet:-1, max-image-preview:large, max-video-preview:-1\" \/>\n<link rel=\"canonical\" href=\"https:\/\/www.naturparkmagazin.de\/sternberger-seenland\/naturparkzentrum-im-dezember-geschlossen\/\" \/>\n<meta property=\"og:locale\" content=\"de_DE\" \/>\n<meta property=\"og:type\" content=\"article\" \/>\n<meta property=\"og:title\" content=\"Naturparkzentrum im Dezember geschlossen - Naturpark Sternberger Seenland\" \/>\n<meta property=\"og:description\" content=\"Ab sofort gelten folgende\u00a0 \u00d6ffnungszeiten f\u00fcr das Naturparkzentrum Warin: \u00d6ffnungszeiten: Mai bis September \u00a0\u00a0\u00a0\u00a0\u00a0\u00a0\u00a0\u00a0\u00a0\u00a0\u00a0\u00a0\u00a0\u00a0\u00a0\u00a0\u00a0\u00a0\u00a0\u00a0\u00a0\u00a0\u00a0 Mo &#8211; Sa \u00a0\u00a0\u00a0\u00a0\u00a0\u00a0\u00a0 10 &#8211; 17 Uhr Oktober und Februar bis April: \u00a0\u00a0\u00a0 Mo. &#8211; Fr. \u00a0\u00a0\u00a0\u00a0\u00a0\u00a0 10 &#8211; 16 Uhr November bis Januar und an Feiertagen geschlossen, aber auf Anfrage f\u00fcr Gruppen m\u00f6glich. &nbsp;\" \/>\n<meta property=\"og:url\" content=\"https:\/\/www.naturparkmagazin.de\/sternberger-seenland\/naturparkzentrum-im-dezember-geschlossen\/\" \/>\n<meta property=\"og:site_name\" content=\"Naturpark Sternberger Seenland\" \/>\n<meta property=\"article:published_time\" content=\"2020-11-12T13:48:52+00:00\" \/>\n<meta property=\"article:modified_time\" content=\"2020-11-10T13:50:05+00:00\" \/>\n<meta property=\"og:image\" content=\"https:\/\/www.naturparkmagazin.de\/sternberger-seenland\/wp-content\/uploads\/sites\/30\/Warinb.jpg\" \/>\n<meta name=\"author\" content=\"janlippke\" \/>\n<meta name=\"twitter:label1\" content=\"Verfasst von\" \/>\n\t<meta name=\"twitter:data1\" content=\"janlippke\" \/>\n<script type=\"application\/ld+json\" class=\"yoast-schema-graph\">{\"@context\":\"https:\/\/schema.org\",\"@graph\":[{\"@type\":\"WebPage\",\"@id\":\"https:\/\/www.naturparkmagazin.de\/sternberger-seenland\/naturparkzentrum-im-dezember-geschlossen\/\",\"url\":\"https:\/\/www.naturparkmagazin.de\/sternberger-seenland\/naturparkzentrum-im-dezember-geschlossen\/\",\"name\":\"Naturparkzentrum im Dezember geschlossen - Naturpark Sternberger Seenland\",\"isPartOf\":{\"@id\":\"https:\/\/www.naturparkmagazin.de\/sternberger-seenland\/#website\"},\"datePublished\":\"2020-11-12T13:48:52+00:00\",\"dateModified\":\"2020-11-10T13:50:05+00:00\",\"author\":{\"@id\":\"https:\/\/www.naturparkmagazin.de\/sternberger-seenland\/#\/schema\/person\/712a5f470a8c286777fddf77babba74a\"},\"breadcrumb\":{\"@id\":\"https:\/\/www.naturparkmagazin.de\/sternberger-seenland\/naturparkzentrum-im-dezember-geschlossen\/#breadcrumb\"},\"inLanguage\":\"de\",\"potentialAction\":[{\"@type\":\"ReadAction\",\"target\":[\"https:\/\/www.naturparkmagazin.de\/sternberger-seenland\/naturparkzentrum-im-dezember-geschlossen\/\"]}]},{\"@type\":\"BreadcrumbList\",\"@id\":\"https:\/\/www.naturparkmagazin.de\/sternberger-seenland\/naturparkzentrum-im-dezember-geschlossen\/#breadcrumb\",\"itemListElement\":[{\"@type\":\"ListItem\",\"position\":1,\"name\":\"Home\",\"item\":\"https:\/\/www.naturparkmagazin.de\/sternberger-seenland\/\"},{\"@type\":\"ListItem\",\"position\":2,\"name\":\"Naturparkzentrum im Dezember geschlossen\"}]},{\"@type\":\"WebSite\",\"@id\":\"https:\/\/www.naturparkmagazin.de\/sternberger-seenland\/#website\",\"url\":\"https:\/\/www.naturparkmagazin.de\/sternberger-seenland\/\",\"name\":\"Naturpark Sternberger Seenland\",\"description\":\"\",\"potentialAction\":[{\"@type\":\"SearchAction\",\"target\":{\"@type\":\"EntryPoint\",\"urlTemplate\":\"https:\/\/www.naturparkmagazin.de\/sternberger-seenland\/?s={search_term_string}\"},\"query-input\":\"required name=search_term_string\"}],\"inLanguage\":\"de\"},{\"@type\":\"Person\",\"@id\":\"https:\/\/www.naturparkmagazin.de\/sternberger-seenland\/#\/schema\/person\/712a5f470a8c286777fddf77babba74a\",\"name\":\"janlippke\",\"sameAs\":[\"http:\/\/www.naturpark-sternberger-seenland.de\"],\"url\":\"https:\/\/www.naturparkmagazin.de\/sternberger-seenland\/author\/janlippke\/\"}]}<\/script>\n<!-- \/ Yoast SEO plugin. -->","yoast_head_json":{"title":"Naturparkzentrum im Dezember geschlossen - Naturpark Sternberger Seenland","robots":{"index":"index","follow":"follow","max-snippet":"max-snippet:-1","max-image-preview":"max-image-preview:large","max-video-preview":"max-video-preview:-1"},"canonical":"https:\/\/www.naturparkmagazin.de\/sternberger-seenland\/naturparkzentrum-im-dezember-geschlossen\/","og_locale":"de_DE","og_type":"article","og_title":"Naturparkzentrum im Dezember geschlossen - Naturpark Sternberger Seenland","og_description":"Ab sofort gelten folgende\u00a0 \u00d6ffnungszeiten f\u00fcr das Naturparkzentrum Warin: \u00d6ffnungszeiten: Mai bis September \u00a0\u00a0\u00a0\u00a0\u00a0\u00a0\u00a0\u00a0\u00a0\u00a0\u00a0\u00a0\u00a0\u00a0\u00a0\u00a0\u00a0\u00a0\u00a0\u00a0\u00a0\u00a0\u00a0 Mo &#8211; Sa \u00a0\u00a0\u00a0\u00a0\u00a0\u00a0\u00a0 10 &#8211; 17 Uhr Oktober und Februar bis April: \u00a0\u00a0\u00a0 Mo. &#8211; Fr. \u00a0\u00a0\u00a0\u00a0\u00a0\u00a0 10 &#8211; 16 Uhr November bis Januar und an Feiertagen geschlossen, aber auf Anfrage f\u00fcr Gruppen m\u00f6glich. &nbsp;","og_url":"https:\/\/www.naturparkmagazin.de\/sternberger-seenland\/naturparkzentrum-im-dezember-geschlossen\/","og_site_name":"Naturpark Sternberger Seenland","article_published_time":"2020-11-12T13:48:52+00:00","article_modified_time":"2020-11-10T13:50:05+00:00","og_image":[{"url":"https:\/\/www.naturparkmagazin.de\/sternberger-seenland\/wp-content\/uploads\/sites\/30\/Warinb.jpg"}],"author":"janlippke","twitter_misc":{"Verfasst von":"janlippke"},"schema":{"@context":"https:\/\/schema.org","@graph":[{"@type":"WebPage","@id":"https:\/\/www.naturparkmagazin.de\/sternberger-seenland\/naturparkzentrum-im-dezember-geschlossen\/","url":"https:\/\/www.naturparkmagazin.de\/sternberger-seenland\/naturparkzentrum-im-dezember-geschlossen\/","name":"Naturparkzentrum im Dezember geschlossen - Naturpark Sternberger Seenland","isPartOf":{"@id":"https:\/\/www.naturparkmagazin.de\/sternberger-seenland\/#website"},"datePublished":"2020-11-12T13:48:52+00:00","dateModified":"2020-11-10T13:50:05+00:00","author":{"@id":"https:\/\/www.naturparkmagazin.de\/sternberger-seenland\/#\/schema\/person\/712a5f470a8c286777fddf77babba74a"},"breadcrumb":{"@id":"https:\/\/www.naturparkmagazin.de\/sternberger-seenland\/naturparkzentrum-im-dezember-geschlossen\/#breadcrumb"},"inLanguage":"de","potentialAction":[{"@type":"ReadAction","target":["https:\/\/www.naturparkmagazin.de\/sternberger-seenland\/naturparkzentrum-im-dezember-geschlossen\/"]}]},{"@type":"BreadcrumbList","@id":"https:\/\/www.naturparkmagazin.de\/sternberger-seenland\/naturparkzentrum-im-dezember-geschlossen\/#breadcrumb","itemListElement":[{"@type":"ListItem","position":1,"name":"Home","item":"https:\/\/www.naturparkmagazin.de\/sternberger-seenland\/"},{"@type":"ListItem","position":2,"name":"Naturparkzentrum im Dezember geschlossen"}]},{"@type":"WebSite","@id":"https:\/\/www.naturparkmagazin.de\/sternberger-seenland\/#website","url":"https:\/\/www.naturparkmagazin.de\/sternberger-seenland\/","name":"Naturpark Sternberger Seenland","description":"","potentialAction":[{"@type":"SearchAction","target":{"@type":"EntryPoint","urlTemplate":"https:\/\/www.naturparkmagazin.de\/sternberger-seenland\/?s={search_term_string}"},"query-input":"required name=search_term_string"}],"inLanguage":"de"},{"@type":"Person","@id":"https:\/\/www.naturparkmagazin.de\/sternberger-seenland\/#\/schema\/person\/712a5f470a8c286777fddf77babba74a","name":"janlippke","sameAs":["http:\/\/www.naturpark-sternberger-seenland.de"],"url":"https:\/\/www.naturparkmagazin.de\/sternberger-seenland\/author\/janlippke\/"}]}},"_links":{"self":[{"href":"https:\/\/www.naturparkmagazin.de\/sternberger-seenland\/wp-json\/wp\/v2\/posts\/2423"}],"collection":[{"href":"https:\/\/www.naturparkmagazin.de\/sternberger-seenland\/wp-json\/wp\/v2\/posts"}],"about":[{"href":"https:\/\/www.naturparkmagazin.de\/sternberger-seenland\/wp-json\/wp\/v2\/types\/post"}],"author":[{"embeddable":true,"href":"https:\/\/www.naturparkmagazin.de\/sternberger-seenland\/wp-json\/wp\/v2\/users\/27"}],"replies":[{"embeddable":true,"href":"https:\/\/www.naturparkmagazin.de\/sternberger-seenland\/wp-json\/wp\/v2\/comments?post=2423"}],"version-history":[{"count":1,"href":"https:\/\/www.naturparkmagazin.de\/sternberger-seenland\/wp-json\/wp\/v2\/posts\/2423\/revisions"}],"predecessor-version":[{"id":2424,"href":"https:\/\/www.naturparkmagazin.de\/sternberger-seenland\/wp-json\/wp\/v2\/posts\/2423\/revisions\/2424"}],"wp:attachment":[{"href":"https:\/\/www.naturparkmagazin.de\/sternberger-seenland\/wp-json\/wp\/v2\/media?parent=2423"}],"wp:term":[{"taxonomy":"category","embeddable":true,"href":"https:\/\/www.naturparkmagazin.de\/sternberger-seenland\/wp-json\/wp\/v2\/categories?post=2423"},{"taxonomy":"post_tag","embeddable":true,"href":"https:\/\/www.naturparkmagazin.de\/sternberger-seenland\/wp-json\/wp\/v2\/tags?post=2423"}],"curies":[{"name":"wp","href":"https:\/\/api.w.org\/{rel}","templated":true}]}}