{"id":243,"date":"2013-10-30T14:29:48","date_gmt":"2013-10-30T12:29:48","guid":{"rendered":"http:\/\/www.naturparkmagazin.de\/sternberger-seenland\/?p=243"},"modified":"2013-10-30T14:29:48","modified_gmt":"2013-10-30T12:29:48","slug":"unsere-foej-lerin-stellt-sich-vor","status":"publish","type":"post","link":"https:\/\/www.naturparkmagazin.de\/sternberger-seenland\/unsere-foej-lerin-stellt-sich-vor\/","title":{"rendered":"Unsere F\u00d6J-lerin stellt sich vor:"},"content":{"rendered":"<p>Mein Name ist Lineke Lenferink, ich bin 17 Jahre alt und komme aus Niedersachsen. Nach dem Abitur hat es mich in das landschaftlich wundersch\u00f6ne Mecklenburg Vorpommern gezogen, wo ich seit dem 1. September F\u00d6Jlerin im Naturpark Sternberger Seenland bin. In der kurzen Zeit habe ich bereits sehr viele neue Dinge gelernt und erlebe fast jeden Tag etwas Neues. Zu meinen Aufgaben geh\u00f6rten bisher unter anderem der Bau eines Insektenhotels, Wegekartierung, Betreuung des Naturparkstands bei \u00f6ffentlichen Veranstaltungen, Wanderungen mit Schulklassen und Landschaftspflege, stets gemeinsam mit dem\u00a0 Naturpark Team. Aber das F\u00d6J gibt mir auch die M\u00f6glichkeit eigene Projekte zu entwickeln und durchzuf\u00fchren. Ein freiwilliges \u00f6kologisches Jahr ist ideal f\u00fcr alle, die genauso wie ich nach der Schule Zeit zur Orientierung brauchen, einfach mal eine Pause vom Lernen und Schule m\u00f6chten und sich und ihre Umwelt gerne neu entdecken m\u00f6chten. Vielleicht ergibt sich aus der T\u00e4tigkeit beim Naturpark dann auch eine Anregung f\u00fcr ein nachfolgendes Studium.<\/p>\n","protected":false},"excerpt":{"rendered":"<p>Mein Name ist Lineke Lenferink, ich bin 17 Jahre alt und komme aus Niedersachsen. Nach dem Abitur hat es mich in das landschaftlich wundersch\u00f6ne Mecklenburg Vorpommern gezogen, wo ich seit dem 1. September F\u00d6Jlerin im Naturpark Sternberger Seenland bin. In der kurzen Zeit habe ich bereits sehr viele neue Dinge gelernt und erlebe fast jeden<\/p>\n","protected":false},"author":27,"featured_media":244,"comment_status":"open","ping_status":"open","sticky":false,"template":"","format":"standard","meta":[],"categories":[7],"tags":[],"yoast_head":"<!-- This site is optimized with the Yoast SEO plugin v19.10 - https:\/\/yoast.com\/wordpress\/plugins\/seo\/ -->\n<title>Unsere F\u00d6J-lerin stellt sich vor: - Naturpark Sternberger Seenland<\/title>\n<meta name=\"robots\" content=\"index, follow, max-snippet:-1, max-image-preview:large, max-video-preview:-1\" \/>\n<link rel=\"canonical\" href=\"https:\/\/www.naturparkmagazin.de\/sternberger-seenland\/unsere-foej-lerin-stellt-sich-vor\/\" \/>\n<meta property=\"og:locale\" content=\"de_DE\" \/>\n<meta property=\"og:type\" content=\"article\" \/>\n<meta property=\"og:title\" content=\"Unsere F\u00d6J-lerin stellt sich vor: - Naturpark Sternberger Seenland\" \/>\n<meta property=\"og:description\" content=\"Mein Name ist Lineke Lenferink, ich bin 17 Jahre alt und komme aus Niedersachsen. Nach dem Abitur hat es mich in das landschaftlich wundersch\u00f6ne Mecklenburg Vorpommern gezogen, wo ich seit dem 1. September F\u00d6Jlerin im Naturpark Sternberger Seenland bin. In der kurzen Zeit habe ich bereits sehr viele neue Dinge gelernt und erlebe fast jeden\" \/>\n<meta property=\"og:url\" content=\"https:\/\/www.naturparkmagazin.de\/sternberger-seenland\/unsere-foej-lerin-stellt-sich-vor\/\" \/>\n<meta property=\"og:site_name\" content=\"Naturpark Sternberger Seenland\" \/>\n<meta property=\"article:published_time\" content=\"2013-10-30T12:29:48+00:00\" \/>\n<meta property=\"og:image\" content=\"https:\/\/www.naturparkmagazin.de\/sternberger-seenland\/wp-content\/uploads\/sites\/30\/Lineke-bei-der-Arbeit.jpg\" \/>\n\t<meta property=\"og:image:width\" content=\"380\" \/>\n\t<meta property=\"og:image:height\" content=\"285\" \/>\n\t<meta property=\"og:image:type\" content=\"image\/jpeg\" \/>\n<meta name=\"author\" content=\"janlippke\" \/>\n<meta name=\"twitter:label1\" content=\"Verfasst von\" \/>\n\t<meta name=\"twitter:data1\" content=\"janlippke\" \/>\n\t<meta name=\"twitter:label2\" content=\"Gesch\u00e4tzte Lesezeit\" \/>\n\t<meta name=\"twitter:data2\" content=\"1\u00a0Minute\" \/>\n<script type=\"application\/ld+json\" class=\"yoast-schema-graph\">{\"@context\":\"https:\/\/schema.org\",\"@graph\":[{\"@type\":\"WebPage\",\"@id\":\"https:\/\/www.naturparkmagazin.de\/sternberger-seenland\/unsere-foej-lerin-stellt-sich-vor\/\",\"url\":\"https:\/\/www.naturparkmagazin.de\/sternberger-seenland\/unsere-foej-lerin-stellt-sich-vor\/\",\"name\":\"Unsere F\u00d6J-lerin stellt sich vor: - Naturpark Sternberger Seenland\",\"isPartOf\":{\"@id\":\"https:\/\/www.naturparkmagazin.de\/sternberger-seenland\/#website\"},\"datePublished\":\"2013-10-30T12:29:48+00:00\",\"dateModified\":\"2013-10-30T12:29:48+00:00\",\"author\":{\"@id\":\"https:\/\/www.naturparkmagazin.de\/sternberger-seenland\/#\/schema\/person\/712a5f470a8c286777fddf77babba74a\"},\"breadcrumb\":{\"@id\":\"https:\/\/www.naturparkmagazin.de\/sternberger-seenland\/unsere-foej-lerin-stellt-sich-vor\/#breadcrumb\"},\"inLanguage\":\"de\",\"potentialAction\":[{\"@type\":\"ReadAction\",\"target\":[\"https:\/\/www.naturparkmagazin.de\/sternberger-seenland\/unsere-foej-lerin-stellt-sich-vor\/\"]}]},{\"@type\":\"BreadcrumbList\",\"@id\":\"https:\/\/www.naturparkmagazin.de\/sternberger-seenland\/unsere-foej-lerin-stellt-sich-vor\/#breadcrumb\",\"itemListElement\":[{\"@type\":\"ListItem\",\"position\":1,\"name\":\"Home\",\"item\":\"https:\/\/www.naturparkmagazin.de\/sternberger-seenland\/\"},{\"@type\":\"ListItem\",\"position\":2,\"name\":\"Unsere F\u00d6J-lerin stellt sich vor:\"}]},{\"@type\":\"WebSite\",\"@id\":\"https:\/\/www.naturparkmagazin.de\/sternberger-seenland\/#website\",\"url\":\"https:\/\/www.naturparkmagazin.de\/sternberger-seenland\/\",\"name\":\"Naturpark Sternberger Seenland\",\"description\":\"\",\"potentialAction\":[{\"@type\":\"SearchAction\",\"target\":{\"@type\":\"EntryPoint\",\"urlTemplate\":\"https:\/\/www.naturparkmagazin.de\/sternberger-seenland\/?s={search_term_string}\"},\"query-input\":\"required name=search_term_string\"}],\"inLanguage\":\"de\"},{\"@type\":\"Person\",\"@id\":\"https:\/\/www.naturparkmagazin.de\/sternberger-seenland\/#\/schema\/person\/712a5f470a8c286777fddf77babba74a\",\"name\":\"janlippke\",\"sameAs\":[\"http:\/\/www.naturpark-sternberger-seenland.de\"],\"url\":\"https:\/\/www.naturparkmagazin.de\/sternberger-seenland\/author\/janlippke\/\"}]}<\/script>\n<!-- \/ Yoast SEO plugin. -->","yoast_head_json":{"title":"Unsere F\u00d6J-lerin stellt sich vor: - Naturpark Sternberger Seenland","robots":{"index":"index","follow":"follow","max-snippet":"max-snippet:-1","max-image-preview":"max-image-preview:large","max-video-preview":"max-video-preview:-1"},"canonical":"https:\/\/www.naturparkmagazin.de\/sternberger-seenland\/unsere-foej-lerin-stellt-sich-vor\/","og_locale":"de_DE","og_type":"article","og_title":"Unsere F\u00d6J-lerin stellt sich vor: - Naturpark Sternberger Seenland","og_description":"Mein Name ist Lineke Lenferink, ich bin 17 Jahre alt und komme aus Niedersachsen. Nach dem Abitur hat es mich in das landschaftlich wundersch\u00f6ne Mecklenburg Vorpommern gezogen, wo ich seit dem 1. September F\u00d6Jlerin im Naturpark Sternberger Seenland bin. In der kurzen Zeit habe ich bereits sehr viele neue Dinge gelernt und erlebe fast jeden","og_url":"https:\/\/www.naturparkmagazin.de\/sternberger-seenland\/unsere-foej-lerin-stellt-sich-vor\/","og_site_name":"Naturpark Sternberger Seenland","article_published_time":"2013-10-30T12:29:48+00:00","og_image":[{"width":380,"height":285,"url":"https:\/\/www.naturparkmagazin.de\/sternberger-seenland\/wp-content\/uploads\/sites\/30\/Lineke-bei-der-Arbeit.jpg","type":"image\/jpeg"}],"author":"janlippke","twitter_misc":{"Verfasst von":"janlippke","Gesch\u00e4tzte Lesezeit":"1\u00a0Minute"},"schema":{"@context":"https:\/\/schema.org","@graph":[{"@type":"WebPage","@id":"https:\/\/www.naturparkmagazin.de\/sternberger-seenland\/unsere-foej-lerin-stellt-sich-vor\/","url":"https:\/\/www.naturparkmagazin.de\/sternberger-seenland\/unsere-foej-lerin-stellt-sich-vor\/","name":"Unsere F\u00d6J-lerin stellt sich vor: - Naturpark Sternberger Seenland","isPartOf":{"@id":"https:\/\/www.naturparkmagazin.de\/sternberger-seenland\/#website"},"datePublished":"2013-10-30T12:29:48+00:00","dateModified":"2013-10-30T12:29:48+00:00","author":{"@id":"https:\/\/www.naturparkmagazin.de\/sternberger-seenland\/#\/schema\/person\/712a5f470a8c286777fddf77babba74a"},"breadcrumb":{"@id":"https:\/\/www.naturparkmagazin.de\/sternberger-seenland\/unsere-foej-lerin-stellt-sich-vor\/#breadcrumb"},"inLanguage":"de","potentialAction":[{"@type":"ReadAction","target":["https:\/\/www.naturparkmagazin.de\/sternberger-seenland\/unsere-foej-lerin-stellt-sich-vor\/"]}]},{"@type":"BreadcrumbList","@id":"https:\/\/www.naturparkmagazin.de\/sternberger-seenland\/unsere-foej-lerin-stellt-sich-vor\/#breadcrumb","itemListElement":[{"@type":"ListItem","position":1,"name":"Home","item":"https:\/\/www.naturparkmagazin.de\/sternberger-seenland\/"},{"@type":"ListItem","position":2,"name":"Unsere F\u00d6J-lerin stellt sich vor:"}]},{"@type":"WebSite","@id":"https:\/\/www.naturparkmagazin.de\/sternberger-seenland\/#website","url":"https:\/\/www.naturparkmagazin.de\/sternberger-seenland\/","name":"Naturpark Sternberger Seenland","description":"","potentialAction":[{"@type":"SearchAction","target":{"@type":"EntryPoint","urlTemplate":"https:\/\/www.naturparkmagazin.de\/sternberger-seenland\/?s={search_term_string}"},"query-input":"required name=search_term_string"}],"inLanguage":"de"},{"@type":"Person","@id":"https:\/\/www.naturparkmagazin.de\/sternberger-seenland\/#\/schema\/person\/712a5f470a8c286777fddf77babba74a","name":"janlippke","sameAs":["http:\/\/www.naturpark-sternberger-seenland.de"],"url":"https:\/\/www.naturparkmagazin.de\/sternberger-seenland\/author\/janlippke\/"}]}},"_links":{"self":[{"href":"https:\/\/www.naturparkmagazin.de\/sternberger-seenland\/wp-json\/wp\/v2\/posts\/243"}],"collection":[{"href":"https:\/\/www.naturparkmagazin.de\/sternberger-seenland\/wp-json\/wp\/v2\/posts"}],"about":[{"href":"https:\/\/www.naturparkmagazin.de\/sternberger-seenland\/wp-json\/wp\/v2\/types\/post"}],"author":[{"embeddable":true,"href":"https:\/\/www.naturparkmagazin.de\/sternberger-seenland\/wp-json\/wp\/v2\/users\/27"}],"replies":[{"embeddable":true,"href":"https:\/\/www.naturparkmagazin.de\/sternberger-seenland\/wp-json\/wp\/v2\/comments?post=243"}],"version-history":[{"count":2,"href":"https:\/\/www.naturparkmagazin.de\/sternberger-seenland\/wp-json\/wp\/v2\/posts\/243\/revisions"}],"predecessor-version":[{"id":250,"href":"https:\/\/www.naturparkmagazin.de\/sternberger-seenland\/wp-json\/wp\/v2\/posts\/243\/revisions\/250"}],"wp:featuredmedia":[{"embeddable":true,"href":"https:\/\/www.naturparkmagazin.de\/sternberger-seenland\/wp-json\/wp\/v2\/media\/244"}],"wp:attachment":[{"href":"https:\/\/www.naturparkmagazin.de\/sternberger-seenland\/wp-json\/wp\/v2\/media?parent=243"}],"wp:term":[{"taxonomy":"category","embeddable":true,"href":"https:\/\/www.naturparkmagazin.de\/sternberger-seenland\/wp-json\/wp\/v2\/categories?post=243"},{"taxonomy":"post_tag","embeddable":true,"href":"https:\/\/www.naturparkmagazin.de\/sternberger-seenland\/wp-json\/wp\/v2\/tags?post=243"}],"curies":[{"name":"wp","href":"https:\/\/api.w.org\/{rel}","templated":true}]}}