{"id":2544,"date":"2021-06-14T14:55:19","date_gmt":"2021-06-14T12:55:19","guid":{"rendered":"https:\/\/www.naturparkmagazin.de\/sternberger-seenland\/?p=2544"},"modified":"2021-06-24T12:45:05","modified_gmt":"2021-06-24T10:45:05","slug":"wanderausstellung-mit-fotografien-von-volker-janke","status":"publish","type":"post","link":"https:\/\/www.naturparkmagazin.de\/sternberger-seenland\/wanderausstellung-mit-fotografien-von-volker-janke\/","title":{"rendered":"Wanderausstellung mit Fotografien von Volker Janke"},"content":{"rendered":"<p><strong>ErlebnisReich Bienenstra\u00dfe on Tour \u2013 \u201eEin Bienenjahr\u201c <\/strong><\/p>\n<p><em>Eine Wanderausstellung mit Fotografien von Volker Janke <\/em><\/p>\n<p>Die Wanderausstellung ist in Zusammenarbeit zwischen dem Freilichtmuseum f\u00fcr Volkskunde Schwerin-Mue\u00df und dem ErlebnisReich Bienenstra\u00dfe entstanden.<\/p>\n<p><strong>Zum Thema: <\/strong><\/p>\n<p>Kaum ein Tier musste sich im Laufe der Geschichte den Bed\u00fcrfnissen des Menschen so unterwerfen wie die Honigbiene. \u00dcber Jahrmillionen hat sich das staatenbildende Insekt mit, in und zugunsten ihrer Umwelt spezialisiert. Durch den Menschen wurden wie selbstverst\u00e4ndlich Honig- und Wachs\u00fcbersch\u00fcsse generiert und abgesch\u00f6pft. Doch alles ist endlich. Heute steht diese \u00f6kologische Schl\u00fcsselart dicht vor dem Abgrund ihrer nat\u00fcrlichen Existenz. Eine neue Generation Bienenforscher und Imker arbeitet mit spannenden Experimenten Hand in Hand, um einen tief verwurzelten Menschheitskonflikt aufzul\u00f6sen. Wieviel darf ich aus der Natur entnehmen, ohne das Ganze zu gef\u00e4hrden? Dieser Frage m\u00f6chte die Fotoausstellung mit interessanten Einblicken in das Bienenjahr auf den Grund gehen.<\/p>\n<p>Wussten Sie, dass Honigbienen urspr\u00fcnglich im Wald wohnen? Noch heute findet man sie versteckt in Baumh\u00f6hlen naturbelassener W\u00e4lder. Dort werden sie weder beerntet, noch gef\u00fcttert oder gegen Krankheiten behandelt. Sie unterliegen ihrer nat\u00fcrlichen Evolution und k\u00f6nnen offensichtlich mit der gef\u00fcrchteten Varroa-Milbe umgehen. Auch in M-V gibt es Nachweise \u00fcber besonders sch\u00fctzenswerte und noch wildlebende Honigbienenv\u00f6lker in alten B\u00e4umen oder Gem\u00e4uern. Diese Hinweise m\u00f6chte die Wanderausstellung aufsp\u00fcren und sichtbar machen.<\/p>\n<p><strong>Der Fotograf und Autor: <\/strong><\/p>\n<p>Volker Janke hat die wesensgem\u00e4\u00dfe Imkerei und wildlebende Honigbienen fotografisch in beeindruckenden Bildern dokumentiert. Er ist Mitarbeiter am Freilichtmuseum Schwerin-Mue\u00df, Naturfreund und leidenschaftlicher Fotograf. Schon seit langem besch\u00e4ftigt er sich mit \u201elebendigem Kulturgut\u201c sowie den verschwindenden Handwerken und Wirtschaftsweisen. Sind Bauern und Bienen heute noch ein nutzbringendes Paar oder ist die Imkerei ein Fall f\u00fcr\u2019s Museum? Fragen, die den Volkskundler zu seinen Motiven bei wildlebenden Honigbienen, Imkern und Bienenforschern f\u00fchrten.<\/p>\n<p>&nbsp;<\/p>\n<p>Die Wanderausstellung \u201eEin Bienenjahr\u201c, die sich dem Jahreslauf der Honigbienen widmet, ist seit dem 18. Juni bis 30. Juli 2021 im Naturparkzentrum in Warin zu den regul\u00e4ren \u00d6ffnungszeiten (Mo-Sa 10 bis 17 Uhr) zu besichtigen.<\/p>\n<div id=\"attachment_2354\" style=\"width: 510px\" class=\"wp-caption alignnone\"><a href=\"https:\/\/www.naturparkmagazin.de\/sternberger-seenland\/wp-content\/uploads\/sites\/30\/Bienen-007_kl.jpg\"><img aria-describedby=\"caption-attachment-2354\" decoding=\"async\" loading=\"lazy\" class=\"size-full wp-image-2354\" src=\"https:\/\/www.naturparkmagazin.de\/sternberger-seenland\/wp-content\/uploads\/sites\/30\/Bienen-007_kl.jpg\" alt=\"unsere Bienen\" width=\"500\" height=\"300\" srcset=\"https:\/\/www.naturparkmagazin.de\/sternberger-seenland\/wp-content\/uploads\/sites\/30\/Bienen-007_kl.jpg 500w, https:\/\/www.naturparkmagazin.de\/sternberger-seenland\/wp-content\/uploads\/sites\/30\/Bienen-007_kl-300x180.jpg 300w, https:\/\/www.naturparkmagazin.de\/sternberger-seenland\/wp-content\/uploads\/sites\/30\/Bienen-007_kl-200x120.jpg 200w\" sizes=\"(max-width: 500px) 100vw, 500px\" \/><\/a><p id=\"caption-attachment-2354\" class=\"wp-caption-text\">unsere Bienen<\/p><\/div>\n<p>&nbsp;<\/p>\n","protected":false},"excerpt":{"rendered":"<p>Die Wanderausstellung \u201eEin Bienenjahr\u201c, die sich dem Jahreslauf der Honigbienen widmet, ist bis zum 30. Juli 2021 im Naturparkzentrum in Warin zu den regul\u00e4ren \u00d6ffnungszeiten zu besichtigen.<\/p>\n","protected":false},"author":27,"featured_media":2355,"comment_status":"open","ping_status":"open","sticky":false,"template":"","format":"standard","meta":[],"categories":[7],"tags":[],"yoast_head":"<!-- This site is optimized with the Yoast SEO plugin v19.10 - https:\/\/yoast.com\/wordpress\/plugins\/seo\/ -->\n<title>Wanderausstellung mit Fotografien von Volker Janke - Naturpark Sternberger Seenland<\/title>\n<meta name=\"robots\" content=\"index, follow, max-snippet:-1, max-image-preview:large, max-video-preview:-1\" \/>\n<link rel=\"canonical\" href=\"https:\/\/www.naturparkmagazin.de\/sternberger-seenland\/wanderausstellung-mit-fotografien-von-volker-janke\/\" \/>\n<meta property=\"og:locale\" content=\"de_DE\" \/>\n<meta property=\"og:type\" content=\"article\" \/>\n<meta property=\"og:title\" content=\"Wanderausstellung mit Fotografien von Volker Janke - Naturpark Sternberger Seenland\" \/>\n<meta property=\"og:description\" content=\"Die Wanderausstellung \u201eEin Bienenjahr\u201c, die sich dem Jahreslauf der Honigbienen widmet, ist bis zum 30. Juli 2021 im Naturparkzentrum in Warin zu den regul\u00e4ren \u00d6ffnungszeiten zu besichtigen.\" \/>\n<meta property=\"og:url\" content=\"https:\/\/www.naturparkmagazin.de\/sternberger-seenland\/wanderausstellung-mit-fotografien-von-volker-janke\/\" \/>\n<meta property=\"og:site_name\" content=\"Naturpark Sternberger Seenland\" \/>\n<meta property=\"article:published_time\" content=\"2021-06-14T12:55:19+00:00\" \/>\n<meta property=\"article:modified_time\" content=\"2021-06-24T10:45:05+00:00\" \/>\n<meta property=\"og:image\" content=\"https:\/\/www.naturparkmagazin.de\/sternberger-seenland\/wp-content\/uploads\/sites\/30\/Bienen-NPZ-Warin-3_kl.jpg\" \/>\n\t<meta property=\"og:image:width\" content=\"500\" \/>\n\t<meta property=\"og:image:height\" content=\"300\" \/>\n\t<meta property=\"og:image:type\" content=\"image\/jpeg\" \/>\n<meta name=\"author\" content=\"janlippke\" \/>\n<meta name=\"twitter:label1\" content=\"Verfasst von\" \/>\n\t<meta name=\"twitter:data1\" content=\"janlippke\" \/>\n\t<meta name=\"twitter:label2\" content=\"Gesch\u00e4tzte Lesezeit\" \/>\n\t<meta name=\"twitter:data2\" content=\"2\u00a0Minuten\" \/>\n<script type=\"application\/ld+json\" class=\"yoast-schema-graph\">{\"@context\":\"https:\/\/schema.org\",\"@graph\":[{\"@type\":\"WebPage\",\"@id\":\"https:\/\/www.naturparkmagazin.de\/sternberger-seenland\/wanderausstellung-mit-fotografien-von-volker-janke\/\",\"url\":\"https:\/\/www.naturparkmagazin.de\/sternberger-seenland\/wanderausstellung-mit-fotografien-von-volker-janke\/\",\"name\":\"Wanderausstellung mit Fotografien von Volker Janke - Naturpark Sternberger Seenland\",\"isPartOf\":{\"@id\":\"https:\/\/www.naturparkmagazin.de\/sternberger-seenland\/#website\"},\"datePublished\":\"2021-06-14T12:55:19+00:00\",\"dateModified\":\"2021-06-24T10:45:05+00:00\",\"author\":{\"@id\":\"https:\/\/www.naturparkmagazin.de\/sternberger-seenland\/#\/schema\/person\/712a5f470a8c286777fddf77babba74a\"},\"breadcrumb\":{\"@id\":\"https:\/\/www.naturparkmagazin.de\/sternberger-seenland\/wanderausstellung-mit-fotografien-von-volker-janke\/#breadcrumb\"},\"inLanguage\":\"de\",\"potentialAction\":[{\"@type\":\"ReadAction\",\"target\":[\"https:\/\/www.naturparkmagazin.de\/sternberger-seenland\/wanderausstellung-mit-fotografien-von-volker-janke\/\"]}]},{\"@type\":\"BreadcrumbList\",\"@id\":\"https:\/\/www.naturparkmagazin.de\/sternberger-seenland\/wanderausstellung-mit-fotografien-von-volker-janke\/#breadcrumb\",\"itemListElement\":[{\"@type\":\"ListItem\",\"position\":1,\"name\":\"Home\",\"item\":\"https:\/\/www.naturparkmagazin.de\/sternberger-seenland\/\"},{\"@type\":\"ListItem\",\"position\":2,\"name\":\"Wanderausstellung mit Fotografien von Volker Janke\"}]},{\"@type\":\"WebSite\",\"@id\":\"https:\/\/www.naturparkmagazin.de\/sternberger-seenland\/#website\",\"url\":\"https:\/\/www.naturparkmagazin.de\/sternberger-seenland\/\",\"name\":\"Naturpark Sternberger Seenland\",\"description\":\"\",\"potentialAction\":[{\"@type\":\"SearchAction\",\"target\":{\"@type\":\"EntryPoint\",\"urlTemplate\":\"https:\/\/www.naturparkmagazin.de\/sternberger-seenland\/?s={search_term_string}\"},\"query-input\":\"required name=search_term_string\"}],\"inLanguage\":\"de\"},{\"@type\":\"Person\",\"@id\":\"https:\/\/www.naturparkmagazin.de\/sternberger-seenland\/#\/schema\/person\/712a5f470a8c286777fddf77babba74a\",\"name\":\"janlippke\",\"sameAs\":[\"http:\/\/www.naturpark-sternberger-seenland.de\"],\"url\":\"https:\/\/www.naturparkmagazin.de\/sternberger-seenland\/author\/janlippke\/\"}]}<\/script>\n<!-- \/ Yoast SEO plugin. -->","yoast_head_json":{"title":"Wanderausstellung mit Fotografien von Volker Janke - Naturpark Sternberger Seenland","robots":{"index":"index","follow":"follow","max-snippet":"max-snippet:-1","max-image-preview":"max-image-preview:large","max-video-preview":"max-video-preview:-1"},"canonical":"https:\/\/www.naturparkmagazin.de\/sternberger-seenland\/wanderausstellung-mit-fotografien-von-volker-janke\/","og_locale":"de_DE","og_type":"article","og_title":"Wanderausstellung mit Fotografien von Volker Janke - Naturpark Sternberger Seenland","og_description":"Die Wanderausstellung \u201eEin Bienenjahr\u201c, die sich dem Jahreslauf der Honigbienen widmet, ist bis zum 30. Juli 2021 im Naturparkzentrum in Warin zu den regul\u00e4ren \u00d6ffnungszeiten zu besichtigen.","og_url":"https:\/\/www.naturparkmagazin.de\/sternberger-seenland\/wanderausstellung-mit-fotografien-von-volker-janke\/","og_site_name":"Naturpark Sternberger Seenland","article_published_time":"2021-06-14T12:55:19+00:00","article_modified_time":"2021-06-24T10:45:05+00:00","og_image":[{"width":500,"height":300,"url":"https:\/\/www.naturparkmagazin.de\/sternberger-seenland\/wp-content\/uploads\/sites\/30\/Bienen-NPZ-Warin-3_kl.jpg","type":"image\/jpeg"}],"author":"janlippke","twitter_misc":{"Verfasst von":"janlippke","Gesch\u00e4tzte Lesezeit":"2\u00a0Minuten"},"schema":{"@context":"https:\/\/schema.org","@graph":[{"@type":"WebPage","@id":"https:\/\/www.naturparkmagazin.de\/sternberger-seenland\/wanderausstellung-mit-fotografien-von-volker-janke\/","url":"https:\/\/www.naturparkmagazin.de\/sternberger-seenland\/wanderausstellung-mit-fotografien-von-volker-janke\/","name":"Wanderausstellung mit Fotografien von Volker Janke - Naturpark Sternberger Seenland","isPartOf":{"@id":"https:\/\/www.naturparkmagazin.de\/sternberger-seenland\/#website"},"datePublished":"2021-06-14T12:55:19+00:00","dateModified":"2021-06-24T10:45:05+00:00","author":{"@id":"https:\/\/www.naturparkmagazin.de\/sternberger-seenland\/#\/schema\/person\/712a5f470a8c286777fddf77babba74a"},"breadcrumb":{"@id":"https:\/\/www.naturparkmagazin.de\/sternberger-seenland\/wanderausstellung-mit-fotografien-von-volker-janke\/#breadcrumb"},"inLanguage":"de","potentialAction":[{"@type":"ReadAction","target":["https:\/\/www.naturparkmagazin.de\/sternberger-seenland\/wanderausstellung-mit-fotografien-von-volker-janke\/"]}]},{"@type":"BreadcrumbList","@id":"https:\/\/www.naturparkmagazin.de\/sternberger-seenland\/wanderausstellung-mit-fotografien-von-volker-janke\/#breadcrumb","itemListElement":[{"@type":"ListItem","position":1,"name":"Home","item":"https:\/\/www.naturparkmagazin.de\/sternberger-seenland\/"},{"@type":"ListItem","position":2,"name":"Wanderausstellung mit Fotografien von Volker Janke"}]},{"@type":"WebSite","@id":"https:\/\/www.naturparkmagazin.de\/sternberger-seenland\/#website","url":"https:\/\/www.naturparkmagazin.de\/sternberger-seenland\/","name":"Naturpark Sternberger Seenland","description":"","potentialAction":[{"@type":"SearchAction","target":{"@type":"EntryPoint","urlTemplate":"https:\/\/www.naturparkmagazin.de\/sternberger-seenland\/?s={search_term_string}"},"query-input":"required name=search_term_string"}],"inLanguage":"de"},{"@type":"Person","@id":"https:\/\/www.naturparkmagazin.de\/sternberger-seenland\/#\/schema\/person\/712a5f470a8c286777fddf77babba74a","name":"janlippke","sameAs":["http:\/\/www.naturpark-sternberger-seenland.de"],"url":"https:\/\/www.naturparkmagazin.de\/sternberger-seenland\/author\/janlippke\/"}]}},"_links":{"self":[{"href":"https:\/\/www.naturparkmagazin.de\/sternberger-seenland\/wp-json\/wp\/v2\/posts\/2544"}],"collection":[{"href":"https:\/\/www.naturparkmagazin.de\/sternberger-seenland\/wp-json\/wp\/v2\/posts"}],"about":[{"href":"https:\/\/www.naturparkmagazin.de\/sternberger-seenland\/wp-json\/wp\/v2\/types\/post"}],"author":[{"embeddable":true,"href":"https:\/\/www.naturparkmagazin.de\/sternberger-seenland\/wp-json\/wp\/v2\/users\/27"}],"replies":[{"embeddable":true,"href":"https:\/\/www.naturparkmagazin.de\/sternberger-seenland\/wp-json\/wp\/v2\/comments?post=2544"}],"version-history":[{"count":4,"href":"https:\/\/www.naturparkmagazin.de\/sternberger-seenland\/wp-json\/wp\/v2\/posts\/2544\/revisions"}],"predecessor-version":[{"id":2553,"href":"https:\/\/www.naturparkmagazin.de\/sternberger-seenland\/wp-json\/wp\/v2\/posts\/2544\/revisions\/2553"}],"wp:featuredmedia":[{"embeddable":true,"href":"https:\/\/www.naturparkmagazin.de\/sternberger-seenland\/wp-json\/wp\/v2\/media\/2355"}],"wp:attachment":[{"href":"https:\/\/www.naturparkmagazin.de\/sternberger-seenland\/wp-json\/wp\/v2\/media?parent=2544"}],"wp:term":[{"taxonomy":"category","embeddable":true,"href":"https:\/\/www.naturparkmagazin.de\/sternberger-seenland\/wp-json\/wp\/v2\/categories?post=2544"},{"taxonomy":"post_tag","embeddable":true,"href":"https:\/\/www.naturparkmagazin.de\/sternberger-seenland\/wp-json\/wp\/v2\/tags?post=2544"}],"curies":[{"name":"wp","href":"https:\/\/api.w.org\/{rel}","templated":true}]}}