{"id":2599,"date":"2021-09-10T11:31:55","date_gmt":"2021-09-10T09:31:55","guid":{"rendered":"https:\/\/www.naturparkmagazin.de\/sternberger-seenland\/?p=2599"},"modified":"2021-09-10T11:31:55","modified_gmt":"2021-09-10T09:31:55","slug":"vortrag-im-oktober-zum-speckmoor-bei-warin","status":"publish","type":"post","link":"https:\/\/www.naturparkmagazin.de\/sternberger-seenland\/vortrag-im-oktober-zum-speckmoor-bei-warin\/","title":{"rendered":"Vortrag im Oktober zum Speckmoor bei Warin"},"content":{"rendered":"<p>Am 21. Oktober ist ein Vortrag \u00fcber das Speckmoor bei Warin geplant. Diesmal nicht im Naturparkzentrum, sondern in der Stadthalle Warin, Schulstra\u00dfe 4. Dort gibt es bessere Bedingungen das notwendige Hygienekonzept f\u00fcr diese Veranstaltung umzusetzen. Die Durchf\u00fchrung dieser Veranstaltung steht unter dem Vorbehalt der Entwicklung der Corona-Situation im Landkreis NWM, bitte informieren Sie sich ggf. vorab \u00fcber eventuelle Zugangsbeschr\u00e4nkungen (z.B. geimpft, genesen, getestet).<\/p>\n<p>Carl Barnick hat im Jahr\u00a0 2017 seine Masterarbeit \u00fcber das Speckmoor bei Warin geschrieben und dazu verschiedene Untersuchungen in diesem Verlandungsmoor durchgef\u00fchrt. \u00dcber die Methoden und Ergebnisse wird er bei diesem Vortrag sprechen und Besonderheiten herausstellen. Die Orchideenwiese im Speckmoor wird regelm\u00e4\u00dfig vom Naturpark gem\u00e4ht und damit gepflegt.<\/p>\n<p>Der Eintritt ist frei, zur besseren Planung und Vorbereitung wird jedoch diesmal um Anmeldung unter Tel. 038482 \/ 23527-0 gebeten.<\/p>\n<div id=\"attachment_2601\" style=\"width: 510px\" class=\"wp-caption alignnone\"><a href=\"https:\/\/www.naturparkmagazin.de\/sternberger-seenland\/wp-content\/uploads\/sites\/30\/Mahd-Speckmoor-6.jpg\"><img aria-describedby=\"caption-attachment-2601\" decoding=\"async\" loading=\"lazy\" class=\"size-full wp-image-2601\" src=\"https:\/\/www.naturparkmagazin.de\/sternberger-seenland\/wp-content\/uploads\/sites\/30\/Mahd-Speckmoor-6.jpg\" alt=\"bei der Mahd im Speckmoor\" width=\"500\" height=\"301\" srcset=\"https:\/\/www.naturparkmagazin.de\/sternberger-seenland\/wp-content\/uploads\/sites\/30\/Mahd-Speckmoor-6.jpg 500w, https:\/\/www.naturparkmagazin.de\/sternberger-seenland\/wp-content\/uploads\/sites\/30\/Mahd-Speckmoor-6-300x181.jpg 300w, https:\/\/www.naturparkmagazin.de\/sternberger-seenland\/wp-content\/uploads\/sites\/30\/Mahd-Speckmoor-6-200x120.jpg 200w\" sizes=\"(max-width: 500px) 100vw, 500px\" \/><\/a><p id=\"caption-attachment-2601\" class=\"wp-caption-text\">bei der Mahd im Speckmoor<\/p><\/div>\n","protected":false},"excerpt":{"rendered":"<p>Am 21. Oktober ist ein Vortrag \u00fcber das Speckmoor bei Warin geplant. Diesmal nicht im Naturparkzentrum, sondern in der Stadthalle Warin, Schulstra\u00dfe 4. Dort gibt es bessere Bedingungen das notwendige Hygienekonzept f\u00fcr diese Veranstaltung umzusetzen. Die Durchf\u00fchrung dieser Veranstaltung steht unter dem Vorbehalt der Entwicklung der Corona-Situation im Landkreis NWM, bitte informieren Sie sich ggf.<\/p>\n","protected":false},"author":27,"featured_media":2600,"comment_status":"open","ping_status":"open","sticky":false,"template":"","format":"standard","meta":[],"categories":[11],"tags":[],"yoast_head":"<!-- This site is optimized with the Yoast SEO plugin v19.10 - https:\/\/yoast.com\/wordpress\/plugins\/seo\/ -->\n<title>Vortrag im Oktober zum Speckmoor bei Warin - Naturpark Sternberger Seenland<\/title>\n<meta name=\"robots\" content=\"index, follow, max-snippet:-1, max-image-preview:large, max-video-preview:-1\" \/>\n<link rel=\"canonical\" href=\"https:\/\/www.naturparkmagazin.de\/sternberger-seenland\/vortrag-im-oktober-zum-speckmoor-bei-warin\/\" \/>\n<meta property=\"og:locale\" content=\"de_DE\" \/>\n<meta property=\"og:type\" content=\"article\" \/>\n<meta property=\"og:title\" content=\"Vortrag im Oktober zum Speckmoor bei Warin - Naturpark Sternberger Seenland\" \/>\n<meta property=\"og:description\" content=\"Am 21. Oktober ist ein Vortrag \u00fcber das Speckmoor bei Warin geplant. Diesmal nicht im Naturparkzentrum, sondern in der Stadthalle Warin, Schulstra\u00dfe 4. Dort gibt es bessere Bedingungen das notwendige Hygienekonzept f\u00fcr diese Veranstaltung umzusetzen. Die Durchf\u00fchrung dieser Veranstaltung steht unter dem Vorbehalt der Entwicklung der Corona-Situation im Landkreis NWM, bitte informieren Sie sich ggf.\" \/>\n<meta property=\"og:url\" content=\"https:\/\/www.naturparkmagazin.de\/sternberger-seenland\/vortrag-im-oktober-zum-speckmoor-bei-warin\/\" \/>\n<meta property=\"og:site_name\" content=\"Naturpark Sternberger Seenland\" \/>\n<meta property=\"article:published_time\" content=\"2021-09-10T09:31:55+00:00\" \/>\n<meta property=\"og:image\" content=\"https:\/\/www.naturparkmagazin.de\/sternberger-seenland\/wp-content\/uploads\/sites\/30\/Mahd_Speckmoor1.jpg\" \/>\n\t<meta property=\"og:image:width\" content=\"500\" \/>\n\t<meta property=\"og:image:height\" content=\"300\" \/>\n\t<meta property=\"og:image:type\" content=\"image\/jpeg\" \/>\n<meta name=\"author\" content=\"janlippke\" \/>\n<meta name=\"twitter:label1\" content=\"Verfasst von\" \/>\n\t<meta name=\"twitter:data1\" content=\"janlippke\" \/>\n\t<meta name=\"twitter:label2\" content=\"Gesch\u00e4tzte Lesezeit\" \/>\n\t<meta name=\"twitter:data2\" content=\"1\u00a0Minute\" \/>\n<script type=\"application\/ld+json\" class=\"yoast-schema-graph\">{\"@context\":\"https:\/\/schema.org\",\"@graph\":[{\"@type\":\"WebPage\",\"@id\":\"https:\/\/www.naturparkmagazin.de\/sternberger-seenland\/vortrag-im-oktober-zum-speckmoor-bei-warin\/\",\"url\":\"https:\/\/www.naturparkmagazin.de\/sternberger-seenland\/vortrag-im-oktober-zum-speckmoor-bei-warin\/\",\"name\":\"Vortrag im Oktober zum Speckmoor bei Warin - Naturpark Sternberger Seenland\",\"isPartOf\":{\"@id\":\"https:\/\/www.naturparkmagazin.de\/sternberger-seenland\/#website\"},\"datePublished\":\"2021-09-10T09:31:55+00:00\",\"dateModified\":\"2021-09-10T09:31:55+00:00\",\"author\":{\"@id\":\"https:\/\/www.naturparkmagazin.de\/sternberger-seenland\/#\/schema\/person\/712a5f470a8c286777fddf77babba74a\"},\"breadcrumb\":{\"@id\":\"https:\/\/www.naturparkmagazin.de\/sternberger-seenland\/vortrag-im-oktober-zum-speckmoor-bei-warin\/#breadcrumb\"},\"inLanguage\":\"de\",\"potentialAction\":[{\"@type\":\"ReadAction\",\"target\":[\"https:\/\/www.naturparkmagazin.de\/sternberger-seenland\/vortrag-im-oktober-zum-speckmoor-bei-warin\/\"]}]},{\"@type\":\"BreadcrumbList\",\"@id\":\"https:\/\/www.naturparkmagazin.de\/sternberger-seenland\/vortrag-im-oktober-zum-speckmoor-bei-warin\/#breadcrumb\",\"itemListElement\":[{\"@type\":\"ListItem\",\"position\":1,\"name\":\"Home\",\"item\":\"https:\/\/www.naturparkmagazin.de\/sternberger-seenland\/\"},{\"@type\":\"ListItem\",\"position\":2,\"name\":\"Vortrag im Oktober zum Speckmoor bei Warin\"}]},{\"@type\":\"WebSite\",\"@id\":\"https:\/\/www.naturparkmagazin.de\/sternberger-seenland\/#website\",\"url\":\"https:\/\/www.naturparkmagazin.de\/sternberger-seenland\/\",\"name\":\"Naturpark Sternberger Seenland\",\"description\":\"\",\"potentialAction\":[{\"@type\":\"SearchAction\",\"target\":{\"@type\":\"EntryPoint\",\"urlTemplate\":\"https:\/\/www.naturparkmagazin.de\/sternberger-seenland\/?s={search_term_string}\"},\"query-input\":\"required name=search_term_string\"}],\"inLanguage\":\"de\"},{\"@type\":\"Person\",\"@id\":\"https:\/\/www.naturparkmagazin.de\/sternberger-seenland\/#\/schema\/person\/712a5f470a8c286777fddf77babba74a\",\"name\":\"janlippke\",\"sameAs\":[\"http:\/\/www.naturpark-sternberger-seenland.de\"],\"url\":\"https:\/\/www.naturparkmagazin.de\/sternberger-seenland\/author\/janlippke\/\"}]}<\/script>\n<!-- \/ Yoast SEO plugin. -->","yoast_head_json":{"title":"Vortrag im Oktober zum Speckmoor bei Warin - Naturpark Sternberger Seenland","robots":{"index":"index","follow":"follow","max-snippet":"max-snippet:-1","max-image-preview":"max-image-preview:large","max-video-preview":"max-video-preview:-1"},"canonical":"https:\/\/www.naturparkmagazin.de\/sternberger-seenland\/vortrag-im-oktober-zum-speckmoor-bei-warin\/","og_locale":"de_DE","og_type":"article","og_title":"Vortrag im Oktober zum Speckmoor bei Warin - Naturpark Sternberger Seenland","og_description":"Am 21. Oktober ist ein Vortrag \u00fcber das Speckmoor bei Warin geplant. Diesmal nicht im Naturparkzentrum, sondern in der Stadthalle Warin, Schulstra\u00dfe 4. Dort gibt es bessere Bedingungen das notwendige Hygienekonzept f\u00fcr diese Veranstaltung umzusetzen. Die Durchf\u00fchrung dieser Veranstaltung steht unter dem Vorbehalt der Entwicklung der Corona-Situation im Landkreis NWM, bitte informieren Sie sich ggf.","og_url":"https:\/\/www.naturparkmagazin.de\/sternberger-seenland\/vortrag-im-oktober-zum-speckmoor-bei-warin\/","og_site_name":"Naturpark Sternberger Seenland","article_published_time":"2021-09-10T09:31:55+00:00","og_image":[{"width":500,"height":300,"url":"https:\/\/www.naturparkmagazin.de\/sternberger-seenland\/wp-content\/uploads\/sites\/30\/Mahd_Speckmoor1.jpg","type":"image\/jpeg"}],"author":"janlippke","twitter_misc":{"Verfasst von":"janlippke","Gesch\u00e4tzte Lesezeit":"1\u00a0Minute"},"schema":{"@context":"https:\/\/schema.org","@graph":[{"@type":"WebPage","@id":"https:\/\/www.naturparkmagazin.de\/sternberger-seenland\/vortrag-im-oktober-zum-speckmoor-bei-warin\/","url":"https:\/\/www.naturparkmagazin.de\/sternberger-seenland\/vortrag-im-oktober-zum-speckmoor-bei-warin\/","name":"Vortrag im Oktober zum Speckmoor bei Warin - Naturpark Sternberger Seenland","isPartOf":{"@id":"https:\/\/www.naturparkmagazin.de\/sternberger-seenland\/#website"},"datePublished":"2021-09-10T09:31:55+00:00","dateModified":"2021-09-10T09:31:55+00:00","author":{"@id":"https:\/\/www.naturparkmagazin.de\/sternberger-seenland\/#\/schema\/person\/712a5f470a8c286777fddf77babba74a"},"breadcrumb":{"@id":"https:\/\/www.naturparkmagazin.de\/sternberger-seenland\/vortrag-im-oktober-zum-speckmoor-bei-warin\/#breadcrumb"},"inLanguage":"de","potentialAction":[{"@type":"ReadAction","target":["https:\/\/www.naturparkmagazin.de\/sternberger-seenland\/vortrag-im-oktober-zum-speckmoor-bei-warin\/"]}]},{"@type":"BreadcrumbList","@id":"https:\/\/www.naturparkmagazin.de\/sternberger-seenland\/vortrag-im-oktober-zum-speckmoor-bei-warin\/#breadcrumb","itemListElement":[{"@type":"ListItem","position":1,"name":"Home","item":"https:\/\/www.naturparkmagazin.de\/sternberger-seenland\/"},{"@type":"ListItem","position":2,"name":"Vortrag im Oktober zum Speckmoor bei Warin"}]},{"@type":"WebSite","@id":"https:\/\/www.naturparkmagazin.de\/sternberger-seenland\/#website","url":"https:\/\/www.naturparkmagazin.de\/sternberger-seenland\/","name":"Naturpark Sternberger Seenland","description":"","potentialAction":[{"@type":"SearchAction","target":{"@type":"EntryPoint","urlTemplate":"https:\/\/www.naturparkmagazin.de\/sternberger-seenland\/?s={search_term_string}"},"query-input":"required name=search_term_string"}],"inLanguage":"de"},{"@type":"Person","@id":"https:\/\/www.naturparkmagazin.de\/sternberger-seenland\/#\/schema\/person\/712a5f470a8c286777fddf77babba74a","name":"janlippke","sameAs":["http:\/\/www.naturpark-sternberger-seenland.de"],"url":"https:\/\/www.naturparkmagazin.de\/sternberger-seenland\/author\/janlippke\/"}]}},"_links":{"self":[{"href":"https:\/\/www.naturparkmagazin.de\/sternberger-seenland\/wp-json\/wp\/v2\/posts\/2599"}],"collection":[{"href":"https:\/\/www.naturparkmagazin.de\/sternberger-seenland\/wp-json\/wp\/v2\/posts"}],"about":[{"href":"https:\/\/www.naturparkmagazin.de\/sternberger-seenland\/wp-json\/wp\/v2\/types\/post"}],"author":[{"embeddable":true,"href":"https:\/\/www.naturparkmagazin.de\/sternberger-seenland\/wp-json\/wp\/v2\/users\/27"}],"replies":[{"embeddable":true,"href":"https:\/\/www.naturparkmagazin.de\/sternberger-seenland\/wp-json\/wp\/v2\/comments?post=2599"}],"version-history":[{"count":1,"href":"https:\/\/www.naturparkmagazin.de\/sternberger-seenland\/wp-json\/wp\/v2\/posts\/2599\/revisions"}],"predecessor-version":[{"id":2602,"href":"https:\/\/www.naturparkmagazin.de\/sternberger-seenland\/wp-json\/wp\/v2\/posts\/2599\/revisions\/2602"}],"wp:featuredmedia":[{"embeddable":true,"href":"https:\/\/www.naturparkmagazin.de\/sternberger-seenland\/wp-json\/wp\/v2\/media\/2600"}],"wp:attachment":[{"href":"https:\/\/www.naturparkmagazin.de\/sternberger-seenland\/wp-json\/wp\/v2\/media?parent=2599"}],"wp:term":[{"taxonomy":"category","embeddable":true,"href":"https:\/\/www.naturparkmagazin.de\/sternberger-seenland\/wp-json\/wp\/v2\/categories?post=2599"},{"taxonomy":"post_tag","embeddable":true,"href":"https:\/\/www.naturparkmagazin.de\/sternberger-seenland\/wp-json\/wp\/v2\/tags?post=2599"}],"curies":[{"name":"wp","href":"https:\/\/api.w.org\/{rel}","templated":true}]}}