{"id":2618,"date":"2021-10-19T15:48:06","date_gmt":"2021-10-19T13:48:06","guid":{"rendered":"https:\/\/www.naturparkmagazin.de\/sternberger-seenland\/?p=2618"},"modified":"2021-10-19T15:48:06","modified_gmt":"2021-10-19T13:48:06","slug":"naturparkzentrum-ab-november-geschlossen","status":"publish","type":"post","link":"https:\/\/www.naturparkmagazin.de\/sternberger-seenland\/naturparkzentrum-ab-november-geschlossen\/","title":{"rendered":"Naturparkzentrum ab November geschlossen"},"content":{"rendered":"<p>Das Naturparkzentrum in Warin geht ab November bis Ende Januar in die &#8222;Winterpause&#8220;. Die Kollegen der Naturwacht werden dann vorwiegend im Gel\u00e4nde sein und verschiedene Aufgaben wahrnehmen, wie z.B. Monitoring bei Biber und Otter.<\/p>\n<p>F\u00fcr angemeldete Gruppen (z.B. Schulklassen) besteht aber nach vorheriger Absprache die M\u00f6glichkeit, das Naturparkzentrum zu besuchen.<\/p>\n<p>Telefonisch sind wir unter 038482 \/ 23527-0 zu erreichen.<\/p>\n<div id=\"attachment_2250\" style=\"width: 510px\" class=\"wp-caption alignnone\"><a href=\"https:\/\/www.naturparkmagazin.de\/sternberger-seenland\/wp-content\/uploads\/sites\/30\/Warinb.jpg\"><img aria-describedby=\"caption-attachment-2250\" decoding=\"async\" loading=\"lazy\" class=\"size-full wp-image-2250\" src=\"https:\/\/www.naturparkmagazin.de\/sternberger-seenland\/wp-content\/uploads\/sites\/30\/Warinb.jpg\" alt=\"Naturparkzentrum \u00a9 Jan Lippke\" width=\"500\" height=\"300\" srcset=\"https:\/\/www.naturparkmagazin.de\/sternberger-seenland\/wp-content\/uploads\/sites\/30\/Warinb.jpg 500w, https:\/\/www.naturparkmagazin.de\/sternberger-seenland\/wp-content\/uploads\/sites\/30\/Warinb-300x180.jpg 300w, https:\/\/www.naturparkmagazin.de\/sternberger-seenland\/wp-content\/uploads\/sites\/30\/Warinb-200x120.jpg 200w\" sizes=\"(max-width: 500px) 100vw, 500px\" \/><\/a><p id=\"caption-attachment-2250\" class=\"wp-caption-text\">Naturparkzentrum \u00a9 Jan Lippke<\/p><\/div>\n","protected":false},"excerpt":{"rendered":"<p>Das Naturparkzentrum in Warin geht ab November bis Ende Januar in die &#8222;Winterpause&#8220;. Die Kollegen der Naturwacht werden dann vorwiegend im Gel\u00e4nde sein und verschiedene Aufgaben wahrnehmen, wie z.B. Monitoring bei Biber und Otter. F\u00fcr angemeldete Gruppen (z.B. Schulklassen) besteht aber nach vorheriger Absprache die M\u00f6glichkeit, das Naturparkzentrum zu besuchen. Telefonisch sind wir unter 038482<\/p>\n","protected":false},"author":27,"featured_media":2250,"comment_status":"open","ping_status":"open","sticky":false,"template":"","format":"standard","meta":[],"categories":[7],"tags":[],"yoast_head":"<!-- This site is optimized with the Yoast SEO plugin v19.10 - https:\/\/yoast.com\/wordpress\/plugins\/seo\/ -->\n<title>Naturparkzentrum ab November geschlossen - Naturpark Sternberger Seenland<\/title>\n<meta name=\"robots\" content=\"index, follow, max-snippet:-1, max-image-preview:large, max-video-preview:-1\" \/>\n<link rel=\"canonical\" href=\"https:\/\/www.naturparkmagazin.de\/sternberger-seenland\/naturparkzentrum-ab-november-geschlossen\/\" \/>\n<meta property=\"og:locale\" content=\"de_DE\" \/>\n<meta property=\"og:type\" content=\"article\" \/>\n<meta property=\"og:title\" content=\"Naturparkzentrum ab November geschlossen - Naturpark Sternberger Seenland\" \/>\n<meta property=\"og:description\" content=\"Das Naturparkzentrum in Warin geht ab November bis Ende Januar in die &#8222;Winterpause&#8220;. Die Kollegen der Naturwacht werden dann vorwiegend im Gel\u00e4nde sein und verschiedene Aufgaben wahrnehmen, wie z.B. Monitoring bei Biber und Otter. F\u00fcr angemeldete Gruppen (z.B. Schulklassen) besteht aber nach vorheriger Absprache die M\u00f6glichkeit, das Naturparkzentrum zu besuchen. Telefonisch sind wir unter 038482\" \/>\n<meta property=\"og:url\" content=\"https:\/\/www.naturparkmagazin.de\/sternberger-seenland\/naturparkzentrum-ab-november-geschlossen\/\" \/>\n<meta property=\"og:site_name\" content=\"Naturpark Sternberger Seenland\" \/>\n<meta property=\"article:published_time\" content=\"2021-10-19T13:48:06+00:00\" \/>\n<meta property=\"og:image\" content=\"https:\/\/www.naturparkmagazin.de\/sternberger-seenland\/wp-content\/uploads\/sites\/30\/Warinb.jpg\" \/>\n\t<meta property=\"og:image:width\" content=\"500\" \/>\n\t<meta property=\"og:image:height\" content=\"300\" \/>\n\t<meta property=\"og:image:type\" content=\"image\/jpeg\" \/>\n<meta name=\"author\" content=\"janlippke\" \/>\n<meta name=\"twitter:label1\" content=\"Verfasst von\" \/>\n\t<meta name=\"twitter:data1\" content=\"janlippke\" \/>\n<script type=\"application\/ld+json\" class=\"yoast-schema-graph\">{\"@context\":\"https:\/\/schema.org\",\"@graph\":[{\"@type\":\"WebPage\",\"@id\":\"https:\/\/www.naturparkmagazin.de\/sternberger-seenland\/naturparkzentrum-ab-november-geschlossen\/\",\"url\":\"https:\/\/www.naturparkmagazin.de\/sternberger-seenland\/naturparkzentrum-ab-november-geschlossen\/\",\"name\":\"Naturparkzentrum ab November geschlossen - Naturpark Sternberger Seenland\",\"isPartOf\":{\"@id\":\"https:\/\/www.naturparkmagazin.de\/sternberger-seenland\/#website\"},\"datePublished\":\"2021-10-19T13:48:06+00:00\",\"dateModified\":\"2021-10-19T13:48:06+00:00\",\"author\":{\"@id\":\"https:\/\/www.naturparkmagazin.de\/sternberger-seenland\/#\/schema\/person\/712a5f470a8c286777fddf77babba74a\"},\"breadcrumb\":{\"@id\":\"https:\/\/www.naturparkmagazin.de\/sternberger-seenland\/naturparkzentrum-ab-november-geschlossen\/#breadcrumb\"},\"inLanguage\":\"de\",\"potentialAction\":[{\"@type\":\"ReadAction\",\"target\":[\"https:\/\/www.naturparkmagazin.de\/sternberger-seenland\/naturparkzentrum-ab-november-geschlossen\/\"]}]},{\"@type\":\"BreadcrumbList\",\"@id\":\"https:\/\/www.naturparkmagazin.de\/sternberger-seenland\/naturparkzentrum-ab-november-geschlossen\/#breadcrumb\",\"itemListElement\":[{\"@type\":\"ListItem\",\"position\":1,\"name\":\"Home\",\"item\":\"https:\/\/www.naturparkmagazin.de\/sternberger-seenland\/\"},{\"@type\":\"ListItem\",\"position\":2,\"name\":\"Naturparkzentrum ab November geschlossen\"}]},{\"@type\":\"WebSite\",\"@id\":\"https:\/\/www.naturparkmagazin.de\/sternberger-seenland\/#website\",\"url\":\"https:\/\/www.naturparkmagazin.de\/sternberger-seenland\/\",\"name\":\"Naturpark Sternberger Seenland\",\"description\":\"\",\"potentialAction\":[{\"@type\":\"SearchAction\",\"target\":{\"@type\":\"EntryPoint\",\"urlTemplate\":\"https:\/\/www.naturparkmagazin.de\/sternberger-seenland\/?s={search_term_string}\"},\"query-input\":\"required name=search_term_string\"}],\"inLanguage\":\"de\"},{\"@type\":\"Person\",\"@id\":\"https:\/\/www.naturparkmagazin.de\/sternberger-seenland\/#\/schema\/person\/712a5f470a8c286777fddf77babba74a\",\"name\":\"janlippke\",\"sameAs\":[\"http:\/\/www.naturpark-sternberger-seenland.de\"],\"url\":\"https:\/\/www.naturparkmagazin.de\/sternberger-seenland\/author\/janlippke\/\"}]}<\/script>\n<!-- \/ Yoast SEO plugin. -->","yoast_head_json":{"title":"Naturparkzentrum ab November geschlossen - Naturpark Sternberger Seenland","robots":{"index":"index","follow":"follow","max-snippet":"max-snippet:-1","max-image-preview":"max-image-preview:large","max-video-preview":"max-video-preview:-1"},"canonical":"https:\/\/www.naturparkmagazin.de\/sternberger-seenland\/naturparkzentrum-ab-november-geschlossen\/","og_locale":"de_DE","og_type":"article","og_title":"Naturparkzentrum ab November geschlossen - Naturpark Sternberger Seenland","og_description":"Das Naturparkzentrum in Warin geht ab November bis Ende Januar in die &#8222;Winterpause&#8220;. Die Kollegen der Naturwacht werden dann vorwiegend im Gel\u00e4nde sein und verschiedene Aufgaben wahrnehmen, wie z.B. Monitoring bei Biber und Otter. F\u00fcr angemeldete Gruppen (z.B. Schulklassen) besteht aber nach vorheriger Absprache die M\u00f6glichkeit, das Naturparkzentrum zu besuchen. Telefonisch sind wir unter 038482","og_url":"https:\/\/www.naturparkmagazin.de\/sternberger-seenland\/naturparkzentrum-ab-november-geschlossen\/","og_site_name":"Naturpark Sternberger Seenland","article_published_time":"2021-10-19T13:48:06+00:00","og_image":[{"width":500,"height":300,"url":"https:\/\/www.naturparkmagazin.de\/sternberger-seenland\/wp-content\/uploads\/sites\/30\/Warinb.jpg","type":"image\/jpeg"}],"author":"janlippke","twitter_misc":{"Verfasst von":"janlippke"},"schema":{"@context":"https:\/\/schema.org","@graph":[{"@type":"WebPage","@id":"https:\/\/www.naturparkmagazin.de\/sternberger-seenland\/naturparkzentrum-ab-november-geschlossen\/","url":"https:\/\/www.naturparkmagazin.de\/sternberger-seenland\/naturparkzentrum-ab-november-geschlossen\/","name":"Naturparkzentrum ab November geschlossen - Naturpark Sternberger Seenland","isPartOf":{"@id":"https:\/\/www.naturparkmagazin.de\/sternberger-seenland\/#website"},"datePublished":"2021-10-19T13:48:06+00:00","dateModified":"2021-10-19T13:48:06+00:00","author":{"@id":"https:\/\/www.naturparkmagazin.de\/sternberger-seenland\/#\/schema\/person\/712a5f470a8c286777fddf77babba74a"},"breadcrumb":{"@id":"https:\/\/www.naturparkmagazin.de\/sternberger-seenland\/naturparkzentrum-ab-november-geschlossen\/#breadcrumb"},"inLanguage":"de","potentialAction":[{"@type":"ReadAction","target":["https:\/\/www.naturparkmagazin.de\/sternberger-seenland\/naturparkzentrum-ab-november-geschlossen\/"]}]},{"@type":"BreadcrumbList","@id":"https:\/\/www.naturparkmagazin.de\/sternberger-seenland\/naturparkzentrum-ab-november-geschlossen\/#breadcrumb","itemListElement":[{"@type":"ListItem","position":1,"name":"Home","item":"https:\/\/www.naturparkmagazin.de\/sternberger-seenland\/"},{"@type":"ListItem","position":2,"name":"Naturparkzentrum ab November geschlossen"}]},{"@type":"WebSite","@id":"https:\/\/www.naturparkmagazin.de\/sternberger-seenland\/#website","url":"https:\/\/www.naturparkmagazin.de\/sternberger-seenland\/","name":"Naturpark Sternberger Seenland","description":"","potentialAction":[{"@type":"SearchAction","target":{"@type":"EntryPoint","urlTemplate":"https:\/\/www.naturparkmagazin.de\/sternberger-seenland\/?s={search_term_string}"},"query-input":"required name=search_term_string"}],"inLanguage":"de"},{"@type":"Person","@id":"https:\/\/www.naturparkmagazin.de\/sternberger-seenland\/#\/schema\/person\/712a5f470a8c286777fddf77babba74a","name":"janlippke","sameAs":["http:\/\/www.naturpark-sternberger-seenland.de"],"url":"https:\/\/www.naturparkmagazin.de\/sternberger-seenland\/author\/janlippke\/"}]}},"_links":{"self":[{"href":"https:\/\/www.naturparkmagazin.de\/sternberger-seenland\/wp-json\/wp\/v2\/posts\/2618"}],"collection":[{"href":"https:\/\/www.naturparkmagazin.de\/sternberger-seenland\/wp-json\/wp\/v2\/posts"}],"about":[{"href":"https:\/\/www.naturparkmagazin.de\/sternberger-seenland\/wp-json\/wp\/v2\/types\/post"}],"author":[{"embeddable":true,"href":"https:\/\/www.naturparkmagazin.de\/sternberger-seenland\/wp-json\/wp\/v2\/users\/27"}],"replies":[{"embeddable":true,"href":"https:\/\/www.naturparkmagazin.de\/sternberger-seenland\/wp-json\/wp\/v2\/comments?post=2618"}],"version-history":[{"count":1,"href":"https:\/\/www.naturparkmagazin.de\/sternberger-seenland\/wp-json\/wp\/v2\/posts\/2618\/revisions"}],"predecessor-version":[{"id":2619,"href":"https:\/\/www.naturparkmagazin.de\/sternberger-seenland\/wp-json\/wp\/v2\/posts\/2618\/revisions\/2619"}],"wp:featuredmedia":[{"embeddable":true,"href":"https:\/\/www.naturparkmagazin.de\/sternberger-seenland\/wp-json\/wp\/v2\/media\/2250"}],"wp:attachment":[{"href":"https:\/\/www.naturparkmagazin.de\/sternberger-seenland\/wp-json\/wp\/v2\/media?parent=2618"}],"wp:term":[{"taxonomy":"category","embeddable":true,"href":"https:\/\/www.naturparkmagazin.de\/sternberger-seenland\/wp-json\/wp\/v2\/categories?post=2618"},{"taxonomy":"post_tag","embeddable":true,"href":"https:\/\/www.naturparkmagazin.de\/sternberger-seenland\/wp-json\/wp\/v2\/tags?post=2618"}],"curies":[{"name":"wp","href":"https:\/\/api.w.org\/{rel}","templated":true}]}}