{"id":2678,"date":"2022-02-10T15:07:48","date_gmt":"2022-02-10T14:07:48","guid":{"rendered":"https:\/\/www.naturparkmagazin.de\/sternberger-seenland\/?p=2678"},"modified":"2022-02-10T15:07:48","modified_gmt":"2022-02-10T14:07:48","slug":"obstbaumschnittseminar-faellt-aus","status":"publish","type":"post","link":"https:\/\/www.naturparkmagazin.de\/sternberger-seenland\/obstbaumschnittseminar-faellt-aus\/","title":{"rendered":"Obstbaumschnittseminar f\u00e4llt aus"},"content":{"rendered":"<p>Aufgrund der immer noch geltenden Beschr\u00e4nkungen haben wir uns in Absprache mit dem Referenten Thomas Franiel entschieden, dass unser f\u00fcr den 05.03.22 geplantes Obstbaumschnittseminar ausf\u00e4llt. Das war leider schon im vergangenen Jahr so und auch jetzt haben wir uns nach Abw\u00e4gung aller M\u00f6glichkeiten schweren Herzens f\u00fcr die Absage entschieden. Wir bitten um Verst\u00e4ndnis und hoffen darauf, dass im kommenden Jahr die Bedingungen besser sind.<\/p>\n<div id=\"attachment_1991\" style=\"width: 310px\" class=\"wp-caption alignnone\"><a href=\"https:\/\/www.naturparkmagazin.de\/sternberger-seenland\/wp-content\/uploads\/sites\/30\/Obstschnittseminar-2018_1.jpg\"><img aria-describedby=\"caption-attachment-1991\" decoding=\"async\" loading=\"lazy\" class=\"size-full wp-image-1991\" src=\"https:\/\/www.naturparkmagazin.de\/sternberger-seenland\/wp-content\/uploads\/sites\/30\/Obstschnittseminar-2018_1.jpg\" alt=\"Obstschnittseminar 2018\" width=\"300\" height=\"500\" srcset=\"https:\/\/www.naturparkmagazin.de\/sternberger-seenland\/wp-content\/uploads\/sites\/30\/Obstschnittseminar-2018_1.jpg 300w, https:\/\/www.naturparkmagazin.de\/sternberger-seenland\/wp-content\/uploads\/sites\/30\/Obstschnittseminar-2018_1-200x333.jpg 200w\" sizes=\"(max-width: 300px) 100vw, 300px\" \/><\/a><p id=\"caption-attachment-1991\" class=\"wp-caption-text\">Obstschnittseminar 2018<\/p><\/div>\n","protected":false},"excerpt":{"rendered":"<p>Aufgrund der immer noch geltenden Beschr\u00e4nkungen haben wir uns in Absprache mit dem Referenten Thomas Franiel entschieden, dass unser f\u00fcr den 05.03.22 geplantes Obstbaumschnittseminar ausf\u00e4llt. Das war leider schon im vergangenen Jahr so und auch jetzt haben wir uns nach Abw\u00e4gung aller M\u00f6glichkeiten schweren Herzens f\u00fcr die Absage entschieden. Wir bitten um Verst\u00e4ndnis und hoffen<\/p>\n","protected":false},"author":27,"featured_media":1992,"comment_status":"open","ping_status":"open","sticky":false,"template":"","format":"standard","meta":[],"categories":[11],"tags":[],"yoast_head":"<!-- This site is optimized with the Yoast SEO plugin v19.10 - https:\/\/yoast.com\/wordpress\/plugins\/seo\/ -->\n<title>Obstbaumschnittseminar f\u00e4llt aus - Naturpark Sternberger Seenland<\/title>\n<meta name=\"robots\" content=\"index, follow, max-snippet:-1, max-image-preview:large, max-video-preview:-1\" \/>\n<link rel=\"canonical\" href=\"https:\/\/www.naturparkmagazin.de\/sternberger-seenland\/obstbaumschnittseminar-faellt-aus\/\" \/>\n<meta property=\"og:locale\" content=\"de_DE\" \/>\n<meta property=\"og:type\" content=\"article\" \/>\n<meta property=\"og:title\" content=\"Obstbaumschnittseminar f\u00e4llt aus - Naturpark Sternberger Seenland\" \/>\n<meta property=\"og:description\" content=\"Aufgrund der immer noch geltenden Beschr\u00e4nkungen haben wir uns in Absprache mit dem Referenten Thomas Franiel entschieden, dass unser f\u00fcr den 05.03.22 geplantes Obstbaumschnittseminar ausf\u00e4llt. Das war leider schon im vergangenen Jahr so und auch jetzt haben wir uns nach Abw\u00e4gung aller M\u00f6glichkeiten schweren Herzens f\u00fcr die Absage entschieden. Wir bitten um Verst\u00e4ndnis und hoffen\" \/>\n<meta property=\"og:url\" content=\"https:\/\/www.naturparkmagazin.de\/sternberger-seenland\/obstbaumschnittseminar-faellt-aus\/\" \/>\n<meta property=\"og:site_name\" content=\"Naturpark Sternberger Seenland\" \/>\n<meta property=\"article:published_time\" content=\"2022-02-10T14:07:48+00:00\" \/>\n<meta property=\"og:image\" content=\"https:\/\/www.naturparkmagazin.de\/sternberger-seenland\/wp-content\/uploads\/sites\/30\/Obstschnittseminar-2018_2.jpg\" \/>\n\t<meta property=\"og:image:width\" content=\"500\" \/>\n\t<meta property=\"og:image:height\" content=\"300\" \/>\n\t<meta property=\"og:image:type\" content=\"image\/jpeg\" \/>\n<meta name=\"author\" content=\"janlippke\" \/>\n<meta name=\"twitter:label1\" content=\"Verfasst von\" \/>\n\t<meta name=\"twitter:data1\" content=\"janlippke\" \/>\n<script type=\"application\/ld+json\" class=\"yoast-schema-graph\">{\"@context\":\"https:\/\/schema.org\",\"@graph\":[{\"@type\":\"WebPage\",\"@id\":\"https:\/\/www.naturparkmagazin.de\/sternberger-seenland\/obstbaumschnittseminar-faellt-aus\/\",\"url\":\"https:\/\/www.naturparkmagazin.de\/sternberger-seenland\/obstbaumschnittseminar-faellt-aus\/\",\"name\":\"Obstbaumschnittseminar f\u00e4llt aus - Naturpark Sternberger Seenland\",\"isPartOf\":{\"@id\":\"https:\/\/www.naturparkmagazin.de\/sternberger-seenland\/#website\"},\"datePublished\":\"2022-02-10T14:07:48+00:00\",\"dateModified\":\"2022-02-10T14:07:48+00:00\",\"author\":{\"@id\":\"https:\/\/www.naturparkmagazin.de\/sternberger-seenland\/#\/schema\/person\/712a5f470a8c286777fddf77babba74a\"},\"breadcrumb\":{\"@id\":\"https:\/\/www.naturparkmagazin.de\/sternberger-seenland\/obstbaumschnittseminar-faellt-aus\/#breadcrumb\"},\"inLanguage\":\"de\",\"potentialAction\":[{\"@type\":\"ReadAction\",\"target\":[\"https:\/\/www.naturparkmagazin.de\/sternberger-seenland\/obstbaumschnittseminar-faellt-aus\/\"]}]},{\"@type\":\"BreadcrumbList\",\"@id\":\"https:\/\/www.naturparkmagazin.de\/sternberger-seenland\/obstbaumschnittseminar-faellt-aus\/#breadcrumb\",\"itemListElement\":[{\"@type\":\"ListItem\",\"position\":1,\"name\":\"Home\",\"item\":\"https:\/\/www.naturparkmagazin.de\/sternberger-seenland\/\"},{\"@type\":\"ListItem\",\"position\":2,\"name\":\"Obstbaumschnittseminar f\u00e4llt aus\"}]},{\"@type\":\"WebSite\",\"@id\":\"https:\/\/www.naturparkmagazin.de\/sternberger-seenland\/#website\",\"url\":\"https:\/\/www.naturparkmagazin.de\/sternberger-seenland\/\",\"name\":\"Naturpark Sternberger Seenland\",\"description\":\"\",\"potentialAction\":[{\"@type\":\"SearchAction\",\"target\":{\"@type\":\"EntryPoint\",\"urlTemplate\":\"https:\/\/www.naturparkmagazin.de\/sternberger-seenland\/?s={search_term_string}\"},\"query-input\":\"required name=search_term_string\"}],\"inLanguage\":\"de\"},{\"@type\":\"Person\",\"@id\":\"https:\/\/www.naturparkmagazin.de\/sternberger-seenland\/#\/schema\/person\/712a5f470a8c286777fddf77babba74a\",\"name\":\"janlippke\",\"sameAs\":[\"http:\/\/www.naturpark-sternberger-seenland.de\"],\"url\":\"https:\/\/www.naturparkmagazin.de\/sternberger-seenland\/author\/janlippke\/\"}]}<\/script>\n<!-- \/ Yoast SEO plugin. -->","yoast_head_json":{"title":"Obstbaumschnittseminar f\u00e4llt aus - Naturpark Sternberger Seenland","robots":{"index":"index","follow":"follow","max-snippet":"max-snippet:-1","max-image-preview":"max-image-preview:large","max-video-preview":"max-video-preview:-1"},"canonical":"https:\/\/www.naturparkmagazin.de\/sternberger-seenland\/obstbaumschnittseminar-faellt-aus\/","og_locale":"de_DE","og_type":"article","og_title":"Obstbaumschnittseminar f\u00e4llt aus - Naturpark Sternberger Seenland","og_description":"Aufgrund der immer noch geltenden Beschr\u00e4nkungen haben wir uns in Absprache mit dem Referenten Thomas Franiel entschieden, dass unser f\u00fcr den 05.03.22 geplantes Obstbaumschnittseminar ausf\u00e4llt. Das war leider schon im vergangenen Jahr so und auch jetzt haben wir uns nach Abw\u00e4gung aller M\u00f6glichkeiten schweren Herzens f\u00fcr die Absage entschieden. Wir bitten um Verst\u00e4ndnis und hoffen","og_url":"https:\/\/www.naturparkmagazin.de\/sternberger-seenland\/obstbaumschnittseminar-faellt-aus\/","og_site_name":"Naturpark Sternberger Seenland","article_published_time":"2022-02-10T14:07:48+00:00","og_image":[{"width":500,"height":300,"url":"https:\/\/www.naturparkmagazin.de\/sternberger-seenland\/wp-content\/uploads\/sites\/30\/Obstschnittseminar-2018_2.jpg","type":"image\/jpeg"}],"author":"janlippke","twitter_misc":{"Verfasst von":"janlippke"},"schema":{"@context":"https:\/\/schema.org","@graph":[{"@type":"WebPage","@id":"https:\/\/www.naturparkmagazin.de\/sternberger-seenland\/obstbaumschnittseminar-faellt-aus\/","url":"https:\/\/www.naturparkmagazin.de\/sternberger-seenland\/obstbaumschnittseminar-faellt-aus\/","name":"Obstbaumschnittseminar f\u00e4llt aus - Naturpark Sternberger Seenland","isPartOf":{"@id":"https:\/\/www.naturparkmagazin.de\/sternberger-seenland\/#website"},"datePublished":"2022-02-10T14:07:48+00:00","dateModified":"2022-02-10T14:07:48+00:00","author":{"@id":"https:\/\/www.naturparkmagazin.de\/sternberger-seenland\/#\/schema\/person\/712a5f470a8c286777fddf77babba74a"},"breadcrumb":{"@id":"https:\/\/www.naturparkmagazin.de\/sternberger-seenland\/obstbaumschnittseminar-faellt-aus\/#breadcrumb"},"inLanguage":"de","potentialAction":[{"@type":"ReadAction","target":["https:\/\/www.naturparkmagazin.de\/sternberger-seenland\/obstbaumschnittseminar-faellt-aus\/"]}]},{"@type":"BreadcrumbList","@id":"https:\/\/www.naturparkmagazin.de\/sternberger-seenland\/obstbaumschnittseminar-faellt-aus\/#breadcrumb","itemListElement":[{"@type":"ListItem","position":1,"name":"Home","item":"https:\/\/www.naturparkmagazin.de\/sternberger-seenland\/"},{"@type":"ListItem","position":2,"name":"Obstbaumschnittseminar f\u00e4llt aus"}]},{"@type":"WebSite","@id":"https:\/\/www.naturparkmagazin.de\/sternberger-seenland\/#website","url":"https:\/\/www.naturparkmagazin.de\/sternberger-seenland\/","name":"Naturpark Sternberger Seenland","description":"","potentialAction":[{"@type":"SearchAction","target":{"@type":"EntryPoint","urlTemplate":"https:\/\/www.naturparkmagazin.de\/sternberger-seenland\/?s={search_term_string}"},"query-input":"required name=search_term_string"}],"inLanguage":"de"},{"@type":"Person","@id":"https:\/\/www.naturparkmagazin.de\/sternberger-seenland\/#\/schema\/person\/712a5f470a8c286777fddf77babba74a","name":"janlippke","sameAs":["http:\/\/www.naturpark-sternberger-seenland.de"],"url":"https:\/\/www.naturparkmagazin.de\/sternberger-seenland\/author\/janlippke\/"}]}},"_links":{"self":[{"href":"https:\/\/www.naturparkmagazin.de\/sternberger-seenland\/wp-json\/wp\/v2\/posts\/2678"}],"collection":[{"href":"https:\/\/www.naturparkmagazin.de\/sternberger-seenland\/wp-json\/wp\/v2\/posts"}],"about":[{"href":"https:\/\/www.naturparkmagazin.de\/sternberger-seenland\/wp-json\/wp\/v2\/types\/post"}],"author":[{"embeddable":true,"href":"https:\/\/www.naturparkmagazin.de\/sternberger-seenland\/wp-json\/wp\/v2\/users\/27"}],"replies":[{"embeddable":true,"href":"https:\/\/www.naturparkmagazin.de\/sternberger-seenland\/wp-json\/wp\/v2\/comments?post=2678"}],"version-history":[{"count":1,"href":"https:\/\/www.naturparkmagazin.de\/sternberger-seenland\/wp-json\/wp\/v2\/posts\/2678\/revisions"}],"predecessor-version":[{"id":2679,"href":"https:\/\/www.naturparkmagazin.de\/sternberger-seenland\/wp-json\/wp\/v2\/posts\/2678\/revisions\/2679"}],"wp:featuredmedia":[{"embeddable":true,"href":"https:\/\/www.naturparkmagazin.de\/sternberger-seenland\/wp-json\/wp\/v2\/media\/1992"}],"wp:attachment":[{"href":"https:\/\/www.naturparkmagazin.de\/sternberger-seenland\/wp-json\/wp\/v2\/media?parent=2678"}],"wp:term":[{"taxonomy":"category","embeddable":true,"href":"https:\/\/www.naturparkmagazin.de\/sternberger-seenland\/wp-json\/wp\/v2\/categories?post=2678"},{"taxonomy":"post_tag","embeddable":true,"href":"https:\/\/www.naturparkmagazin.de\/sternberger-seenland\/wp-json\/wp\/v2\/tags?post=2678"}],"curies":[{"name":"wp","href":"https:\/\/api.w.org\/{rel}","templated":true}]}}