{"id":2713,"date":"2022-04-12T11:51:26","date_gmt":"2022-04-12T09:51:26","guid":{"rendered":"https:\/\/www.naturparkmagazin.de\/sternberger-seenland\/?p=2713"},"modified":"2022-04-12T11:51:26","modified_gmt":"2022-04-12T09:51:26","slug":"lenzener-pflanz-und-topftag-5","status":"publish","type":"post","link":"https:\/\/www.naturparkmagazin.de\/sternberger-seenland\/lenzener-pflanz-und-topftag-5\/","title":{"rendered":"Lenzener Pflanz- und Topftag"},"content":{"rendered":"<p>Am 01. Mai 2022 wird es in Lenzen bei Sternberg wieder den Lenzener Pflanz- und Topftag geben. In der Zeit von 10 bis 18 Uhr erwartet die Besucher ein buntes Programm mit regionalen Marktst\u00e4nden, Pflanzen und nat\u00fcrlich T\u00f6pferwaren. F\u00fcr das leibliche Wohl ist auch gesorgt.<\/p>\n<p>Der Naturpark Sternberger Seenland wird mit seinem Infostand vertreten sein. Dort gibt es f\u00fcr Gro\u00df und Klein Wissenswertes zum Naturpark und die M\u00f6glichkeit Nistk\u00e4sten am Stand zu bauen.<\/p>\n<div id=\"attachment_1097\" style=\"width: 510px\" class=\"wp-caption alignnone\"><a href=\"https:\/\/www.naturparkmagazin.de\/sternberger-seenland\/wp-content\/uploads\/sites\/30\/Lenzen.jpg\"><img aria-describedby=\"caption-attachment-1097\" decoding=\"async\" loading=\"lazy\" class=\"size-full wp-image-1097\" src=\"https:\/\/www.naturparkmagazin.de\/sternberger-seenland\/wp-content\/uploads\/sites\/30\/Lenzen.jpg\" alt=\"bei Lenzen   \u00a9Naturpark Sternberger Seenland\" width=\"500\" height=\"300\" srcset=\"https:\/\/www.naturparkmagazin.de\/sternberger-seenland\/wp-content\/uploads\/sites\/30\/Lenzen.jpg 500w, https:\/\/www.naturparkmagazin.de\/sternberger-seenland\/wp-content\/uploads\/sites\/30\/Lenzen-300x180.jpg 300w, https:\/\/www.naturparkmagazin.de\/sternberger-seenland\/wp-content\/uploads\/sites\/30\/Lenzen-200x120.jpg 200w\" sizes=\"(max-width: 500px) 100vw, 500px\" \/><\/a><p id=\"caption-attachment-1097\" class=\"wp-caption-text\">bei Lenzen\u00a0\u00a0\u00a0\u00a0\u00a0\u00a0\u00a0\u00a0\u00a0\u00a0\u00a0\u00a0\u00a0\u00a0\u00a0\u00a0\u00a0\u00a0\u00a0\u00a0\u00a0\u00a0\u00a0\u00a0\u00a0\u00a0\u00a0\u00a0\u00a0\u00a0\u00a0\u00a0\u00a0\u00a0\u00a0\u00a0\u00a0\u00a0\u00a0\u00a0\u00a0\u00a0\u00a0\u00a0\u00a0\u00a0\u00a0\u00a0\u00a0\u00a0\u00a0\u00a0\u00a0\u00a0\u00a0\u00a0\u00a0\u00a0\u00a0\u00a0\u00a0\u00a0\u00a0\u00a0\u00a0\u00a0\u00a0\u00a0\u00a0\u00a0\u00a0\u00a0\u00a0\u00a0\u00a0\u00a0\u00a0\u00a0\u00a0\u00a0\u00a0\u00a0\u00a0\u00a0\u00a0\u00a0\u00a0\u00a0\u00a0\u00a0\u00a0\u00a0\u00a0\u00a0 \u00a9Naturpark Sternberger Seenland<\/p><\/div>\n<div id=\"attachment_1431\" style=\"width: 510px\" class=\"wp-caption alignnone\"><a href=\"https:\/\/www.naturparkmagazin.de\/sternberger-seenland\/wp-content\/uploads\/sites\/30\/Lenzen-1.Mai_.jpg\"><img aria-describedby=\"caption-attachment-1431\" decoding=\"async\" loading=\"lazy\" class=\"size-full wp-image-1431\" src=\"https:\/\/www.naturparkmagazin.de\/sternberger-seenland\/wp-content\/uploads\/sites\/30\/Lenzen-1.Mai_.jpg\" alt=\"Naturparkstand in Lenzen \u00a9Naturpark Sternberger Seenland\" width=\"500\" height=\"300\" srcset=\"https:\/\/www.naturparkmagazin.de\/sternberger-seenland\/wp-content\/uploads\/sites\/30\/Lenzen-1.Mai_.jpg 500w, https:\/\/www.naturparkmagazin.de\/sternberger-seenland\/wp-content\/uploads\/sites\/30\/Lenzen-1.Mai_-300x180.jpg 300w, https:\/\/www.naturparkmagazin.de\/sternberger-seenland\/wp-content\/uploads\/sites\/30\/Lenzen-1.Mai_-200x120.jpg 200w\" sizes=\"(max-width: 500px) 100vw, 500px\" \/><\/a><p id=\"caption-attachment-1431\" class=\"wp-caption-text\">Naturparkstand in Lenzen\u00a0\u00a0\u00a0\u00a0\u00a0\u00a0\u00a0\u00a0\u00a0\u00a0\u00a0\u00a0\u00a0\u00a0\u00a0\u00a0\u00a0\u00a0\u00a0\u00a0\u00a0\u00a0\u00a0\u00a0\u00a0\u00a0\u00a0\u00a0\u00a0\u00a0\u00a0\u00a0\u00a0\u00a0\u00a0\u00a0\u00a0\u00a0\u00a0\u00a0\u00a0\u00a0\u00a0\u00a0\u00a0\u00a0\u00a0\u00a0\u00a0\u00a0\u00a0\u00a0\u00a0\u00a0\u00a0\u00a0\u00a0\u00a0\u00a0\u00a0\u00a0\u00a0\u00a0\u00a0\u00a0 \u00a9Naturpark Sternberger Seenland<\/p><\/div>\n","protected":false},"excerpt":{"rendered":"<p>Am 01. Mai 2022 wird es in Lenzen bei Sternberg wieder den Lenzener Pflanz- und Topftag geben. In der Zeit von 10 bis 18 Uhr erwartet die Besucher ein buntes Programm mit regionalen Marktst\u00e4nden, Pflanzen und nat\u00fcrlich T\u00f6pferwaren. F\u00fcr das leibliche Wohl ist auch gesorgt. Der Naturpark Sternberger Seenland wird mit seinem Infostand vertreten sein.<\/p>\n","protected":false},"author":27,"featured_media":1432,"comment_status":"open","ping_status":"open","sticky":false,"template":"","format":"standard","meta":[],"categories":[11],"tags":[],"yoast_head":"<!-- This site is optimized with the Yoast SEO plugin v19.10 - https:\/\/yoast.com\/wordpress\/plugins\/seo\/ -->\n<title>Lenzener Pflanz- und Topftag - Naturpark Sternberger Seenland<\/title>\n<meta name=\"robots\" content=\"index, follow, max-snippet:-1, max-image-preview:large, max-video-preview:-1\" \/>\n<link rel=\"canonical\" href=\"https:\/\/www.naturparkmagazin.de\/sternberger-seenland\/lenzener-pflanz-und-topftag-5\/\" \/>\n<meta property=\"og:locale\" content=\"de_DE\" \/>\n<meta property=\"og:type\" content=\"article\" \/>\n<meta property=\"og:title\" content=\"Lenzener Pflanz- und Topftag - Naturpark Sternberger Seenland\" \/>\n<meta property=\"og:description\" content=\"Am 01. Mai 2022 wird es in Lenzen bei Sternberg wieder den Lenzener Pflanz- und Topftag geben. In der Zeit von 10 bis 18 Uhr erwartet die Besucher ein buntes Programm mit regionalen Marktst\u00e4nden, Pflanzen und nat\u00fcrlich T\u00f6pferwaren. F\u00fcr das leibliche Wohl ist auch gesorgt. Der Naturpark Sternberger Seenland wird mit seinem Infostand vertreten sein.\" \/>\n<meta property=\"og:url\" content=\"https:\/\/www.naturparkmagazin.de\/sternberger-seenland\/lenzener-pflanz-und-topftag-5\/\" \/>\n<meta property=\"og:site_name\" content=\"Naturpark Sternberger Seenland\" \/>\n<meta property=\"article:published_time\" content=\"2022-04-12T09:51:26+00:00\" \/>\n<meta property=\"og:image\" content=\"https:\/\/www.naturparkmagazin.de\/sternberger-seenland\/wp-content\/uploads\/sites\/30\/Lenzen_Festplatz.jpg\" \/>\n\t<meta property=\"og:image:width\" content=\"500\" \/>\n\t<meta property=\"og:image:height\" content=\"300\" \/>\n\t<meta property=\"og:image:type\" content=\"image\/jpeg\" \/>\n<meta name=\"author\" content=\"janlippke\" \/>\n<meta name=\"twitter:label1\" content=\"Verfasst von\" \/>\n\t<meta name=\"twitter:data1\" content=\"janlippke\" \/>\n\t<meta name=\"twitter:label2\" content=\"Gesch\u00e4tzte Lesezeit\" \/>\n\t<meta name=\"twitter:data2\" content=\"1\u00a0Minute\" \/>\n<script type=\"application\/ld+json\" class=\"yoast-schema-graph\">{\"@context\":\"https:\/\/schema.org\",\"@graph\":[{\"@type\":\"WebPage\",\"@id\":\"https:\/\/www.naturparkmagazin.de\/sternberger-seenland\/lenzener-pflanz-und-topftag-5\/\",\"url\":\"https:\/\/www.naturparkmagazin.de\/sternberger-seenland\/lenzener-pflanz-und-topftag-5\/\",\"name\":\"Lenzener Pflanz- und Topftag - Naturpark Sternberger Seenland\",\"isPartOf\":{\"@id\":\"https:\/\/www.naturparkmagazin.de\/sternberger-seenland\/#website\"},\"datePublished\":\"2022-04-12T09:51:26+00:00\",\"dateModified\":\"2022-04-12T09:51:26+00:00\",\"author\":{\"@id\":\"https:\/\/www.naturparkmagazin.de\/sternberger-seenland\/#\/schema\/person\/712a5f470a8c286777fddf77babba74a\"},\"breadcrumb\":{\"@id\":\"https:\/\/www.naturparkmagazin.de\/sternberger-seenland\/lenzener-pflanz-und-topftag-5\/#breadcrumb\"},\"inLanguage\":\"de\",\"potentialAction\":[{\"@type\":\"ReadAction\",\"target\":[\"https:\/\/www.naturparkmagazin.de\/sternberger-seenland\/lenzener-pflanz-und-topftag-5\/\"]}]},{\"@type\":\"BreadcrumbList\",\"@id\":\"https:\/\/www.naturparkmagazin.de\/sternberger-seenland\/lenzener-pflanz-und-topftag-5\/#breadcrumb\",\"itemListElement\":[{\"@type\":\"ListItem\",\"position\":1,\"name\":\"Home\",\"item\":\"https:\/\/www.naturparkmagazin.de\/sternberger-seenland\/\"},{\"@type\":\"ListItem\",\"position\":2,\"name\":\"Lenzener Pflanz- und Topftag\"}]},{\"@type\":\"WebSite\",\"@id\":\"https:\/\/www.naturparkmagazin.de\/sternberger-seenland\/#website\",\"url\":\"https:\/\/www.naturparkmagazin.de\/sternberger-seenland\/\",\"name\":\"Naturpark Sternberger Seenland\",\"description\":\"\",\"potentialAction\":[{\"@type\":\"SearchAction\",\"target\":{\"@type\":\"EntryPoint\",\"urlTemplate\":\"https:\/\/www.naturparkmagazin.de\/sternberger-seenland\/?s={search_term_string}\"},\"query-input\":\"required name=search_term_string\"}],\"inLanguage\":\"de\"},{\"@type\":\"Person\",\"@id\":\"https:\/\/www.naturparkmagazin.de\/sternberger-seenland\/#\/schema\/person\/712a5f470a8c286777fddf77babba74a\",\"name\":\"janlippke\",\"sameAs\":[\"http:\/\/www.naturpark-sternberger-seenland.de\"],\"url\":\"https:\/\/www.naturparkmagazin.de\/sternberger-seenland\/author\/janlippke\/\"}]}<\/script>\n<!-- \/ Yoast SEO plugin. -->","yoast_head_json":{"title":"Lenzener Pflanz- und Topftag - Naturpark Sternberger Seenland","robots":{"index":"index","follow":"follow","max-snippet":"max-snippet:-1","max-image-preview":"max-image-preview:large","max-video-preview":"max-video-preview:-1"},"canonical":"https:\/\/www.naturparkmagazin.de\/sternberger-seenland\/lenzener-pflanz-und-topftag-5\/","og_locale":"de_DE","og_type":"article","og_title":"Lenzener Pflanz- und Topftag - Naturpark Sternberger Seenland","og_description":"Am 01. Mai 2022 wird es in Lenzen bei Sternberg wieder den Lenzener Pflanz- und Topftag geben. In der Zeit von 10 bis 18 Uhr erwartet die Besucher ein buntes Programm mit regionalen Marktst\u00e4nden, Pflanzen und nat\u00fcrlich T\u00f6pferwaren. F\u00fcr das leibliche Wohl ist auch gesorgt. Der Naturpark Sternberger Seenland wird mit seinem Infostand vertreten sein.","og_url":"https:\/\/www.naturparkmagazin.de\/sternberger-seenland\/lenzener-pflanz-und-topftag-5\/","og_site_name":"Naturpark Sternberger Seenland","article_published_time":"2022-04-12T09:51:26+00:00","og_image":[{"width":500,"height":300,"url":"https:\/\/www.naturparkmagazin.de\/sternberger-seenland\/wp-content\/uploads\/sites\/30\/Lenzen_Festplatz.jpg","type":"image\/jpeg"}],"author":"janlippke","twitter_misc":{"Verfasst von":"janlippke","Gesch\u00e4tzte Lesezeit":"1\u00a0Minute"},"schema":{"@context":"https:\/\/schema.org","@graph":[{"@type":"WebPage","@id":"https:\/\/www.naturparkmagazin.de\/sternberger-seenland\/lenzener-pflanz-und-topftag-5\/","url":"https:\/\/www.naturparkmagazin.de\/sternberger-seenland\/lenzener-pflanz-und-topftag-5\/","name":"Lenzener Pflanz- und Topftag - Naturpark Sternberger Seenland","isPartOf":{"@id":"https:\/\/www.naturparkmagazin.de\/sternberger-seenland\/#website"},"datePublished":"2022-04-12T09:51:26+00:00","dateModified":"2022-04-12T09:51:26+00:00","author":{"@id":"https:\/\/www.naturparkmagazin.de\/sternberger-seenland\/#\/schema\/person\/712a5f470a8c286777fddf77babba74a"},"breadcrumb":{"@id":"https:\/\/www.naturparkmagazin.de\/sternberger-seenland\/lenzener-pflanz-und-topftag-5\/#breadcrumb"},"inLanguage":"de","potentialAction":[{"@type":"ReadAction","target":["https:\/\/www.naturparkmagazin.de\/sternberger-seenland\/lenzener-pflanz-und-topftag-5\/"]}]},{"@type":"BreadcrumbList","@id":"https:\/\/www.naturparkmagazin.de\/sternberger-seenland\/lenzener-pflanz-und-topftag-5\/#breadcrumb","itemListElement":[{"@type":"ListItem","position":1,"name":"Home","item":"https:\/\/www.naturparkmagazin.de\/sternberger-seenland\/"},{"@type":"ListItem","position":2,"name":"Lenzener Pflanz- und Topftag"}]},{"@type":"WebSite","@id":"https:\/\/www.naturparkmagazin.de\/sternberger-seenland\/#website","url":"https:\/\/www.naturparkmagazin.de\/sternberger-seenland\/","name":"Naturpark Sternberger Seenland","description":"","potentialAction":[{"@type":"SearchAction","target":{"@type":"EntryPoint","urlTemplate":"https:\/\/www.naturparkmagazin.de\/sternberger-seenland\/?s={search_term_string}"},"query-input":"required name=search_term_string"}],"inLanguage":"de"},{"@type":"Person","@id":"https:\/\/www.naturparkmagazin.de\/sternberger-seenland\/#\/schema\/person\/712a5f470a8c286777fddf77babba74a","name":"janlippke","sameAs":["http:\/\/www.naturpark-sternberger-seenland.de"],"url":"https:\/\/www.naturparkmagazin.de\/sternberger-seenland\/author\/janlippke\/"}]}},"_links":{"self":[{"href":"https:\/\/www.naturparkmagazin.de\/sternberger-seenland\/wp-json\/wp\/v2\/posts\/2713"}],"collection":[{"href":"https:\/\/www.naturparkmagazin.de\/sternberger-seenland\/wp-json\/wp\/v2\/posts"}],"about":[{"href":"https:\/\/www.naturparkmagazin.de\/sternberger-seenland\/wp-json\/wp\/v2\/types\/post"}],"author":[{"embeddable":true,"href":"https:\/\/www.naturparkmagazin.de\/sternberger-seenland\/wp-json\/wp\/v2\/users\/27"}],"replies":[{"embeddable":true,"href":"https:\/\/www.naturparkmagazin.de\/sternberger-seenland\/wp-json\/wp\/v2\/comments?post=2713"}],"version-history":[{"count":2,"href":"https:\/\/www.naturparkmagazin.de\/sternberger-seenland\/wp-json\/wp\/v2\/posts\/2713\/revisions"}],"predecessor-version":[{"id":2715,"href":"https:\/\/www.naturparkmagazin.de\/sternberger-seenland\/wp-json\/wp\/v2\/posts\/2713\/revisions\/2715"}],"wp:featuredmedia":[{"embeddable":true,"href":"https:\/\/www.naturparkmagazin.de\/sternberger-seenland\/wp-json\/wp\/v2\/media\/1432"}],"wp:attachment":[{"href":"https:\/\/www.naturparkmagazin.de\/sternberger-seenland\/wp-json\/wp\/v2\/media?parent=2713"}],"wp:term":[{"taxonomy":"category","embeddable":true,"href":"https:\/\/www.naturparkmagazin.de\/sternberger-seenland\/wp-json\/wp\/v2\/categories?post=2713"},{"taxonomy":"post_tag","embeddable":true,"href":"https:\/\/www.naturparkmagazin.de\/sternberger-seenland\/wp-json\/wp\/v2\/tags?post=2713"}],"curies":[{"name":"wp","href":"https:\/\/api.w.org\/{rel}","templated":true}]}}