{"id":2753,"date":"2022-06-13T13:06:35","date_gmt":"2022-06-13T11:06:35","guid":{"rendered":"https:\/\/www.naturparkmagazin.de\/sternberger-seenland\/?p=2753"},"modified":"2022-06-13T13:06:35","modified_gmt":"2022-06-13T11:06:35","slug":"foej-ler-ab-september-gesucht","status":"publish","type":"post","link":"https:\/\/www.naturparkmagazin.de\/sternberger-seenland\/foej-ler-ab-september-gesucht\/","title":{"rendered":"F\u00d6J-ler ab September gesucht"},"content":{"rendered":"<p>Die F\u00d6J-Stelle im Naturpark Sternberger Seenland ist ab September neu zu besetzen. Bisher haben sich 3 Bewerber gemeldet, die allerdings inzwischen alle etwas anderes machen wollen. Daher suchen wir noch einen geeigneten Bewerber der uns im Naturpark f\u00fcr ein Jahr unterst\u00fctzen m\u00f6chte. Vielleicht findet sich ja noch jemand aus der Region, der noch nicht wei\u00df was er nach dem Abschluss der Schule machen soll und daf\u00fcr noch etwas Orientierung braucht.<\/p>\n<p>Die Bedingungen f\u00fcr das F\u00d6J findet man auf der Website des Jugenwerks Aufbau Ost\u00a0 www.<a href=\"https:\/\/www.jao-berlin.de\/de\/topic\/152.f%C3%B6j-%C3%B6bfd-meckpomm.html\">jao-berlin.de<\/a>\/de\/topic\/152.f\u00f6j-\u00f6bfd-meckpomm.html<\/p>\n<p>Dort bewirbt man sich auch (Regionalb\u00fcro Waren\/M.) und gibt als Einsatzstellenwunsch den Naturpark Sternberger Seenland an. Wir freuen uns \u00fcber tatkr\u00e4ftige Unterst\u00fctzung.<\/p>\n<p>&nbsp;<\/p>\n<div id=\"attachment_2754\" style=\"width: 511px\" class=\"wp-caption alignnone\"><a href=\"https:\/\/www.naturparkmagazin.de\/sternberger-seenland\/wp-content\/uploads\/sites\/30\/Speckmoor-m\u00e4hen.jpg\"><img aria-describedby=\"caption-attachment-2754\" decoding=\"async\" loading=\"lazy\" class=\"size-full wp-image-2754\" src=\"https:\/\/www.naturparkmagazin.de\/sternberger-seenland\/wp-content\/uploads\/sites\/30\/Speckmoor-m\u00e4hen.jpg\" alt=\"F\u00d6J-ler bei der Wiesenmahd\" width=\"501\" height=\"300\" srcset=\"https:\/\/www.naturparkmagazin.de\/sternberger-seenland\/wp-content\/uploads\/sites\/30\/Speckmoor-m\u00e4hen.jpg 501w, https:\/\/www.naturparkmagazin.de\/sternberger-seenland\/wp-content\/uploads\/sites\/30\/Speckmoor-m\u00e4hen-300x180.jpg 300w, https:\/\/www.naturparkmagazin.de\/sternberger-seenland\/wp-content\/uploads\/sites\/30\/Speckmoor-m\u00e4hen-500x300.jpg 500w, https:\/\/www.naturparkmagazin.de\/sternberger-seenland\/wp-content\/uploads\/sites\/30\/Speckmoor-m\u00e4hen-200x120.jpg 200w\" sizes=\"(max-width: 501px) 100vw, 501px\" \/><\/a><p id=\"caption-attachment-2754\" class=\"wp-caption-text\">F\u00d6J-ler bei der Wiesenmahd\u00a0\u00a0\u00a0 \u00a0 \u00a0 \u00a0 \u00a0 \u00a0 \u00a0 \u00a0 \u00a0 \u00a0 \u00a0 \u00a0 \u00a0 \u00a0 \u00a0 \u00a0 \u00a0 \u00a0 \u00a0 \u00a0 \u00a0 \u00a0 \u00a0 \u00a0\u00a0 Copyright: Naturpark Sternberger Seenland<\/p><\/div>\n<p>&nbsp;<\/p>\n<p>&nbsp;<\/p>\n<p>&nbsp;<\/p>\n","protected":false},"excerpt":{"rendered":"<p>Die F\u00d6J-Stelle im Naturpark Sternberger Seenland ist ab September neu zu besetzen. Bisher haben sich 3 Bewerber gemeldet, die allerdings inzwischen alle etwas anderes machen wollen. Daher suchen wir noch einen geeigneten Bewerber der uns im Naturpark f\u00fcr ein Jahr unterst\u00fctzen m\u00f6chte. Vielleicht findet sich ja noch jemand aus der Region, der noch nicht wei\u00df<\/p>\n","protected":false},"author":27,"featured_media":2754,"comment_status":"open","ping_status":"open","sticky":false,"template":"","format":"standard","meta":[],"categories":[7],"tags":[],"yoast_head":"<!-- This site is optimized with the Yoast SEO plugin v19.10 - https:\/\/yoast.com\/wordpress\/plugins\/seo\/ -->\n<title>F\u00d6J-ler ab September gesucht - Naturpark Sternberger Seenland<\/title>\n<meta name=\"robots\" content=\"index, follow, max-snippet:-1, max-image-preview:large, max-video-preview:-1\" \/>\n<link rel=\"canonical\" href=\"https:\/\/www.naturparkmagazin.de\/sternberger-seenland\/foej-ler-ab-september-gesucht\/\" \/>\n<meta property=\"og:locale\" content=\"de_DE\" \/>\n<meta property=\"og:type\" content=\"article\" \/>\n<meta property=\"og:title\" content=\"F\u00d6J-ler ab September gesucht - Naturpark Sternberger Seenland\" \/>\n<meta property=\"og:description\" content=\"Die F\u00d6J-Stelle im Naturpark Sternberger Seenland ist ab September neu zu besetzen. Bisher haben sich 3 Bewerber gemeldet, die allerdings inzwischen alle etwas anderes machen wollen. Daher suchen wir noch einen geeigneten Bewerber der uns im Naturpark f\u00fcr ein Jahr unterst\u00fctzen m\u00f6chte. Vielleicht findet sich ja noch jemand aus der Region, der noch nicht wei\u00df\" \/>\n<meta property=\"og:url\" content=\"https:\/\/www.naturparkmagazin.de\/sternberger-seenland\/foej-ler-ab-september-gesucht\/\" \/>\n<meta property=\"og:site_name\" content=\"Naturpark Sternberger Seenland\" \/>\n<meta property=\"article:published_time\" content=\"2022-06-13T11:06:35+00:00\" \/>\n<meta property=\"og:image\" content=\"https:\/\/www.naturparkmagazin.de\/sternberger-seenland\/wp-content\/uploads\/sites\/30\/Speckmoor-m\u00e4hen.jpg\" \/>\n\t<meta property=\"og:image:width\" content=\"501\" \/>\n\t<meta property=\"og:image:height\" content=\"300\" \/>\n\t<meta property=\"og:image:type\" content=\"image\/jpeg\" \/>\n<meta name=\"author\" content=\"janlippke\" \/>\n<meta name=\"twitter:label1\" content=\"Verfasst von\" \/>\n\t<meta name=\"twitter:data1\" content=\"janlippke\" \/>\n\t<meta name=\"twitter:label2\" content=\"Gesch\u00e4tzte Lesezeit\" \/>\n\t<meta name=\"twitter:data2\" content=\"1\u00a0Minute\" \/>\n<script type=\"application\/ld+json\" class=\"yoast-schema-graph\">{\"@context\":\"https:\/\/schema.org\",\"@graph\":[{\"@type\":\"WebPage\",\"@id\":\"https:\/\/www.naturparkmagazin.de\/sternberger-seenland\/foej-ler-ab-september-gesucht\/\",\"url\":\"https:\/\/www.naturparkmagazin.de\/sternberger-seenland\/foej-ler-ab-september-gesucht\/\",\"name\":\"F\u00d6J-ler ab September gesucht - Naturpark Sternberger Seenland\",\"isPartOf\":{\"@id\":\"https:\/\/www.naturparkmagazin.de\/sternberger-seenland\/#website\"},\"datePublished\":\"2022-06-13T11:06:35+00:00\",\"dateModified\":\"2022-06-13T11:06:35+00:00\",\"author\":{\"@id\":\"https:\/\/www.naturparkmagazin.de\/sternberger-seenland\/#\/schema\/person\/712a5f470a8c286777fddf77babba74a\"},\"breadcrumb\":{\"@id\":\"https:\/\/www.naturparkmagazin.de\/sternberger-seenland\/foej-ler-ab-september-gesucht\/#breadcrumb\"},\"inLanguage\":\"de\",\"potentialAction\":[{\"@type\":\"ReadAction\",\"target\":[\"https:\/\/www.naturparkmagazin.de\/sternberger-seenland\/foej-ler-ab-september-gesucht\/\"]}]},{\"@type\":\"BreadcrumbList\",\"@id\":\"https:\/\/www.naturparkmagazin.de\/sternberger-seenland\/foej-ler-ab-september-gesucht\/#breadcrumb\",\"itemListElement\":[{\"@type\":\"ListItem\",\"position\":1,\"name\":\"Home\",\"item\":\"https:\/\/www.naturparkmagazin.de\/sternberger-seenland\/\"},{\"@type\":\"ListItem\",\"position\":2,\"name\":\"F\u00d6J-ler ab September gesucht\"}]},{\"@type\":\"WebSite\",\"@id\":\"https:\/\/www.naturparkmagazin.de\/sternberger-seenland\/#website\",\"url\":\"https:\/\/www.naturparkmagazin.de\/sternberger-seenland\/\",\"name\":\"Naturpark Sternberger Seenland\",\"description\":\"\",\"potentialAction\":[{\"@type\":\"SearchAction\",\"target\":{\"@type\":\"EntryPoint\",\"urlTemplate\":\"https:\/\/www.naturparkmagazin.de\/sternberger-seenland\/?s={search_term_string}\"},\"query-input\":\"required name=search_term_string\"}],\"inLanguage\":\"de\"},{\"@type\":\"Person\",\"@id\":\"https:\/\/www.naturparkmagazin.de\/sternberger-seenland\/#\/schema\/person\/712a5f470a8c286777fddf77babba74a\",\"name\":\"janlippke\",\"sameAs\":[\"http:\/\/www.naturpark-sternberger-seenland.de\"],\"url\":\"https:\/\/www.naturparkmagazin.de\/sternberger-seenland\/author\/janlippke\/\"}]}<\/script>\n<!-- \/ Yoast SEO plugin. -->","yoast_head_json":{"title":"F\u00d6J-ler ab September gesucht - Naturpark Sternberger Seenland","robots":{"index":"index","follow":"follow","max-snippet":"max-snippet:-1","max-image-preview":"max-image-preview:large","max-video-preview":"max-video-preview:-1"},"canonical":"https:\/\/www.naturparkmagazin.de\/sternberger-seenland\/foej-ler-ab-september-gesucht\/","og_locale":"de_DE","og_type":"article","og_title":"F\u00d6J-ler ab September gesucht - Naturpark Sternberger Seenland","og_description":"Die F\u00d6J-Stelle im Naturpark Sternberger Seenland ist ab September neu zu besetzen. Bisher haben sich 3 Bewerber gemeldet, die allerdings inzwischen alle etwas anderes machen wollen. Daher suchen wir noch einen geeigneten Bewerber der uns im Naturpark f\u00fcr ein Jahr unterst\u00fctzen m\u00f6chte. Vielleicht findet sich ja noch jemand aus der Region, der noch nicht wei\u00df","og_url":"https:\/\/www.naturparkmagazin.de\/sternberger-seenland\/foej-ler-ab-september-gesucht\/","og_site_name":"Naturpark Sternberger Seenland","article_published_time":"2022-06-13T11:06:35+00:00","og_image":[{"width":501,"height":300,"url":"https:\/\/www.naturparkmagazin.de\/sternberger-seenland\/wp-content\/uploads\/sites\/30\/Speckmoor-m\u00e4hen.jpg","type":"image\/jpeg"}],"author":"janlippke","twitter_misc":{"Verfasst von":"janlippke","Gesch\u00e4tzte Lesezeit":"1\u00a0Minute"},"schema":{"@context":"https:\/\/schema.org","@graph":[{"@type":"WebPage","@id":"https:\/\/www.naturparkmagazin.de\/sternberger-seenland\/foej-ler-ab-september-gesucht\/","url":"https:\/\/www.naturparkmagazin.de\/sternberger-seenland\/foej-ler-ab-september-gesucht\/","name":"F\u00d6J-ler ab September gesucht - Naturpark Sternberger Seenland","isPartOf":{"@id":"https:\/\/www.naturparkmagazin.de\/sternberger-seenland\/#website"},"datePublished":"2022-06-13T11:06:35+00:00","dateModified":"2022-06-13T11:06:35+00:00","author":{"@id":"https:\/\/www.naturparkmagazin.de\/sternberger-seenland\/#\/schema\/person\/712a5f470a8c286777fddf77babba74a"},"breadcrumb":{"@id":"https:\/\/www.naturparkmagazin.de\/sternberger-seenland\/foej-ler-ab-september-gesucht\/#breadcrumb"},"inLanguage":"de","potentialAction":[{"@type":"ReadAction","target":["https:\/\/www.naturparkmagazin.de\/sternberger-seenland\/foej-ler-ab-september-gesucht\/"]}]},{"@type":"BreadcrumbList","@id":"https:\/\/www.naturparkmagazin.de\/sternberger-seenland\/foej-ler-ab-september-gesucht\/#breadcrumb","itemListElement":[{"@type":"ListItem","position":1,"name":"Home","item":"https:\/\/www.naturparkmagazin.de\/sternberger-seenland\/"},{"@type":"ListItem","position":2,"name":"F\u00d6J-ler ab September gesucht"}]},{"@type":"WebSite","@id":"https:\/\/www.naturparkmagazin.de\/sternberger-seenland\/#website","url":"https:\/\/www.naturparkmagazin.de\/sternberger-seenland\/","name":"Naturpark Sternberger Seenland","description":"","potentialAction":[{"@type":"SearchAction","target":{"@type":"EntryPoint","urlTemplate":"https:\/\/www.naturparkmagazin.de\/sternberger-seenland\/?s={search_term_string}"},"query-input":"required name=search_term_string"}],"inLanguage":"de"},{"@type":"Person","@id":"https:\/\/www.naturparkmagazin.de\/sternberger-seenland\/#\/schema\/person\/712a5f470a8c286777fddf77babba74a","name":"janlippke","sameAs":["http:\/\/www.naturpark-sternberger-seenland.de"],"url":"https:\/\/www.naturparkmagazin.de\/sternberger-seenland\/author\/janlippke\/"}]}},"_links":{"self":[{"href":"https:\/\/www.naturparkmagazin.de\/sternberger-seenland\/wp-json\/wp\/v2\/posts\/2753"}],"collection":[{"href":"https:\/\/www.naturparkmagazin.de\/sternberger-seenland\/wp-json\/wp\/v2\/posts"}],"about":[{"href":"https:\/\/www.naturparkmagazin.de\/sternberger-seenland\/wp-json\/wp\/v2\/types\/post"}],"author":[{"embeddable":true,"href":"https:\/\/www.naturparkmagazin.de\/sternberger-seenland\/wp-json\/wp\/v2\/users\/27"}],"replies":[{"embeddable":true,"href":"https:\/\/www.naturparkmagazin.de\/sternberger-seenland\/wp-json\/wp\/v2\/comments?post=2753"}],"version-history":[{"count":1,"href":"https:\/\/www.naturparkmagazin.de\/sternberger-seenland\/wp-json\/wp\/v2\/posts\/2753\/revisions"}],"predecessor-version":[{"id":2755,"href":"https:\/\/www.naturparkmagazin.de\/sternberger-seenland\/wp-json\/wp\/v2\/posts\/2753\/revisions\/2755"}],"wp:featuredmedia":[{"embeddable":true,"href":"https:\/\/www.naturparkmagazin.de\/sternberger-seenland\/wp-json\/wp\/v2\/media\/2754"}],"wp:attachment":[{"href":"https:\/\/www.naturparkmagazin.de\/sternberger-seenland\/wp-json\/wp\/v2\/media?parent=2753"}],"wp:term":[{"taxonomy":"category","embeddable":true,"href":"https:\/\/www.naturparkmagazin.de\/sternberger-seenland\/wp-json\/wp\/v2\/categories?post=2753"},{"taxonomy":"post_tag","embeddable":true,"href":"https:\/\/www.naturparkmagazin.de\/sternberger-seenland\/wp-json\/wp\/v2\/tags?post=2753"}],"curies":[{"name":"wp","href":"https:\/\/api.w.org\/{rel}","templated":true}]}}