{"id":312,"date":"2014-01-21T14:13:37","date_gmt":"2014-01-21T12:13:37","guid":{"rendered":"http:\/\/www.naturparkmagazin.de\/sternberger-seenland\/?p=312"},"modified":"2014-02-14T12:34:49","modified_gmt":"2014-02-14T10:34:49","slug":"obstschnittseminar-im-naturparkzentrum","status":"publish","type":"post","link":"https:\/\/www.naturparkmagazin.de\/sternberger-seenland\/obstschnittseminar-im-naturparkzentrum\/","title":{"rendered":"Obstschnittseminar im Naturparkzentrum"},"content":{"rendered":"<p style=\"text-align: left;\"><a href=\"https:\/\/www.naturparkmagazin.de\/sternberger-seenland\/wp-content\/uploads\/sites\/30\/Obstschnitt-2013.jpg\"><img decoding=\"async\" loading=\"lazy\" class=\"size-full wp-image-313 aligncenter\" alt=\"Obstschnitt 2013\" src=\"https:\/\/www.naturparkmagazin.de\/sternberger-seenland\/wp-content\/uploads\/sites\/30\/Obstschnitt-2013.jpg\" width=\"450\" height=\"338\" srcset=\"https:\/\/www.naturparkmagazin.de\/sternberger-seenland\/wp-content\/uploads\/sites\/30\/Obstschnitt-2013.jpg 450w, https:\/\/www.naturparkmagazin.de\/sternberger-seenland\/wp-content\/uploads\/sites\/30\/Obstschnitt-2013-300x225.jpg 300w, https:\/\/www.naturparkmagazin.de\/sternberger-seenland\/wp-content\/uploads\/sites\/30\/Obstschnitt-2013-420x315.jpg 420w, https:\/\/www.naturparkmagazin.de\/sternberger-seenland\/wp-content\/uploads\/sites\/30\/Obstschnitt-2013-180x135.jpg 180w, https:\/\/www.naturparkmagazin.de\/sternberger-seenland\/wp-content\/uploads\/sites\/30\/Obstschnitt-2013-95x71.jpg 95w, https:\/\/www.naturparkmagazin.de\/sternberger-seenland\/wp-content\/uploads\/sites\/30\/Obstschnitt-2013-200x150.jpg 200w\" sizes=\"(max-width: 450px) 100vw, 450px\" \/><\/a><\/p>\n<p style=\"text-align: left;\">Am 01.03.2014 findet unser diesj\u00e4hriges Obstbaumschnittseminar statt. Treffpunkt ist um 9:00 Uhr im Naturparkzentrum in Warin.\u00a0 Als Referenten konnten wir wieder den G\u00e4rtnermeister Thomas Franiel aus Crivitz gewinnen, der Ihnen das Thema in gewohnt spannender Art und Weise vermitteln wird. Im Anschluss an den Vortrag wird im Pfarrgarten gezeigt, wie Obstgeh\u00f6lze geschnitten werden sollen. Danach kann jeder Teilnehmer versuchen, das Gelernte unter dem fachkundigen Blick des Seminarleiters anzuwenden.<\/p>\n<p>F\u00fcr die Teilnahme wird ein Beitrag in H\u00f6he von 25,00 Euro erhoben, der direkt vor Ort an den Seminarleiter zu zahlen ist. Auf Wunsch gibt es eine Quittung.<\/p>\n<p>In der Mittagspause besteht die M\u00f6glichkeit, sich zum Selbstkostenpreis mit Bockwurst und Br\u00f6tchen zu versorgen. F\u00fcr Getr\u00e4nke gilt das ebenfalls.<\/p>\n<p>Da die Teilnehmerzahl auf 25 bis 30 Personen begrenzt ist, bitten wir um schriftliche oder telefonische Anmeldung, Tel. 038482\/22059 oder per Fax an 038482\/22342 oder per mail an: <a href=\"mailto:info-ssl@lung.mv-regierung.de\">info-ssl@lung.mv-regierung.de<\/a><\/p>\n<p>&nbsp;<\/p>\n<p>&nbsp;<\/p>\n<p>&nbsp;<\/p>\n","protected":false},"excerpt":{"rendered":"<p>Am 01.03.2014 findet unser diesj\u00e4hriges Obstbaumschnittseminar statt. Treffpunkt ist um 9:00 Uhr im Naturparkzentrum in Warin. Als Referenten konnten wir wieder den G\u00e4rtnermeister Thomas Franiel aus Crivitz gewinnen, der Ihnen das Thema in gewohnt spannender Art und Weise vermitteln wird. Im Anschluss an den Vortrag wird im Pfarrgarten gezeigt, wie Obstgeh\u00f6lze geschnitten werden sollen. <\/p>\n","protected":false},"author":27,"featured_media":313,"comment_status":"open","ping_status":"open","sticky":false,"template":"","format":"standard","meta":[],"categories":[11],"tags":[],"yoast_head":"<!-- This site is optimized with the Yoast SEO plugin v19.10 - https:\/\/yoast.com\/wordpress\/plugins\/seo\/ -->\n<title>Obstschnittseminar im Naturparkzentrum - Naturpark Sternberger Seenland<\/title>\n<meta name=\"robots\" content=\"index, follow, max-snippet:-1, max-image-preview:large, max-video-preview:-1\" \/>\n<link rel=\"canonical\" href=\"https:\/\/www.naturparkmagazin.de\/sternberger-seenland\/obstschnittseminar-im-naturparkzentrum\/\" \/>\n<meta property=\"og:locale\" content=\"de_DE\" \/>\n<meta property=\"og:type\" content=\"article\" \/>\n<meta property=\"og:title\" content=\"Obstschnittseminar im Naturparkzentrum - Naturpark Sternberger Seenland\" \/>\n<meta property=\"og:description\" content=\"Am 01.03.2014 findet unser diesj\u00e4hriges Obstbaumschnittseminar statt. Treffpunkt ist um 9:00 Uhr im Naturparkzentrum in Warin. Als Referenten konnten wir wieder den G\u00e4rtnermeister Thomas Franiel aus Crivitz gewinnen, der Ihnen das Thema in gewohnt spannender Art und Weise vermitteln wird. Im Anschluss an den Vortrag wird im Pfarrgarten gezeigt, wie Obstgeh\u00f6lze geschnitten werden sollen.\" \/>\n<meta property=\"og:url\" content=\"https:\/\/www.naturparkmagazin.de\/sternberger-seenland\/obstschnittseminar-im-naturparkzentrum\/\" \/>\n<meta property=\"og:site_name\" content=\"Naturpark Sternberger Seenland\" \/>\n<meta property=\"article:published_time\" content=\"2014-01-21T12:13:37+00:00\" \/>\n<meta property=\"article:modified_time\" content=\"2014-02-14T10:34:49+00:00\" \/>\n<meta property=\"og:image\" content=\"https:\/\/www.naturparkmagazin.de\/sternberger-seenland\/wp-content\/uploads\/sites\/30\/Obstschnitt-2013.jpg\" \/>\n\t<meta property=\"og:image:width\" content=\"450\" \/>\n\t<meta property=\"og:image:height\" content=\"338\" \/>\n\t<meta property=\"og:image:type\" content=\"image\/jpeg\" \/>\n<meta name=\"author\" content=\"janlippke\" \/>\n<meta name=\"twitter:label1\" content=\"Verfasst von\" \/>\n\t<meta name=\"twitter:data1\" content=\"janlippke\" \/>\n\t<meta name=\"twitter:label2\" content=\"Gesch\u00e4tzte Lesezeit\" \/>\n\t<meta name=\"twitter:data2\" content=\"1\u00a0Minute\" \/>\n<script type=\"application\/ld+json\" class=\"yoast-schema-graph\">{\"@context\":\"https:\/\/schema.org\",\"@graph\":[{\"@type\":\"WebPage\",\"@id\":\"https:\/\/www.naturparkmagazin.de\/sternberger-seenland\/obstschnittseminar-im-naturparkzentrum\/\",\"url\":\"https:\/\/www.naturparkmagazin.de\/sternberger-seenland\/obstschnittseminar-im-naturparkzentrum\/\",\"name\":\"Obstschnittseminar im Naturparkzentrum - Naturpark Sternberger Seenland\",\"isPartOf\":{\"@id\":\"https:\/\/www.naturparkmagazin.de\/sternberger-seenland\/#website\"},\"datePublished\":\"2014-01-21T12:13:37+00:00\",\"dateModified\":\"2014-02-14T10:34:49+00:00\",\"author\":{\"@id\":\"https:\/\/www.naturparkmagazin.de\/sternberger-seenland\/#\/schema\/person\/712a5f470a8c286777fddf77babba74a\"},\"breadcrumb\":{\"@id\":\"https:\/\/www.naturparkmagazin.de\/sternberger-seenland\/obstschnittseminar-im-naturparkzentrum\/#breadcrumb\"},\"inLanguage\":\"de\",\"potentialAction\":[{\"@type\":\"ReadAction\",\"target\":[\"https:\/\/www.naturparkmagazin.de\/sternberger-seenland\/obstschnittseminar-im-naturparkzentrum\/\"]}]},{\"@type\":\"BreadcrumbList\",\"@id\":\"https:\/\/www.naturparkmagazin.de\/sternberger-seenland\/obstschnittseminar-im-naturparkzentrum\/#breadcrumb\",\"itemListElement\":[{\"@type\":\"ListItem\",\"position\":1,\"name\":\"Home\",\"item\":\"https:\/\/www.naturparkmagazin.de\/sternberger-seenland\/\"},{\"@type\":\"ListItem\",\"position\":2,\"name\":\"Obstschnittseminar im Naturparkzentrum\"}]},{\"@type\":\"WebSite\",\"@id\":\"https:\/\/www.naturparkmagazin.de\/sternberger-seenland\/#website\",\"url\":\"https:\/\/www.naturparkmagazin.de\/sternberger-seenland\/\",\"name\":\"Naturpark Sternberger Seenland\",\"description\":\"\",\"potentialAction\":[{\"@type\":\"SearchAction\",\"target\":{\"@type\":\"EntryPoint\",\"urlTemplate\":\"https:\/\/www.naturparkmagazin.de\/sternberger-seenland\/?s={search_term_string}\"},\"query-input\":\"required name=search_term_string\"}],\"inLanguage\":\"de\"},{\"@type\":\"Person\",\"@id\":\"https:\/\/www.naturparkmagazin.de\/sternberger-seenland\/#\/schema\/person\/712a5f470a8c286777fddf77babba74a\",\"name\":\"janlippke\",\"sameAs\":[\"http:\/\/www.naturpark-sternberger-seenland.de\"],\"url\":\"https:\/\/www.naturparkmagazin.de\/sternberger-seenland\/author\/janlippke\/\"}]}<\/script>\n<!-- \/ Yoast SEO plugin. -->","yoast_head_json":{"title":"Obstschnittseminar im Naturparkzentrum - Naturpark Sternberger Seenland","robots":{"index":"index","follow":"follow","max-snippet":"max-snippet:-1","max-image-preview":"max-image-preview:large","max-video-preview":"max-video-preview:-1"},"canonical":"https:\/\/www.naturparkmagazin.de\/sternberger-seenland\/obstschnittseminar-im-naturparkzentrum\/","og_locale":"de_DE","og_type":"article","og_title":"Obstschnittseminar im Naturparkzentrum - Naturpark Sternberger Seenland","og_description":"Am 01.03.2014 findet unser diesj\u00e4hriges Obstbaumschnittseminar statt. Treffpunkt ist um 9:00 Uhr im Naturparkzentrum in Warin. Als Referenten konnten wir wieder den G\u00e4rtnermeister Thomas Franiel aus Crivitz gewinnen, der Ihnen das Thema in gewohnt spannender Art und Weise vermitteln wird. Im Anschluss an den Vortrag wird im Pfarrgarten gezeigt, wie Obstgeh\u00f6lze geschnitten werden sollen.","og_url":"https:\/\/www.naturparkmagazin.de\/sternberger-seenland\/obstschnittseminar-im-naturparkzentrum\/","og_site_name":"Naturpark Sternberger Seenland","article_published_time":"2014-01-21T12:13:37+00:00","article_modified_time":"2014-02-14T10:34:49+00:00","og_image":[{"width":450,"height":338,"url":"https:\/\/www.naturparkmagazin.de\/sternberger-seenland\/wp-content\/uploads\/sites\/30\/Obstschnitt-2013.jpg","type":"image\/jpeg"}],"author":"janlippke","twitter_misc":{"Verfasst von":"janlippke","Gesch\u00e4tzte Lesezeit":"1\u00a0Minute"},"schema":{"@context":"https:\/\/schema.org","@graph":[{"@type":"WebPage","@id":"https:\/\/www.naturparkmagazin.de\/sternberger-seenland\/obstschnittseminar-im-naturparkzentrum\/","url":"https:\/\/www.naturparkmagazin.de\/sternberger-seenland\/obstschnittseminar-im-naturparkzentrum\/","name":"Obstschnittseminar im Naturparkzentrum - Naturpark Sternberger Seenland","isPartOf":{"@id":"https:\/\/www.naturparkmagazin.de\/sternberger-seenland\/#website"},"datePublished":"2014-01-21T12:13:37+00:00","dateModified":"2014-02-14T10:34:49+00:00","author":{"@id":"https:\/\/www.naturparkmagazin.de\/sternberger-seenland\/#\/schema\/person\/712a5f470a8c286777fddf77babba74a"},"breadcrumb":{"@id":"https:\/\/www.naturparkmagazin.de\/sternberger-seenland\/obstschnittseminar-im-naturparkzentrum\/#breadcrumb"},"inLanguage":"de","potentialAction":[{"@type":"ReadAction","target":["https:\/\/www.naturparkmagazin.de\/sternberger-seenland\/obstschnittseminar-im-naturparkzentrum\/"]}]},{"@type":"BreadcrumbList","@id":"https:\/\/www.naturparkmagazin.de\/sternberger-seenland\/obstschnittseminar-im-naturparkzentrum\/#breadcrumb","itemListElement":[{"@type":"ListItem","position":1,"name":"Home","item":"https:\/\/www.naturparkmagazin.de\/sternberger-seenland\/"},{"@type":"ListItem","position":2,"name":"Obstschnittseminar im Naturparkzentrum"}]},{"@type":"WebSite","@id":"https:\/\/www.naturparkmagazin.de\/sternberger-seenland\/#website","url":"https:\/\/www.naturparkmagazin.de\/sternberger-seenland\/","name":"Naturpark Sternberger Seenland","description":"","potentialAction":[{"@type":"SearchAction","target":{"@type":"EntryPoint","urlTemplate":"https:\/\/www.naturparkmagazin.de\/sternberger-seenland\/?s={search_term_string}"},"query-input":"required name=search_term_string"}],"inLanguage":"de"},{"@type":"Person","@id":"https:\/\/www.naturparkmagazin.de\/sternberger-seenland\/#\/schema\/person\/712a5f470a8c286777fddf77babba74a","name":"janlippke","sameAs":["http:\/\/www.naturpark-sternberger-seenland.de"],"url":"https:\/\/www.naturparkmagazin.de\/sternberger-seenland\/author\/janlippke\/"}]}},"_links":{"self":[{"href":"https:\/\/www.naturparkmagazin.de\/sternberger-seenland\/wp-json\/wp\/v2\/posts\/312"}],"collection":[{"href":"https:\/\/www.naturparkmagazin.de\/sternberger-seenland\/wp-json\/wp\/v2\/posts"}],"about":[{"href":"https:\/\/www.naturparkmagazin.de\/sternberger-seenland\/wp-json\/wp\/v2\/types\/post"}],"author":[{"embeddable":true,"href":"https:\/\/www.naturparkmagazin.de\/sternberger-seenland\/wp-json\/wp\/v2\/users\/27"}],"replies":[{"embeddable":true,"href":"https:\/\/www.naturparkmagazin.de\/sternberger-seenland\/wp-json\/wp\/v2\/comments?post=312"}],"version-history":[{"count":6,"href":"https:\/\/www.naturparkmagazin.de\/sternberger-seenland\/wp-json\/wp\/v2\/posts\/312\/revisions"}],"predecessor-version":[{"id":362,"href":"https:\/\/www.naturparkmagazin.de\/sternberger-seenland\/wp-json\/wp\/v2\/posts\/312\/revisions\/362"}],"wp:featuredmedia":[{"embeddable":true,"href":"https:\/\/www.naturparkmagazin.de\/sternberger-seenland\/wp-json\/wp\/v2\/media\/313"}],"wp:attachment":[{"href":"https:\/\/www.naturparkmagazin.de\/sternberger-seenland\/wp-json\/wp\/v2\/media?parent=312"}],"wp:term":[{"taxonomy":"category","embeddable":true,"href":"https:\/\/www.naturparkmagazin.de\/sternberger-seenland\/wp-json\/wp\/v2\/categories?post=312"},{"taxonomy":"post_tag","embeddable":true,"href":"https:\/\/www.naturparkmagazin.de\/sternberger-seenland\/wp-json\/wp\/v2\/tags?post=312"}],"curies":[{"name":"wp","href":"https:\/\/api.w.org\/{rel}","templated":true}]}}