{"id":366,"date":"2014-02-19T08:19:15","date_gmt":"2014-02-19T06:19:15","guid":{"rendered":"http:\/\/www.naturparkmagazin.de\/sternberger-seenland\/?p=366"},"modified":"2014-02-26T14:24:21","modified_gmt":"2014-02-26T13:24:21","slug":"vortrag-im-naturparkzentrum-zum-i-weltkrieg","status":"publish","type":"post","link":"https:\/\/www.naturparkmagazin.de\/sternberger-seenland\/vortrag-im-naturparkzentrum-zum-i-weltkrieg\/","title":{"rendered":"Vortrag im Naturparkzentrum zum I. Weltkrieg"},"content":{"rendered":"<p align=\"LEFT\">Am 27.03.2014 um 19 Uhr beginnt im Naturparkzentrum in Warin der n\u00e4chste Vortrag aus unserer diesj\u00e4hrigen Reihe. Thema ist:<\/p>\n<p align=\"LEFT\">MECKLENBURG UND DER ERSTE WELTKRIEG<\/p>\n<p align=\"LEFT\">Quellen und Spuren zur Propaganda<\/p>\n<p align=\"LEFT\">Im August 2014 j\u00e4hrt sich zum hundertsten Mal der Beginn eines Krieges, der erstmals die Dimension eines Weltkrieges erreichte und als dunkler Schatten das gesamte 20. Jahrhundert durchzog. Neu an diesem Krieg waren auch die markanten Frontlinien in den K\u00f6pfen, die durch eine gezielte und vielschichtige Propaganda gezogen wurden. Eine Vielzahl patriotischer Quellen und Zeugnisse finden sich dazu auch in Mecklenburg.<\/p>\n<p align=\"LEFT\">Gesine Kr\u00f6hnert, Leiterin des Freilichtmuseums f\u00fcr Volkskunde in Schwerin-Mue\u00df, zeigt in Ihrer Bilddokumentation eine Auswahl des reichhaltigen Propagandamaterials aus den Museen des Landes. \u201eHurra \u2013 mobil! De Kaiser r\u00f6ppt! Mobil! Mien Soehn, dat gelt ok Di!. Nu treck von\u00b4t Ledder, blank un fri.\u201c so klangen auch in Mecklenburg die patriotischen Ausrufe, als Anfang August 1914 die allgemeine Mobilmachung verk\u00fcndet wurde. Wie weit die Kriegspropaganda in das Alltagsleben und den Zeitgeist eingedrungen ist und mit welchen profanen Mitteln den Menschen die Kriegseuphorie injiziert wurde, bezeugen Bildbelege, Zeitschriften, Heldenb\u00fccher, Bildpostkarten, Kinderspielzeug, Fotoalben, Sammelbilder, Bilderb\u00f6gen und andere Hinterlassenschaften einer bunten Welt des \u201eHurrapatriotismus\u201c , die in dem reich illustrierten Vortrag vorgestellt werden.<\/p>\n<p align=\"LEFT\">Die Ausf\u00fchrungen belegen, wie die Propaganda erstmals zum Motor eines Krieges wurde, der die breite Gesellschaft als Ganzes erfasste und wie sie immer wieder neu mit Gr\u00fcnden f\u00fcr die Notwenigkeit des Kampfes in Schwung gehalten werden musste.<\/p>\n<p align=\"LEFT\">Der Eintritt ist kostenlos. Unser F\u00f6rderverein des Naturparks wird zum Vortrag wieder den Getr\u00e4nkeausschank zum Selbstkostenpreis \u00fcbernehmen.<\/p>\n<p>&nbsp;<\/p>\n","protected":false},"excerpt":{"rendered":"<p>Am 27.03.2014 um 19 Uhr beginnt im Naturparkzentrum in Warin der n\u00e4chste Vortrag aus unserer diesj\u00e4hrigen Reihe. Thema ist: MECKLENBURG UND DER ERSTE WELTKRIEG &#8211; Quellen und Spuren zur Propaganda<\/p>\n","protected":false},"author":27,"featured_media":0,"comment_status":"open","ping_status":"open","sticky":false,"template":"","format":"standard","meta":[],"categories":[11],"tags":[],"yoast_head":"<!-- This site is optimized with the Yoast SEO plugin v19.10 - https:\/\/yoast.com\/wordpress\/plugins\/seo\/ -->\n<title>Vortrag im Naturparkzentrum zum I. Weltkrieg - Naturpark Sternberger Seenland<\/title>\n<meta name=\"robots\" content=\"index, follow, max-snippet:-1, max-image-preview:large, max-video-preview:-1\" \/>\n<link rel=\"canonical\" href=\"https:\/\/www.naturparkmagazin.de\/sternberger-seenland\/vortrag-im-naturparkzentrum-zum-i-weltkrieg\/\" \/>\n<meta property=\"og:locale\" content=\"de_DE\" \/>\n<meta property=\"og:type\" content=\"article\" \/>\n<meta property=\"og:title\" content=\"Vortrag im Naturparkzentrum zum I. Weltkrieg - Naturpark Sternberger Seenland\" \/>\n<meta property=\"og:description\" content=\"Am 27.03.2014 um 19 Uhr beginnt im Naturparkzentrum in Warin der n\u00e4chste Vortrag aus unserer diesj\u00e4hrigen Reihe. Thema ist: MECKLENBURG UND DER ERSTE WELTKRIEG - Quellen und Spuren zur Propaganda\" \/>\n<meta property=\"og:url\" content=\"https:\/\/www.naturparkmagazin.de\/sternberger-seenland\/vortrag-im-naturparkzentrum-zum-i-weltkrieg\/\" \/>\n<meta property=\"og:site_name\" content=\"Naturpark Sternberger Seenland\" \/>\n<meta property=\"article:published_time\" content=\"2014-02-19T06:19:15+00:00\" \/>\n<meta property=\"article:modified_time\" content=\"2014-02-26T13:24:21+00:00\" \/>\n<meta name=\"author\" content=\"janlippke\" \/>\n<meta name=\"twitter:label1\" content=\"Verfasst von\" \/>\n\t<meta name=\"twitter:data1\" content=\"janlippke\" \/>\n\t<meta name=\"twitter:label2\" content=\"Gesch\u00e4tzte Lesezeit\" \/>\n\t<meta name=\"twitter:data2\" content=\"1\u00a0Minute\" \/>\n<script type=\"application\/ld+json\" class=\"yoast-schema-graph\">{\"@context\":\"https:\/\/schema.org\",\"@graph\":[{\"@type\":\"WebPage\",\"@id\":\"https:\/\/www.naturparkmagazin.de\/sternberger-seenland\/vortrag-im-naturparkzentrum-zum-i-weltkrieg\/\",\"url\":\"https:\/\/www.naturparkmagazin.de\/sternberger-seenland\/vortrag-im-naturparkzentrum-zum-i-weltkrieg\/\",\"name\":\"Vortrag im Naturparkzentrum zum I. Weltkrieg - Naturpark Sternberger Seenland\",\"isPartOf\":{\"@id\":\"https:\/\/www.naturparkmagazin.de\/sternberger-seenland\/#website\"},\"datePublished\":\"2014-02-19T06:19:15+00:00\",\"dateModified\":\"2014-02-26T13:24:21+00:00\",\"author\":{\"@id\":\"https:\/\/www.naturparkmagazin.de\/sternberger-seenland\/#\/schema\/person\/712a5f470a8c286777fddf77babba74a\"},\"breadcrumb\":{\"@id\":\"https:\/\/www.naturparkmagazin.de\/sternberger-seenland\/vortrag-im-naturparkzentrum-zum-i-weltkrieg\/#breadcrumb\"},\"inLanguage\":\"de\",\"potentialAction\":[{\"@type\":\"ReadAction\",\"target\":[\"https:\/\/www.naturparkmagazin.de\/sternberger-seenland\/vortrag-im-naturparkzentrum-zum-i-weltkrieg\/\"]}]},{\"@type\":\"BreadcrumbList\",\"@id\":\"https:\/\/www.naturparkmagazin.de\/sternberger-seenland\/vortrag-im-naturparkzentrum-zum-i-weltkrieg\/#breadcrumb\",\"itemListElement\":[{\"@type\":\"ListItem\",\"position\":1,\"name\":\"Home\",\"item\":\"https:\/\/www.naturparkmagazin.de\/sternberger-seenland\/\"},{\"@type\":\"ListItem\",\"position\":2,\"name\":\"Vortrag im Naturparkzentrum zum I. Weltkrieg\"}]},{\"@type\":\"WebSite\",\"@id\":\"https:\/\/www.naturparkmagazin.de\/sternberger-seenland\/#website\",\"url\":\"https:\/\/www.naturparkmagazin.de\/sternberger-seenland\/\",\"name\":\"Naturpark Sternberger Seenland\",\"description\":\"\",\"potentialAction\":[{\"@type\":\"SearchAction\",\"target\":{\"@type\":\"EntryPoint\",\"urlTemplate\":\"https:\/\/www.naturparkmagazin.de\/sternberger-seenland\/?s={search_term_string}\"},\"query-input\":\"required name=search_term_string\"}],\"inLanguage\":\"de\"},{\"@type\":\"Person\",\"@id\":\"https:\/\/www.naturparkmagazin.de\/sternberger-seenland\/#\/schema\/person\/712a5f470a8c286777fddf77babba74a\",\"name\":\"janlippke\",\"sameAs\":[\"http:\/\/www.naturpark-sternberger-seenland.de\"],\"url\":\"https:\/\/www.naturparkmagazin.de\/sternberger-seenland\/author\/janlippke\/\"}]}<\/script>\n<!-- \/ Yoast SEO plugin. -->","yoast_head_json":{"title":"Vortrag im Naturparkzentrum zum I. Weltkrieg - Naturpark Sternberger Seenland","robots":{"index":"index","follow":"follow","max-snippet":"max-snippet:-1","max-image-preview":"max-image-preview:large","max-video-preview":"max-video-preview:-1"},"canonical":"https:\/\/www.naturparkmagazin.de\/sternberger-seenland\/vortrag-im-naturparkzentrum-zum-i-weltkrieg\/","og_locale":"de_DE","og_type":"article","og_title":"Vortrag im Naturparkzentrum zum I. Weltkrieg - Naturpark Sternberger Seenland","og_description":"Am 27.03.2014 um 19 Uhr beginnt im Naturparkzentrum in Warin der n\u00e4chste Vortrag aus unserer diesj\u00e4hrigen Reihe. Thema ist: MECKLENBURG UND DER ERSTE WELTKRIEG - Quellen und Spuren zur Propaganda","og_url":"https:\/\/www.naturparkmagazin.de\/sternberger-seenland\/vortrag-im-naturparkzentrum-zum-i-weltkrieg\/","og_site_name":"Naturpark Sternberger Seenland","article_published_time":"2014-02-19T06:19:15+00:00","article_modified_time":"2014-02-26T13:24:21+00:00","author":"janlippke","twitter_misc":{"Verfasst von":"janlippke","Gesch\u00e4tzte Lesezeit":"1\u00a0Minute"},"schema":{"@context":"https:\/\/schema.org","@graph":[{"@type":"WebPage","@id":"https:\/\/www.naturparkmagazin.de\/sternberger-seenland\/vortrag-im-naturparkzentrum-zum-i-weltkrieg\/","url":"https:\/\/www.naturparkmagazin.de\/sternberger-seenland\/vortrag-im-naturparkzentrum-zum-i-weltkrieg\/","name":"Vortrag im Naturparkzentrum zum I. Weltkrieg - Naturpark Sternberger Seenland","isPartOf":{"@id":"https:\/\/www.naturparkmagazin.de\/sternberger-seenland\/#website"},"datePublished":"2014-02-19T06:19:15+00:00","dateModified":"2014-02-26T13:24:21+00:00","author":{"@id":"https:\/\/www.naturparkmagazin.de\/sternberger-seenland\/#\/schema\/person\/712a5f470a8c286777fddf77babba74a"},"breadcrumb":{"@id":"https:\/\/www.naturparkmagazin.de\/sternberger-seenland\/vortrag-im-naturparkzentrum-zum-i-weltkrieg\/#breadcrumb"},"inLanguage":"de","potentialAction":[{"@type":"ReadAction","target":["https:\/\/www.naturparkmagazin.de\/sternberger-seenland\/vortrag-im-naturparkzentrum-zum-i-weltkrieg\/"]}]},{"@type":"BreadcrumbList","@id":"https:\/\/www.naturparkmagazin.de\/sternberger-seenland\/vortrag-im-naturparkzentrum-zum-i-weltkrieg\/#breadcrumb","itemListElement":[{"@type":"ListItem","position":1,"name":"Home","item":"https:\/\/www.naturparkmagazin.de\/sternberger-seenland\/"},{"@type":"ListItem","position":2,"name":"Vortrag im Naturparkzentrum zum I. Weltkrieg"}]},{"@type":"WebSite","@id":"https:\/\/www.naturparkmagazin.de\/sternberger-seenland\/#website","url":"https:\/\/www.naturparkmagazin.de\/sternberger-seenland\/","name":"Naturpark Sternberger Seenland","description":"","potentialAction":[{"@type":"SearchAction","target":{"@type":"EntryPoint","urlTemplate":"https:\/\/www.naturparkmagazin.de\/sternberger-seenland\/?s={search_term_string}"},"query-input":"required name=search_term_string"}],"inLanguage":"de"},{"@type":"Person","@id":"https:\/\/www.naturparkmagazin.de\/sternberger-seenland\/#\/schema\/person\/712a5f470a8c286777fddf77babba74a","name":"janlippke","sameAs":["http:\/\/www.naturpark-sternberger-seenland.de"],"url":"https:\/\/www.naturparkmagazin.de\/sternberger-seenland\/author\/janlippke\/"}]}},"_links":{"self":[{"href":"https:\/\/www.naturparkmagazin.de\/sternberger-seenland\/wp-json\/wp\/v2\/posts\/366"}],"collection":[{"href":"https:\/\/www.naturparkmagazin.de\/sternberger-seenland\/wp-json\/wp\/v2\/posts"}],"about":[{"href":"https:\/\/www.naturparkmagazin.de\/sternberger-seenland\/wp-json\/wp\/v2\/types\/post"}],"author":[{"embeddable":true,"href":"https:\/\/www.naturparkmagazin.de\/sternberger-seenland\/wp-json\/wp\/v2\/users\/27"}],"replies":[{"embeddable":true,"href":"https:\/\/www.naturparkmagazin.de\/sternberger-seenland\/wp-json\/wp\/v2\/comments?post=366"}],"version-history":[{"count":2,"href":"https:\/\/www.naturparkmagazin.de\/sternberger-seenland\/wp-json\/wp\/v2\/posts\/366\/revisions"}],"predecessor-version":[{"id":384,"href":"https:\/\/www.naturparkmagazin.de\/sternberger-seenland\/wp-json\/wp\/v2\/posts\/366\/revisions\/384"}],"wp:attachment":[{"href":"https:\/\/www.naturparkmagazin.de\/sternberger-seenland\/wp-json\/wp\/v2\/media?parent=366"}],"wp:term":[{"taxonomy":"category","embeddable":true,"href":"https:\/\/www.naturparkmagazin.de\/sternberger-seenland\/wp-json\/wp\/v2\/categories?post=366"},{"taxonomy":"post_tag","embeddable":true,"href":"https:\/\/www.naturparkmagazin.de\/sternberger-seenland\/wp-json\/wp\/v2\/tags?post=366"}],"curies":[{"name":"wp","href":"https:\/\/api.w.org\/{rel}","templated":true}]}}