{"id":391,"date":"2014-03-18T13:40:15","date_gmt":"2014-03-18T12:40:15","guid":{"rendered":"http:\/\/www.naturparkmagazin.de\/sternberger-seenland\/?p=391"},"modified":"2014-03-26T14:10:51","modified_gmt":"2014-03-26T13:10:51","slug":"15-bibertag-im-naturpark-sternberger-seenland","status":"publish","type":"post","link":"https:\/\/www.naturparkmagazin.de\/sternberger-seenland\/15-bibertag-im-naturpark-sternberger-seenland\/","title":{"rendered":"15. Bibertag im Naturpark Sternberger Seenland"},"content":{"rendered":"<p>Am 12. April diesen Jahres findet der 15.Bibertag M-V statt, der gleichzeitig der 15. Jahrestag der Gr\u00fcndung von \u201eHaus Biber &amp; Co.\u201c ist. Wie all die Jahre zuvor werden am Vormittag Vortr\u00e4ge im \u201ePferdestall\u201c von Caroline Lindemann angeboten und nach der Mittagspause wird zu Exkursionen in Biberreviere eingeladen. Begonnen wird der Bibertag nach der Begr\u00fc\u00dfung um 9:30 Uhr mit dem Vortrag von J\u00fcrgen Herper, Ranger der Naturwacht im Biosph\u00e4renreservat Flusslandschaft Elbe \u2013 Brandenburg. Er sei mit den Elbebibern quasi per du, sagt man \u00fcber ihn. In seinem Vortrag erfahren wir, wie das Bibermanagement im brandenburgischen Elbetal gehandhabt wird. Fast zeitgleich mit dem Aussterben des Bibers in Deutschland wuchs das wissenschaftliche Interesse an diesem Nagetier. Doch Biberforschung war nur durch den Schutz, besonders der letzten Biber an der mittleren Elbe, m\u00f6glich. Der Vortrag von Karl-Andreas Nitsche aus Dessau gibt einen historischen \u00dcberblick \u00fcber verdiente Biberforscher. Der letzte, der bei uns von 1990 bis 1992 an einem Torfstich bei Kleefeld wieder angesiedelten Biber, kam aus der Naturschutzstation Steckby. Aus Steckby kommt auch Peter Ibe, der sich seit mehr als 40 Jahren mit den Bibern befasst. Wir d\u00fcrfen gespannt sein auf seinen Dia-Vortrag \u201eIm Reich des Elbebibers\u201c. In seiner Sommerresidenz in B\u00fclow beobachtet der Rostocker Biologe Dr. G\u00fcnter Gubsch an der Warnow und benachbarten Gew\u00e4ssern Biber. Er kam ihnen erstaunlich nahe und brennt darauf, seine Film-Aufnahmen einem breiteren Publikum zeigen zu k\u00f6nnen. Wie in den Jahren zuvor wird uns Mario Kr\u00fcger vom Naturpark Sternberger Seenland \u00fcber die aktuellen Biberbest\u00e4nde im Naturpark informieren.<a href=\"https:\/\/www.naturparkmagazin.de\/sternberger-seenland\/wp-content\/uploads\/sites\/30\/Biber-August.jpg\"><img decoding=\"async\" loading=\"lazy\" class=\"alignnone size-medium wp-image-71\" alt=\"Biber August\" src=\"https:\/\/www.naturparkmagazin.de\/sternberger-seenland\/wp-content\/uploads\/sites\/30\/Biber-August-620x412.jpg\" width=\"620\" height=\"412\" srcset=\"https:\/\/www.naturparkmagazin.de\/sternberger-seenland\/wp-content\/uploads\/sites\/30\/Biber-August-620x412.jpg 620w, https:\/\/www.naturparkmagazin.de\/sternberger-seenland\/wp-content\/uploads\/sites\/30\/Biber-August-300x199.jpg 300w, https:\/\/www.naturparkmagazin.de\/sternberger-seenland\/wp-content\/uploads\/sites\/30\/Biber-August-670x445.jpg 670w, https:\/\/www.naturparkmagazin.de\/sternberger-seenland\/wp-content\/uploads\/sites\/30\/Biber-August-200x133.jpg 200w, https:\/\/www.naturparkmagazin.de\/sternberger-seenland\/wp-content\/uploads\/sites\/30\/Biber-August.jpg 886w\" sizes=\"(max-width: 620px) 100vw, 620px\" \/><\/a><\/p>\n<p>Gegen 12 Uhr ist eine einst\u00fcndige Mittagspause eingeplant.Die Pausenversorgung erfolgt durch das Gutshaus Alt Necheln. Es gibt eine Kartoffelsuppe mit Bio-Gem\u00fcse aus regionalem Anbau, Bio-Brot und auf Wunsch W\u00fcrstchen dazu. Als Getr\u00e4nk wird es Apfelsaft von der Streuobstwiese zum Preis von 1 \u20ac im \u201ePferdestall\u201c geben. Das Caf\u00e9 im Gutshaus bietet schon ab 8 Uhr f\u00fcr die Weitgereisten Kaffee an und wird auch im Laufe des Tages mit Kaffee und Kuchen zur Verf\u00fcgung stehen. Das \u201eHaus Biber &amp; Co.\u201c ist in den Pausen zu besichtigen. Hier kann Informationsmaterial zum Biber, zum Gr\u00fcnspecht, dem &#8222;Vogel des Jahres 2014&#8220;, und anderes erworben werden.<\/p>\n<p>Ab 13 Uhr sind Exkursionen in Biberreviere geplant; die eine, zur die Pferdekoppel in Alt Necheln, wird von Gabriele Frohberg, NABU RV Parchim, gef\u00fchrt. Zwei weitere Exkursionen werden von der Naturwacht des Naturparks Sternberger Seenland \u00fcbernommen. Das Ende des 15. Bibertages M-V wird gegen 16:00 Uhr sein. Alle die sich daf\u00fcr interessieren sind herzlich eingeladen!<\/p>\n<p>&nbsp;<\/p>\n","protected":false},"excerpt":{"rendered":"<p>Am 12. April diesen Jahres findet der 15.Bibertag M-V statt, der gleichzeitig der 15. Jahrestag der Gr\u00fcndung von \u201eHaus Biber &amp; Co.\u201c ist. Wie all die Jahre zuvor werden am Vormittag Vortr\u00e4ge im \u201ePferdestall\u201c von Caroline Lindemann angeboten und nach der Mittagspause wird zu Exkursionen in Biberreviere eingeladen. <\/p>\n","protected":false},"author":27,"featured_media":392,"comment_status":"open","ping_status":"open","sticky":false,"template":"","format":"standard","meta":[],"categories":[11],"tags":[],"yoast_head":"<!-- This site is optimized with the Yoast SEO plugin v19.10 - https:\/\/yoast.com\/wordpress\/plugins\/seo\/ -->\n<title>15. Bibertag im Naturpark Sternberger Seenland - Naturpark Sternberger Seenland<\/title>\n<meta name=\"robots\" content=\"index, follow, max-snippet:-1, max-image-preview:large, max-video-preview:-1\" \/>\n<link rel=\"canonical\" href=\"https:\/\/www.naturparkmagazin.de\/sternberger-seenland\/15-bibertag-im-naturpark-sternberger-seenland\/\" \/>\n<meta property=\"og:locale\" content=\"de_DE\" \/>\n<meta property=\"og:type\" content=\"article\" \/>\n<meta property=\"og:title\" content=\"15. Bibertag im Naturpark Sternberger Seenland - Naturpark Sternberger Seenland\" \/>\n<meta property=\"og:description\" content=\"Am 12. April diesen Jahres findet der 15.Bibertag M-V statt, der gleichzeitig der 15. Jahrestag der Gr\u00fcndung von \u201eHaus Biber &amp; Co.\u201c ist. Wie all die Jahre zuvor werden am Vormittag Vortr\u00e4ge im \u201ePferdestall\u201c von Caroline Lindemann angeboten und nach der Mittagspause wird zu Exkursionen in Biberreviere eingeladen.\" \/>\n<meta property=\"og:url\" content=\"https:\/\/www.naturparkmagazin.de\/sternberger-seenland\/15-bibertag-im-naturpark-sternberger-seenland\/\" \/>\n<meta property=\"og:site_name\" content=\"Naturpark Sternberger Seenland\" \/>\n<meta property=\"article:published_time\" content=\"2014-03-18T12:40:15+00:00\" \/>\n<meta property=\"article:modified_time\" content=\"2014-03-26T13:10:51+00:00\" \/>\n<meta property=\"og:image\" content=\"https:\/\/www.naturparkmagazin.de\/sternberger-seenland\/wp-content\/uploads\/sites\/30\/Biberdamm-am-Radebach.jpg\" \/>\n\t<meta property=\"og:image:width\" content=\"500\" \/>\n\t<meta property=\"og:image:height\" content=\"314\" \/>\n\t<meta property=\"og:image:type\" content=\"image\/jpeg\" \/>\n<meta name=\"author\" content=\"janlippke\" \/>\n<meta name=\"twitter:label1\" content=\"Verfasst von\" \/>\n\t<meta name=\"twitter:data1\" content=\"janlippke\" \/>\n\t<meta name=\"twitter:label2\" content=\"Gesch\u00e4tzte Lesezeit\" \/>\n\t<meta name=\"twitter:data2\" content=\"2\u00a0Minuten\" \/>\n<script type=\"application\/ld+json\" class=\"yoast-schema-graph\">{\"@context\":\"https:\/\/schema.org\",\"@graph\":[{\"@type\":\"WebPage\",\"@id\":\"https:\/\/www.naturparkmagazin.de\/sternberger-seenland\/15-bibertag-im-naturpark-sternberger-seenland\/\",\"url\":\"https:\/\/www.naturparkmagazin.de\/sternberger-seenland\/15-bibertag-im-naturpark-sternberger-seenland\/\",\"name\":\"15. Bibertag im Naturpark Sternberger Seenland - Naturpark Sternberger Seenland\",\"isPartOf\":{\"@id\":\"https:\/\/www.naturparkmagazin.de\/sternberger-seenland\/#website\"},\"datePublished\":\"2014-03-18T12:40:15+00:00\",\"dateModified\":\"2014-03-26T13:10:51+00:00\",\"author\":{\"@id\":\"https:\/\/www.naturparkmagazin.de\/sternberger-seenland\/#\/schema\/person\/712a5f470a8c286777fddf77babba74a\"},\"breadcrumb\":{\"@id\":\"https:\/\/www.naturparkmagazin.de\/sternberger-seenland\/15-bibertag-im-naturpark-sternberger-seenland\/#breadcrumb\"},\"inLanguage\":\"de\",\"potentialAction\":[{\"@type\":\"ReadAction\",\"target\":[\"https:\/\/www.naturparkmagazin.de\/sternberger-seenland\/15-bibertag-im-naturpark-sternberger-seenland\/\"]}]},{\"@type\":\"BreadcrumbList\",\"@id\":\"https:\/\/www.naturparkmagazin.de\/sternberger-seenland\/15-bibertag-im-naturpark-sternberger-seenland\/#breadcrumb\",\"itemListElement\":[{\"@type\":\"ListItem\",\"position\":1,\"name\":\"Home\",\"item\":\"https:\/\/www.naturparkmagazin.de\/sternberger-seenland\/\"},{\"@type\":\"ListItem\",\"position\":2,\"name\":\"15. Bibertag im Naturpark Sternberger Seenland\"}]},{\"@type\":\"WebSite\",\"@id\":\"https:\/\/www.naturparkmagazin.de\/sternberger-seenland\/#website\",\"url\":\"https:\/\/www.naturparkmagazin.de\/sternberger-seenland\/\",\"name\":\"Naturpark Sternberger Seenland\",\"description\":\"\",\"potentialAction\":[{\"@type\":\"SearchAction\",\"target\":{\"@type\":\"EntryPoint\",\"urlTemplate\":\"https:\/\/www.naturparkmagazin.de\/sternberger-seenland\/?s={search_term_string}\"},\"query-input\":\"required name=search_term_string\"}],\"inLanguage\":\"de\"},{\"@type\":\"Person\",\"@id\":\"https:\/\/www.naturparkmagazin.de\/sternberger-seenland\/#\/schema\/person\/712a5f470a8c286777fddf77babba74a\",\"name\":\"janlippke\",\"sameAs\":[\"http:\/\/www.naturpark-sternberger-seenland.de\"],\"url\":\"https:\/\/www.naturparkmagazin.de\/sternberger-seenland\/author\/janlippke\/\"}]}<\/script>\n<!-- \/ Yoast SEO plugin. -->","yoast_head_json":{"title":"15. Bibertag im Naturpark Sternberger Seenland - Naturpark Sternberger Seenland","robots":{"index":"index","follow":"follow","max-snippet":"max-snippet:-1","max-image-preview":"max-image-preview:large","max-video-preview":"max-video-preview:-1"},"canonical":"https:\/\/www.naturparkmagazin.de\/sternberger-seenland\/15-bibertag-im-naturpark-sternberger-seenland\/","og_locale":"de_DE","og_type":"article","og_title":"15. Bibertag im Naturpark Sternberger Seenland - Naturpark Sternberger Seenland","og_description":"Am 12. April diesen Jahres findet der 15.Bibertag M-V statt, der gleichzeitig der 15. Jahrestag der Gr\u00fcndung von \u201eHaus Biber &amp; Co.\u201c ist. Wie all die Jahre zuvor werden am Vormittag Vortr\u00e4ge im \u201ePferdestall\u201c von Caroline Lindemann angeboten und nach der Mittagspause wird zu Exkursionen in Biberreviere eingeladen.","og_url":"https:\/\/www.naturparkmagazin.de\/sternberger-seenland\/15-bibertag-im-naturpark-sternberger-seenland\/","og_site_name":"Naturpark Sternberger Seenland","article_published_time":"2014-03-18T12:40:15+00:00","article_modified_time":"2014-03-26T13:10:51+00:00","og_image":[{"width":500,"height":314,"url":"https:\/\/www.naturparkmagazin.de\/sternberger-seenland\/wp-content\/uploads\/sites\/30\/Biberdamm-am-Radebach.jpg","type":"image\/jpeg"}],"author":"janlippke","twitter_misc":{"Verfasst von":"janlippke","Gesch\u00e4tzte Lesezeit":"2\u00a0Minuten"},"schema":{"@context":"https:\/\/schema.org","@graph":[{"@type":"WebPage","@id":"https:\/\/www.naturparkmagazin.de\/sternberger-seenland\/15-bibertag-im-naturpark-sternberger-seenland\/","url":"https:\/\/www.naturparkmagazin.de\/sternberger-seenland\/15-bibertag-im-naturpark-sternberger-seenland\/","name":"15. Bibertag im Naturpark Sternberger Seenland - Naturpark Sternberger Seenland","isPartOf":{"@id":"https:\/\/www.naturparkmagazin.de\/sternberger-seenland\/#website"},"datePublished":"2014-03-18T12:40:15+00:00","dateModified":"2014-03-26T13:10:51+00:00","author":{"@id":"https:\/\/www.naturparkmagazin.de\/sternberger-seenland\/#\/schema\/person\/712a5f470a8c286777fddf77babba74a"},"breadcrumb":{"@id":"https:\/\/www.naturparkmagazin.de\/sternberger-seenland\/15-bibertag-im-naturpark-sternberger-seenland\/#breadcrumb"},"inLanguage":"de","potentialAction":[{"@type":"ReadAction","target":["https:\/\/www.naturparkmagazin.de\/sternberger-seenland\/15-bibertag-im-naturpark-sternberger-seenland\/"]}]},{"@type":"BreadcrumbList","@id":"https:\/\/www.naturparkmagazin.de\/sternberger-seenland\/15-bibertag-im-naturpark-sternberger-seenland\/#breadcrumb","itemListElement":[{"@type":"ListItem","position":1,"name":"Home","item":"https:\/\/www.naturparkmagazin.de\/sternberger-seenland\/"},{"@type":"ListItem","position":2,"name":"15. Bibertag im Naturpark Sternberger Seenland"}]},{"@type":"WebSite","@id":"https:\/\/www.naturparkmagazin.de\/sternberger-seenland\/#website","url":"https:\/\/www.naturparkmagazin.de\/sternberger-seenland\/","name":"Naturpark Sternberger Seenland","description":"","potentialAction":[{"@type":"SearchAction","target":{"@type":"EntryPoint","urlTemplate":"https:\/\/www.naturparkmagazin.de\/sternberger-seenland\/?s={search_term_string}"},"query-input":"required name=search_term_string"}],"inLanguage":"de"},{"@type":"Person","@id":"https:\/\/www.naturparkmagazin.de\/sternberger-seenland\/#\/schema\/person\/712a5f470a8c286777fddf77babba74a","name":"janlippke","sameAs":["http:\/\/www.naturpark-sternberger-seenland.de"],"url":"https:\/\/www.naturparkmagazin.de\/sternberger-seenland\/author\/janlippke\/"}]}},"_links":{"self":[{"href":"https:\/\/www.naturparkmagazin.de\/sternberger-seenland\/wp-json\/wp\/v2\/posts\/391"}],"collection":[{"href":"https:\/\/www.naturparkmagazin.de\/sternberger-seenland\/wp-json\/wp\/v2\/posts"}],"about":[{"href":"https:\/\/www.naturparkmagazin.de\/sternberger-seenland\/wp-json\/wp\/v2\/types\/post"}],"author":[{"embeddable":true,"href":"https:\/\/www.naturparkmagazin.de\/sternberger-seenland\/wp-json\/wp\/v2\/users\/27"}],"replies":[{"embeddable":true,"href":"https:\/\/www.naturparkmagazin.de\/sternberger-seenland\/wp-json\/wp\/v2\/comments?post=391"}],"version-history":[{"count":3,"href":"https:\/\/www.naturparkmagazin.de\/sternberger-seenland\/wp-json\/wp\/v2\/posts\/391\/revisions"}],"predecessor-version":[{"id":414,"href":"https:\/\/www.naturparkmagazin.de\/sternberger-seenland\/wp-json\/wp\/v2\/posts\/391\/revisions\/414"}],"wp:featuredmedia":[{"embeddable":true,"href":"https:\/\/www.naturparkmagazin.de\/sternberger-seenland\/wp-json\/wp\/v2\/media\/392"}],"wp:attachment":[{"href":"https:\/\/www.naturparkmagazin.de\/sternberger-seenland\/wp-json\/wp\/v2\/media?parent=391"}],"wp:term":[{"taxonomy":"category","embeddable":true,"href":"https:\/\/www.naturparkmagazin.de\/sternberger-seenland\/wp-json\/wp\/v2\/categories?post=391"},{"taxonomy":"post_tag","embeddable":true,"href":"https:\/\/www.naturparkmagazin.de\/sternberger-seenland\/wp-json\/wp\/v2\/tags?post=391"}],"curies":[{"name":"wp","href":"https:\/\/api.w.org\/{rel}","templated":true}]}}