{"id":440,"date":"2014-04-17T15:31:42","date_gmt":"2014-04-17T13:31:42","guid":{"rendered":"http:\/\/www.naturparkmagazin.de\/sternberger-seenland\/?p=440"},"modified":"2014-04-23T19:19:00","modified_gmt":"2014-04-23T17:19:00","slug":"naturparkzentrum-in-der-saison-taeglich-geoeffnet","status":"publish","type":"post","link":"https:\/\/www.naturparkmagazin.de\/sternberger-seenland\/naturparkzentrum-in-der-saison-taeglich-geoeffnet\/","title":{"rendered":"Naturparkzentrum in der Saison t\u00e4glich ge\u00f6ffnet"},"content":{"rendered":"<p>Ab dem 01.05.2014 bis zum 30.09.2014 ist das Naturparkzentrum wieder t\u00e4glich von 10 bis 18 Uhr f\u00fcr Sie ge\u00f6ffnet. Besuchen Sie unsere kleine interaktive Ausstellung und verschaffen Sie sich so einen \u00dcberblick \u00fcber die M\u00f6glichkeiten f\u00fcr aktive Erholung und Naturerlebnisse.<\/p>\n<div id=\"attachment_291\" style=\"width: 360px\" class=\"wp-caption alignnone\"><a href=\"https:\/\/www.naturparkmagazin.de\/sternberger-seenland\/wp-content\/uploads\/sites\/30\/Naturparkzentrum.jpg\"><img aria-describedby=\"caption-attachment-291\" decoding=\"async\" loading=\"lazy\" class=\"size-full wp-image-291\" alt=\"Naturparkzentrum in Warin Copyright: Naturpark Sternberger Seenland\" src=\"https:\/\/www.naturparkmagazin.de\/sternberger-seenland\/wp-content\/uploads\/sites\/30\/Naturparkzentrum.jpg\" width=\"350\" height=\"233\" srcset=\"https:\/\/www.naturparkmagazin.de\/sternberger-seenland\/wp-content\/uploads\/sites\/30\/Naturparkzentrum.jpg 350w, https:\/\/www.naturparkmagazin.de\/sternberger-seenland\/wp-content\/uploads\/sites\/30\/Naturparkzentrum-300x200.jpg 300w, https:\/\/www.naturparkmagazin.de\/sternberger-seenland\/wp-content\/uploads\/sites\/30\/Naturparkzentrum-200x133.jpg 200w\" sizes=\"(max-width: 350px) 100vw, 350px\" \/><\/a><p id=\"caption-attachment-291\" class=\"wp-caption-text\">Naturparkzentrum in WarinCopyright: Naturpark Sternberger Seenland<\/p><\/div>\n","protected":false},"excerpt":{"rendered":"<p>Ab dem 01.05.2014 bis zum 30.09.2014 ist das Naturparkzentrum wieder t\u00e4glich von 10 bis 18 Uhr f\u00fcr Sie ge\u00f6ffnet. <\/p>\n","protected":false},"author":27,"featured_media":291,"comment_status":"open","ping_status":"open","sticky":false,"template":"","format":"standard","meta":[],"categories":[7],"tags":[],"yoast_head":"<!-- This site is optimized with the Yoast SEO plugin v19.10 - https:\/\/yoast.com\/wordpress\/plugins\/seo\/ -->\n<title>Naturparkzentrum in der Saison t\u00e4glich ge\u00f6ffnet - Naturpark Sternberger Seenland<\/title>\n<meta name=\"robots\" content=\"index, follow, max-snippet:-1, max-image-preview:large, max-video-preview:-1\" \/>\n<link rel=\"canonical\" href=\"https:\/\/www.naturparkmagazin.de\/sternberger-seenland\/naturparkzentrum-in-der-saison-taeglich-geoeffnet\/\" \/>\n<meta property=\"og:locale\" content=\"de_DE\" \/>\n<meta property=\"og:type\" content=\"article\" \/>\n<meta property=\"og:title\" content=\"Naturparkzentrum in der Saison t\u00e4glich ge\u00f6ffnet - Naturpark Sternberger Seenland\" \/>\n<meta property=\"og:description\" content=\"Ab dem 01.05.2014 bis zum 30.09.2014 ist das Naturparkzentrum wieder t\u00e4glich von 10 bis 18 Uhr f\u00fcr Sie ge\u00f6ffnet.\" \/>\n<meta property=\"og:url\" content=\"https:\/\/www.naturparkmagazin.de\/sternberger-seenland\/naturparkzentrum-in-der-saison-taeglich-geoeffnet\/\" \/>\n<meta property=\"og:site_name\" content=\"Naturpark Sternberger Seenland\" \/>\n<meta property=\"article:published_time\" content=\"2014-04-17T13:31:42+00:00\" \/>\n<meta property=\"article:modified_time\" content=\"2014-04-23T17:19:00+00:00\" \/>\n<meta property=\"og:image\" content=\"https:\/\/www.naturparkmagazin.de\/sternberger-seenland\/wp-content\/uploads\/sites\/30\/Naturparkzentrum.jpg\" \/>\n\t<meta property=\"og:image:width\" content=\"350\" \/>\n\t<meta property=\"og:image:height\" content=\"233\" \/>\n\t<meta property=\"og:image:type\" content=\"image\/jpeg\" \/>\n<meta name=\"author\" content=\"janlippke\" \/>\n<meta name=\"twitter:label1\" content=\"Verfasst von\" \/>\n\t<meta name=\"twitter:data1\" content=\"janlippke\" \/>\n<script type=\"application\/ld+json\" class=\"yoast-schema-graph\">{\"@context\":\"https:\/\/schema.org\",\"@graph\":[{\"@type\":\"WebPage\",\"@id\":\"https:\/\/www.naturparkmagazin.de\/sternberger-seenland\/naturparkzentrum-in-der-saison-taeglich-geoeffnet\/\",\"url\":\"https:\/\/www.naturparkmagazin.de\/sternberger-seenland\/naturparkzentrum-in-der-saison-taeglich-geoeffnet\/\",\"name\":\"Naturparkzentrum in der Saison t\u00e4glich ge\u00f6ffnet - Naturpark Sternberger Seenland\",\"isPartOf\":{\"@id\":\"https:\/\/www.naturparkmagazin.de\/sternberger-seenland\/#website\"},\"datePublished\":\"2014-04-17T13:31:42+00:00\",\"dateModified\":\"2014-04-23T17:19:00+00:00\",\"author\":{\"@id\":\"https:\/\/www.naturparkmagazin.de\/sternberger-seenland\/#\/schema\/person\/712a5f470a8c286777fddf77babba74a\"},\"breadcrumb\":{\"@id\":\"https:\/\/www.naturparkmagazin.de\/sternberger-seenland\/naturparkzentrum-in-der-saison-taeglich-geoeffnet\/#breadcrumb\"},\"inLanguage\":\"de\",\"potentialAction\":[{\"@type\":\"ReadAction\",\"target\":[\"https:\/\/www.naturparkmagazin.de\/sternberger-seenland\/naturparkzentrum-in-der-saison-taeglich-geoeffnet\/\"]}]},{\"@type\":\"BreadcrumbList\",\"@id\":\"https:\/\/www.naturparkmagazin.de\/sternberger-seenland\/naturparkzentrum-in-der-saison-taeglich-geoeffnet\/#breadcrumb\",\"itemListElement\":[{\"@type\":\"ListItem\",\"position\":1,\"name\":\"Home\",\"item\":\"https:\/\/www.naturparkmagazin.de\/sternberger-seenland\/\"},{\"@type\":\"ListItem\",\"position\":2,\"name\":\"Naturparkzentrum in der Saison t\u00e4glich ge\u00f6ffnet\"}]},{\"@type\":\"WebSite\",\"@id\":\"https:\/\/www.naturparkmagazin.de\/sternberger-seenland\/#website\",\"url\":\"https:\/\/www.naturparkmagazin.de\/sternberger-seenland\/\",\"name\":\"Naturpark Sternberger Seenland\",\"description\":\"\",\"potentialAction\":[{\"@type\":\"SearchAction\",\"target\":{\"@type\":\"EntryPoint\",\"urlTemplate\":\"https:\/\/www.naturparkmagazin.de\/sternberger-seenland\/?s={search_term_string}\"},\"query-input\":\"required name=search_term_string\"}],\"inLanguage\":\"de\"},{\"@type\":\"Person\",\"@id\":\"https:\/\/www.naturparkmagazin.de\/sternberger-seenland\/#\/schema\/person\/712a5f470a8c286777fddf77babba74a\",\"name\":\"janlippke\",\"sameAs\":[\"http:\/\/www.naturpark-sternberger-seenland.de\"],\"url\":\"https:\/\/www.naturparkmagazin.de\/sternberger-seenland\/author\/janlippke\/\"}]}<\/script>\n<!-- \/ Yoast SEO plugin. -->","yoast_head_json":{"title":"Naturparkzentrum in der Saison t\u00e4glich ge\u00f6ffnet - Naturpark Sternberger Seenland","robots":{"index":"index","follow":"follow","max-snippet":"max-snippet:-1","max-image-preview":"max-image-preview:large","max-video-preview":"max-video-preview:-1"},"canonical":"https:\/\/www.naturparkmagazin.de\/sternberger-seenland\/naturparkzentrum-in-der-saison-taeglich-geoeffnet\/","og_locale":"de_DE","og_type":"article","og_title":"Naturparkzentrum in der Saison t\u00e4glich ge\u00f6ffnet - Naturpark Sternberger Seenland","og_description":"Ab dem 01.05.2014 bis zum 30.09.2014 ist das Naturparkzentrum wieder t\u00e4glich von 10 bis 18 Uhr f\u00fcr Sie ge\u00f6ffnet.","og_url":"https:\/\/www.naturparkmagazin.de\/sternberger-seenland\/naturparkzentrum-in-der-saison-taeglich-geoeffnet\/","og_site_name":"Naturpark Sternberger Seenland","article_published_time":"2014-04-17T13:31:42+00:00","article_modified_time":"2014-04-23T17:19:00+00:00","og_image":[{"width":350,"height":233,"url":"https:\/\/www.naturparkmagazin.de\/sternberger-seenland\/wp-content\/uploads\/sites\/30\/Naturparkzentrum.jpg","type":"image\/jpeg"}],"author":"janlippke","twitter_misc":{"Verfasst von":"janlippke"},"schema":{"@context":"https:\/\/schema.org","@graph":[{"@type":"WebPage","@id":"https:\/\/www.naturparkmagazin.de\/sternberger-seenland\/naturparkzentrum-in-der-saison-taeglich-geoeffnet\/","url":"https:\/\/www.naturparkmagazin.de\/sternberger-seenland\/naturparkzentrum-in-der-saison-taeglich-geoeffnet\/","name":"Naturparkzentrum in der Saison t\u00e4glich ge\u00f6ffnet - Naturpark Sternberger Seenland","isPartOf":{"@id":"https:\/\/www.naturparkmagazin.de\/sternberger-seenland\/#website"},"datePublished":"2014-04-17T13:31:42+00:00","dateModified":"2014-04-23T17:19:00+00:00","author":{"@id":"https:\/\/www.naturparkmagazin.de\/sternberger-seenland\/#\/schema\/person\/712a5f470a8c286777fddf77babba74a"},"breadcrumb":{"@id":"https:\/\/www.naturparkmagazin.de\/sternberger-seenland\/naturparkzentrum-in-der-saison-taeglich-geoeffnet\/#breadcrumb"},"inLanguage":"de","potentialAction":[{"@type":"ReadAction","target":["https:\/\/www.naturparkmagazin.de\/sternberger-seenland\/naturparkzentrum-in-der-saison-taeglich-geoeffnet\/"]}]},{"@type":"BreadcrumbList","@id":"https:\/\/www.naturparkmagazin.de\/sternberger-seenland\/naturparkzentrum-in-der-saison-taeglich-geoeffnet\/#breadcrumb","itemListElement":[{"@type":"ListItem","position":1,"name":"Home","item":"https:\/\/www.naturparkmagazin.de\/sternberger-seenland\/"},{"@type":"ListItem","position":2,"name":"Naturparkzentrum in der Saison t\u00e4glich ge\u00f6ffnet"}]},{"@type":"WebSite","@id":"https:\/\/www.naturparkmagazin.de\/sternberger-seenland\/#website","url":"https:\/\/www.naturparkmagazin.de\/sternberger-seenland\/","name":"Naturpark Sternberger Seenland","description":"","potentialAction":[{"@type":"SearchAction","target":{"@type":"EntryPoint","urlTemplate":"https:\/\/www.naturparkmagazin.de\/sternberger-seenland\/?s={search_term_string}"},"query-input":"required name=search_term_string"}],"inLanguage":"de"},{"@type":"Person","@id":"https:\/\/www.naturparkmagazin.de\/sternberger-seenland\/#\/schema\/person\/712a5f470a8c286777fddf77babba74a","name":"janlippke","sameAs":["http:\/\/www.naturpark-sternberger-seenland.de"],"url":"https:\/\/www.naturparkmagazin.de\/sternberger-seenland\/author\/janlippke\/"}]}},"_links":{"self":[{"href":"https:\/\/www.naturparkmagazin.de\/sternberger-seenland\/wp-json\/wp\/v2\/posts\/440"}],"collection":[{"href":"https:\/\/www.naturparkmagazin.de\/sternberger-seenland\/wp-json\/wp\/v2\/posts"}],"about":[{"href":"https:\/\/www.naturparkmagazin.de\/sternberger-seenland\/wp-json\/wp\/v2\/types\/post"}],"author":[{"embeddable":true,"href":"https:\/\/www.naturparkmagazin.de\/sternberger-seenland\/wp-json\/wp\/v2\/users\/27"}],"replies":[{"embeddable":true,"href":"https:\/\/www.naturparkmagazin.de\/sternberger-seenland\/wp-json\/wp\/v2\/comments?post=440"}],"version-history":[{"count":2,"href":"https:\/\/www.naturparkmagazin.de\/sternberger-seenland\/wp-json\/wp\/v2\/posts\/440\/revisions"}],"predecessor-version":[{"id":457,"href":"https:\/\/www.naturparkmagazin.de\/sternberger-seenland\/wp-json\/wp\/v2\/posts\/440\/revisions\/457"}],"wp:featuredmedia":[{"embeddable":true,"href":"https:\/\/www.naturparkmagazin.de\/sternberger-seenland\/wp-json\/wp\/v2\/media\/291"}],"wp:attachment":[{"href":"https:\/\/www.naturparkmagazin.de\/sternberger-seenland\/wp-json\/wp\/v2\/media?parent=440"}],"wp:term":[{"taxonomy":"category","embeddable":true,"href":"https:\/\/www.naturparkmagazin.de\/sternberger-seenland\/wp-json\/wp\/v2\/categories?post=440"},{"taxonomy":"post_tag","embeddable":true,"href":"https:\/\/www.naturparkmagazin.de\/sternberger-seenland\/wp-json\/wp\/v2\/tags?post=440"}],"curies":[{"name":"wp","href":"https:\/\/api.w.org\/{rel}","templated":true}]}}