{"id":442,"date":"2014-04-17T15:32:38","date_gmt":"2014-04-17T13:32:38","guid":{"rendered":"http:\/\/www.naturparkmagazin.de\/sternberger-seenland\/?p=442"},"modified":"2014-04-23T19:18:52","modified_gmt":"2014-04-23T17:18:52","slug":"lenzener-pflanz-und-topftag","status":"publish","type":"post","link":"https:\/\/www.naturparkmagazin.de\/sternberger-seenland\/lenzener-pflanz-und-topftag\/","title":{"rendered":"Lenzener Pflanz- und Topftag"},"content":{"rendered":"<p>Am 01. Mai findet wieder der Lenzener Pflanz- und Topftag in Lenzen (bei Sternberg) statt. Die Veranstaltung geht von 10 bis 18 Uhr. Es gibt wieder ein buntes Markttreiben mit verschiedenen Attraktionen. Der Naturpark Sternberger Seenland ist mit seinem Infostand vertreten, an dem die Kinder Nistk\u00e4sten zusammenbauen k\u00f6nnen oder ein kleines Wissensquiz l\u00f6sen k\u00f6nnen. Nat\u00fcrlich gibt es f\u00fcr die Gro\u00dfen auch jede Menge Infos \u00fcber den Naturpark. Geplant ist auch eine Wanderung zum Lenzener See unter F\u00fchrung der Naturparkrangerin Birgit Erlebach.<\/p>\n<div id=\"attachment_443\" style=\"width: 510px\" class=\"wp-caption alignnone\"><a href=\"https:\/\/www.naturparkmagazin.de\/sternberger-seenland\/wp-content\/uploads\/sites\/30\/Infostand.jpg\"><img aria-describedby=\"caption-attachment-443\" decoding=\"async\" loading=\"lazy\" class=\"size-full wp-image-443\" alt=\"Infostand des Naturparks           Copyright: Naturpark Sternberger Seenland\" src=\"https:\/\/www.naturparkmagazin.de\/sternberger-seenland\/wp-content\/uploads\/sites\/30\/Infostand.jpg\" width=\"500\" height=\"300\" srcset=\"https:\/\/www.naturparkmagazin.de\/sternberger-seenland\/wp-content\/uploads\/sites\/30\/Infostand.jpg 500w, https:\/\/www.naturparkmagazin.de\/sternberger-seenland\/wp-content\/uploads\/sites\/30\/Infostand-300x180.jpg 300w, https:\/\/www.naturparkmagazin.de\/sternberger-seenland\/wp-content\/uploads\/sites\/30\/Infostand-200x120.jpg 200w\" sizes=\"(max-width: 500px) 100vw, 500px\" \/><\/a><p id=\"caption-attachment-443\" class=\"wp-caption-text\">Infostand des Naturparks\u00a0\u00a0\u00a0\u00a0\u00a0\u00a0\u00a0\u00a0\u00a0\u00a0\u00a0\u00a0\u00a0\u00a0\u00a0\u00a0\u00a0\u00a0\u00a0\u00a0\u00a0\u00a0\u00a0\u00a0 \u00a0Copyright: Naturpark Sternberger Seenland<\/p><\/div>\n","protected":false},"excerpt":{"rendered":"<p>Am 01. Mai findet wieder der Lenzener Pflanz- und Topftag in Lenzen (bei Sternberg) statt. Die Veranstaltung geht von 10 bis 18 Uhr. Es gibt wieder ein buntes Markttreiben mit verschiedenen Attraktionen. Der Naturpark Sternberger Seenland ist mit seinem Infostand vertreten, an dem die Kinder Nistk\u00e4sten zusammenbauen k\u00f6nnen oder ein kleines Wissensquiz l\u00f6sen k\u00f6nnen. Nat\u00fcrlich<\/p>\n","protected":false},"author":27,"featured_media":444,"comment_status":"open","ping_status":"open","sticky":false,"template":"","format":"standard","meta":[],"categories":[11],"tags":[],"yoast_head":"<!-- This site is optimized with the Yoast SEO plugin v19.10 - https:\/\/yoast.com\/wordpress\/plugins\/seo\/ -->\n<title>Lenzener Pflanz- und Topftag - Naturpark Sternberger Seenland<\/title>\n<meta name=\"robots\" content=\"index, follow, max-snippet:-1, max-image-preview:large, max-video-preview:-1\" \/>\n<link rel=\"canonical\" href=\"https:\/\/www.naturparkmagazin.de\/sternberger-seenland\/lenzener-pflanz-und-topftag\/\" \/>\n<meta property=\"og:locale\" content=\"de_DE\" \/>\n<meta property=\"og:type\" content=\"article\" \/>\n<meta property=\"og:title\" content=\"Lenzener Pflanz- und Topftag - Naturpark Sternberger Seenland\" \/>\n<meta property=\"og:description\" content=\"Am 01. Mai findet wieder der Lenzener Pflanz- und Topftag in Lenzen (bei Sternberg) statt. Die Veranstaltung geht von 10 bis 18 Uhr. Es gibt wieder ein buntes Markttreiben mit verschiedenen Attraktionen. Der Naturpark Sternberger Seenland ist mit seinem Infostand vertreten, an dem die Kinder Nistk\u00e4sten zusammenbauen k\u00f6nnen oder ein kleines Wissensquiz l\u00f6sen k\u00f6nnen. Nat\u00fcrlich\" \/>\n<meta property=\"og:url\" content=\"https:\/\/www.naturparkmagazin.de\/sternberger-seenland\/lenzener-pflanz-und-topftag\/\" \/>\n<meta property=\"og:site_name\" content=\"Naturpark Sternberger Seenland\" \/>\n<meta property=\"article:published_time\" content=\"2014-04-17T13:32:38+00:00\" \/>\n<meta property=\"article:modified_time\" content=\"2014-04-23T17:18:52+00:00\" \/>\n<meta property=\"og:image\" content=\"https:\/\/www.naturparkmagazin.de\/sternberger-seenland\/wp-content\/uploads\/sites\/30\/L\u00f6wenzahnwiese.jpg\" \/>\n\t<meta property=\"og:image:width\" content=\"500\" \/>\n\t<meta property=\"og:image:height\" content=\"300\" \/>\n\t<meta property=\"og:image:type\" content=\"image\/jpeg\" \/>\n<meta name=\"author\" content=\"janlippke\" \/>\n<meta name=\"twitter:label1\" content=\"Verfasst von\" \/>\n\t<meta name=\"twitter:data1\" content=\"janlippke\" \/>\n\t<meta name=\"twitter:label2\" content=\"Gesch\u00e4tzte Lesezeit\" \/>\n\t<meta name=\"twitter:data2\" content=\"1\u00a0Minute\" \/>\n<script type=\"application\/ld+json\" class=\"yoast-schema-graph\">{\"@context\":\"https:\/\/schema.org\",\"@graph\":[{\"@type\":\"WebPage\",\"@id\":\"https:\/\/www.naturparkmagazin.de\/sternberger-seenland\/lenzener-pflanz-und-topftag\/\",\"url\":\"https:\/\/www.naturparkmagazin.de\/sternberger-seenland\/lenzener-pflanz-und-topftag\/\",\"name\":\"Lenzener Pflanz- und Topftag - Naturpark Sternberger Seenland\",\"isPartOf\":{\"@id\":\"https:\/\/www.naturparkmagazin.de\/sternberger-seenland\/#website\"},\"datePublished\":\"2014-04-17T13:32:38+00:00\",\"dateModified\":\"2014-04-23T17:18:52+00:00\",\"author\":{\"@id\":\"https:\/\/www.naturparkmagazin.de\/sternberger-seenland\/#\/schema\/person\/712a5f470a8c286777fddf77babba74a\"},\"breadcrumb\":{\"@id\":\"https:\/\/www.naturparkmagazin.de\/sternberger-seenland\/lenzener-pflanz-und-topftag\/#breadcrumb\"},\"inLanguage\":\"de\",\"potentialAction\":[{\"@type\":\"ReadAction\",\"target\":[\"https:\/\/www.naturparkmagazin.de\/sternberger-seenland\/lenzener-pflanz-und-topftag\/\"]}]},{\"@type\":\"BreadcrumbList\",\"@id\":\"https:\/\/www.naturparkmagazin.de\/sternberger-seenland\/lenzener-pflanz-und-topftag\/#breadcrumb\",\"itemListElement\":[{\"@type\":\"ListItem\",\"position\":1,\"name\":\"Home\",\"item\":\"https:\/\/www.naturparkmagazin.de\/sternberger-seenland\/\"},{\"@type\":\"ListItem\",\"position\":2,\"name\":\"Lenzener Pflanz- und Topftag\"}]},{\"@type\":\"WebSite\",\"@id\":\"https:\/\/www.naturparkmagazin.de\/sternberger-seenland\/#website\",\"url\":\"https:\/\/www.naturparkmagazin.de\/sternberger-seenland\/\",\"name\":\"Naturpark Sternberger Seenland\",\"description\":\"\",\"potentialAction\":[{\"@type\":\"SearchAction\",\"target\":{\"@type\":\"EntryPoint\",\"urlTemplate\":\"https:\/\/www.naturparkmagazin.de\/sternberger-seenland\/?s={search_term_string}\"},\"query-input\":\"required name=search_term_string\"}],\"inLanguage\":\"de\"},{\"@type\":\"Person\",\"@id\":\"https:\/\/www.naturparkmagazin.de\/sternberger-seenland\/#\/schema\/person\/712a5f470a8c286777fddf77babba74a\",\"name\":\"janlippke\",\"sameAs\":[\"http:\/\/www.naturpark-sternberger-seenland.de\"],\"url\":\"https:\/\/www.naturparkmagazin.de\/sternberger-seenland\/author\/janlippke\/\"}]}<\/script>\n<!-- \/ Yoast SEO plugin. -->","yoast_head_json":{"title":"Lenzener Pflanz- und Topftag - Naturpark Sternberger Seenland","robots":{"index":"index","follow":"follow","max-snippet":"max-snippet:-1","max-image-preview":"max-image-preview:large","max-video-preview":"max-video-preview:-1"},"canonical":"https:\/\/www.naturparkmagazin.de\/sternberger-seenland\/lenzener-pflanz-und-topftag\/","og_locale":"de_DE","og_type":"article","og_title":"Lenzener Pflanz- und Topftag - Naturpark Sternberger Seenland","og_description":"Am 01. Mai findet wieder der Lenzener Pflanz- und Topftag in Lenzen (bei Sternberg) statt. Die Veranstaltung geht von 10 bis 18 Uhr. Es gibt wieder ein buntes Markttreiben mit verschiedenen Attraktionen. Der Naturpark Sternberger Seenland ist mit seinem Infostand vertreten, an dem die Kinder Nistk\u00e4sten zusammenbauen k\u00f6nnen oder ein kleines Wissensquiz l\u00f6sen k\u00f6nnen. Nat\u00fcrlich","og_url":"https:\/\/www.naturparkmagazin.de\/sternberger-seenland\/lenzener-pflanz-und-topftag\/","og_site_name":"Naturpark Sternberger Seenland","article_published_time":"2014-04-17T13:32:38+00:00","article_modified_time":"2014-04-23T17:18:52+00:00","og_image":[{"width":500,"height":300,"url":"https:\/\/www.naturparkmagazin.de\/sternberger-seenland\/wp-content\/uploads\/sites\/30\/L\u00f6wenzahnwiese.jpg","type":"image\/jpeg"}],"author":"janlippke","twitter_misc":{"Verfasst von":"janlippke","Gesch\u00e4tzte Lesezeit":"1\u00a0Minute"},"schema":{"@context":"https:\/\/schema.org","@graph":[{"@type":"WebPage","@id":"https:\/\/www.naturparkmagazin.de\/sternberger-seenland\/lenzener-pflanz-und-topftag\/","url":"https:\/\/www.naturparkmagazin.de\/sternberger-seenland\/lenzener-pflanz-und-topftag\/","name":"Lenzener Pflanz- und Topftag - Naturpark Sternberger Seenland","isPartOf":{"@id":"https:\/\/www.naturparkmagazin.de\/sternberger-seenland\/#website"},"datePublished":"2014-04-17T13:32:38+00:00","dateModified":"2014-04-23T17:18:52+00:00","author":{"@id":"https:\/\/www.naturparkmagazin.de\/sternberger-seenland\/#\/schema\/person\/712a5f470a8c286777fddf77babba74a"},"breadcrumb":{"@id":"https:\/\/www.naturparkmagazin.de\/sternberger-seenland\/lenzener-pflanz-und-topftag\/#breadcrumb"},"inLanguage":"de","potentialAction":[{"@type":"ReadAction","target":["https:\/\/www.naturparkmagazin.de\/sternberger-seenland\/lenzener-pflanz-und-topftag\/"]}]},{"@type":"BreadcrumbList","@id":"https:\/\/www.naturparkmagazin.de\/sternberger-seenland\/lenzener-pflanz-und-topftag\/#breadcrumb","itemListElement":[{"@type":"ListItem","position":1,"name":"Home","item":"https:\/\/www.naturparkmagazin.de\/sternberger-seenland\/"},{"@type":"ListItem","position":2,"name":"Lenzener Pflanz- und Topftag"}]},{"@type":"WebSite","@id":"https:\/\/www.naturparkmagazin.de\/sternberger-seenland\/#website","url":"https:\/\/www.naturparkmagazin.de\/sternberger-seenland\/","name":"Naturpark Sternberger Seenland","description":"","potentialAction":[{"@type":"SearchAction","target":{"@type":"EntryPoint","urlTemplate":"https:\/\/www.naturparkmagazin.de\/sternberger-seenland\/?s={search_term_string}"},"query-input":"required name=search_term_string"}],"inLanguage":"de"},{"@type":"Person","@id":"https:\/\/www.naturparkmagazin.de\/sternberger-seenland\/#\/schema\/person\/712a5f470a8c286777fddf77babba74a","name":"janlippke","sameAs":["http:\/\/www.naturpark-sternberger-seenland.de"],"url":"https:\/\/www.naturparkmagazin.de\/sternberger-seenland\/author\/janlippke\/"}]}},"_links":{"self":[{"href":"https:\/\/www.naturparkmagazin.de\/sternberger-seenland\/wp-json\/wp\/v2\/posts\/442"}],"collection":[{"href":"https:\/\/www.naturparkmagazin.de\/sternberger-seenland\/wp-json\/wp\/v2\/posts"}],"about":[{"href":"https:\/\/www.naturparkmagazin.de\/sternberger-seenland\/wp-json\/wp\/v2\/types\/post"}],"author":[{"embeddable":true,"href":"https:\/\/www.naturparkmagazin.de\/sternberger-seenland\/wp-json\/wp\/v2\/users\/27"}],"replies":[{"embeddable":true,"href":"https:\/\/www.naturparkmagazin.de\/sternberger-seenland\/wp-json\/wp\/v2\/comments?post=442"}],"version-history":[{"count":1,"href":"https:\/\/www.naturparkmagazin.de\/sternberger-seenland\/wp-json\/wp\/v2\/posts\/442\/revisions"}],"predecessor-version":[{"id":445,"href":"https:\/\/www.naturparkmagazin.de\/sternberger-seenland\/wp-json\/wp\/v2\/posts\/442\/revisions\/445"}],"wp:featuredmedia":[{"embeddable":true,"href":"https:\/\/www.naturparkmagazin.de\/sternberger-seenland\/wp-json\/wp\/v2\/media\/444"}],"wp:attachment":[{"href":"https:\/\/www.naturparkmagazin.de\/sternberger-seenland\/wp-json\/wp\/v2\/media?parent=442"}],"wp:term":[{"taxonomy":"category","embeddable":true,"href":"https:\/\/www.naturparkmagazin.de\/sternberger-seenland\/wp-json\/wp\/v2\/categories?post=442"},{"taxonomy":"post_tag","embeddable":true,"href":"https:\/\/www.naturparkmagazin.de\/sternberger-seenland\/wp-json\/wp\/v2\/tags?post=442"}],"curies":[{"name":"wp","href":"https:\/\/api.w.org\/{rel}","templated":true}]}}